{"id":302936,"date":"2025-08-07T14:24:10","date_gmt":"2025-08-07T14:24:10","guid":{"rendered":"https:\/\/www.europesays.com\/fr\/302936\/"},"modified":"2025-08-07T14:24:10","modified_gmt":"2025-08-07T14:24:10","slug":"a-la-valette-entre-bilan-de-la-delinquance-et-annonce-de-nouveaux-projets-pour-renforcer-la-securite","status":"publish","type":"post","link":"https:\/\/www.europesays.com\/fr\/302936\/","title":{"rendered":"\u00c0 La Valette, entre bilan de la d\u00e9linquance et annonce de nouveaux projets pour renforcer la s\u00e9curit\u00e9"},"content":{"rendered":"<p data-start=\"59\" data-end=\"1027\"><strong>Le Conseil Local de s\u00e9curit\u00e9 et de pr\u00e9vention de la d\u00e9linquance et de la radicalisation (CLSPDR)<\/strong> s\u2019est r\u00e9uni en assembl\u00e9e pl\u00e9ni\u00e8re \u00e0 <strong>La Valette-du-Var<\/strong>. L\u2019occasion pour les autorit\u00e9s locales et les partenaires institutionnels de dresser le bilan de l\u2019ann\u00e9e \u00e9coul\u00e9e et de tracer les grandes lignes de l\u2019action \u00e0 venir.<\/p>\n<p data-start=\"59\" data-end=\"1027\">En amont de cette rencontre, le maire <strong>Thierry Albertini<\/strong> a re\u00e7u le nouveau pr\u00e9fet du Var, <strong>Simon Babre<\/strong>, pour un moment d\u2019\u00e9change en toute convivialit\u00e9. Un pr\u00e9lude protocolaire \u00e0 une r\u00e9union de fond, marqu\u00e9e par l\u2019affirmation d\u2019une volont\u00e9 commune de renforcer la coop\u00e9ration entre les diff\u00e9rents acteurs de terrain.<\/p>\n<p data-start=\"59\" data-end=\"1027\">Autour de la table: repr\u00e9sentants de l\u2019\u00c9tat, de la Justice, de l\u2019\u00c9ducation nationale, du D\u00e9partement, de la M\u00e9tropole, de la police nationale et municipale, mais aussi du tissu associatif. Ensemble, ils ont valid\u00e9 le r\u00e8glement int\u00e9rieur du CLSPDR et partag\u00e9 les enseignements du dispositif mis en place depuis sa cr\u00e9ation en 2023.<\/p>\n<p data-start=\"1029\" data-end=\"1525\"><strong data-start=\"1029\" data-end=\"1046\">Le bilan 2024<\/strong><\/p>\n<p data-start=\"1029\" data-end=\"1525\"><strong>Le bilan 2024<\/strong> a mis en lumi\u00e8re la diversit\u00e9 des actions men\u00e9es: op\u00e9rations anti-rod\u00e9o urbain et contre les nuisances, d\u00e9veloppement de la vid\u00e9oprotection, partenariats \u00e9ducatifs avec la Ligue varoise de pr\u00e9vention, ateliers de parentalit\u00e9, conseil municipal des enfants, ou encore animations interg\u00e9n\u00e9rationnelles. La mobilisation du service jeunesse et des associations a permis de toucher un public large, notamment les adolescents expos\u00e9s \u00e0 plusieurs facteurs de risque.<\/p>\n<p data-start=\"1527\" data-end=\"2173\"><strong data-start=\"1527\" data-end=\"1548\">Quelques chiffres<\/strong><\/p>\n<p data-start=\"1527\" data-end=\"2173\">Au total <strong>304 jeunes ont \u00e9t\u00e9 accompagn\u00e9s<\/strong>, dont 75% ont entre 11 et 17 ans, et pr\u00e8s de 95% cumulent au moins quatre situations \u00e0 risque. Le centre-ville et le sud de la commune concentrent les besoins les plus pressants.<\/p>\n<p data-start=\"1527\" data-end=\"2173\">Le service de la police municipale, quant \u00e0 lui, a dress\u00e9 <strong>3.790 proc\u00e8s-verbaux \u00e9lectroniques<\/strong> pour des infractions au Code de la route et r\u00e9alis\u00e9 122 op\u00e9rations \u00ab\u00a0Tranquillit\u00e9 vacances\u00a0\u00bb, entre autres actions. Des arr\u00eat\u00e9s sp\u00e9cifiques ont aussi \u00e9t\u00e9 pris pour faire face \u00e0 des probl\u00e9matiques locales: anti-mendicit\u00e9, lutte contre l\u2019ivresse aux abords des \u00e9coles, ou encadrement des regroupements festifs.<\/p>\n<p data-start=\"2175\" data-end=\"2616\"><strong data-start=\"2175\" data-end=\"2205\">Les perspectives pour 2025<\/strong><\/p>\n<p data-start=\"2175\" data-end=\"2616\">En 2025, les efforts se poursuivent. Les perspectives incluent de nouveaux projets \u00e9ducatifs, un renforcement de l\u2019accompagnement des familles, une action accrue contre les violences faites aux femmes, et la cr\u00e9ation d\u2019une strat\u00e9gie territoriale structur\u00e9e autour d\u2019un diagnostic partag\u00e9.<\/p>\n<p data-start=\"2175\" data-end=\"2616\">Un cap est fix\u00e9: <strong>faire de la pr\u00e9vention une politique transversale et lisible, \u00e0 l\u2019\u00e9chelle du quotidien valettois.<\/strong><\/p>\n","protected":false},"excerpt":{"rendered":"Le Conseil Local de s\u00e9curit\u00e9 et de pr\u00e9vention de la d\u00e9linquance et de la radicalisation (CLSPDR) s\u2019est r\u00e9uni&hellip;\n","protected":false},"author":2,"featured_media":302937,"comment_status":"","ping_status":"","sticky":false,"template":"","format":"standard","meta":{"footnotes":""},"categories":[9619],"tags":[1111,11,1777,674,1011,27,12,316,882,25,2310],"class_list":{"0":"post-302936","1":"post","2":"type-post","3":"status-publish","4":"format-standard","5":"has-post-thumbnail","7":"category-toulon","8":"tag-actu","9":"tag-actualites","10":"tag-eu","11":"tag-europe","12":"tag-fr","13":"tag-france","14":"tag-news","15":"tag-politique","16":"tag-provence-alpes-cote-dazur","17":"tag-republique-francaise","18":"tag-toulon"},"share_on_mastodon":{"url":"https:\/\/pubeurope.com\/@fr\/114987942728674469","error":""},"_links":{"self":[{"href":"https:\/\/www.europesays.com\/fr\/wp-json\/wp\/v2\/posts\/302936","targetHints":{"allow":["GET"]}}],"collection":[{"href":"https:\/\/www.europesays.com\/fr\/wp-json\/wp\/v2\/posts"}],"about":[{"href":"https:\/\/www.europesays.com\/fr\/wp-json\/wp\/v2\/types\/post"}],"author":[{"embeddable":true,"href":"https:\/\/www.europesays.com\/fr\/wp-json\/wp\/v2\/users\/2"}],"replies":[{"embeddable":true,"href":"https:\/\/www.europesays.com\/fr\/wp-json\/wp\/v2\/comments?post=302936"}],"version-history":[{"count":0,"href":"https:\/\/www.europesays.com\/fr\/wp-json\/wp\/v2\/posts\/302936\/revisions"}],"wp:featuredmedia":[{"embeddable":true,"href":"https:\/\/www.europesays.com\/fr\/wp-json\/wp\/v2\/media\/302937"}],"wp:attachment":[{"href":"https:\/\/www.europesays.com\/fr\/wp-json\/wp\/v2\/media?parent=302936"}],"wp:term":[{"taxonomy":"category","embeddable":true,"href":"https:\/\/www.europesays.com\/fr\/wp-json\/wp\/v2\/categories?post=302936"},{"taxonomy":"post_tag","embeddable":true,"href":"https:\/\/www.europesays.com\/fr\/wp-json\/wp\/v2\/tags?post=302936"}],"curies":[{"name":"wp","href":"https:\/\/api.w.org\/{rel}","templated":true}]}}