{"id":302938,"date":"2025-08-07T14:25:10","date_gmt":"2025-08-07T14:25:10","guid":{"rendered":"https:\/\/www.europesays.com\/fr\/302938\/"},"modified":"2025-08-07T14:25:10","modified_gmt":"2025-08-07T14:25:10","slug":"ces-bruits-sont-indispensables-pour-la-securite-dans-cette-ecole-de-toulon-les-travaux-avancent-malgre-les-nuisances","status":"publish","type":"post","link":"https:\/\/www.europesays.com\/fr\/302938\/","title":{"rendered":"\u00ab\u00a0Ces bruits sont indispensables pour la s\u00e9curit\u00e9\u00a0\u00bb: dans cette \u00e9cole de Toulon, les travaux avancent malgr\u00e9 les nuisances"},"content":{"rendered":"<p data-start=\"141\" data-end=\"355\">Comme chaque \u00e9t\u00e9, la Ville profite des vacances scolaires pour lancer des travaux de r\u00e9novation des infrastructures scolaires. \u00c0 <strong>l\u2019Aguillon<\/strong>, c\u2019est le cas de l\u2019\u00e9cole maternelle, o\u00f9 plusieurs chantiers sont en cours.<\/p>\n<p data-start=\"141\" data-end=\"355\">Depuis quelques semaines, un important &#8211; et bruyant &#8211; chantier se d\u00e9roule aux abords de l\u2019\u00e9tablissement. \u00ab\u00a0Nous proc\u00e9dons au renforcement d\u2019un mur de sout\u00e8nement, situ\u00e9 dans la rue longeant l\u2019\u00e9cole\u00a0\u00bb, explique Erick Mascaro, adjoint aux travaux communaux. Ce mur, qui soutient un escalier emprunt\u00e9 quotidiennement par des dizaines de parents et enfants, montrait \u00ab\u00a0des signes de faiblesse. Sa consolidation a donc \u00e9t\u00e9 jug\u00e9e prioritaire pour des raisons de s\u00e9curit\u00e9\u00a0\u00bb, assure l\u2019\u00e9lu.<\/p>\n<p data-start=\"871\" data-end=\"918\"><strong data-start=\"871\" data-end=\"918\">Des plaintes&#8230; mais un chantier n\u00e9cessaire<\/strong><\/p>\n<p data-start=\"920\" data-end=\"1237\">Ces travaux engendrent certaines nuisances pour les riverains. \u00ab\u00a0Depuis des semaines, les bruits de l\u2019appareil de forage emp\u00eachent tout repos\u00a0\u00bb, d\u00e9plore un habitant du quartier. \u00ab\u00a0C\u2019est assez \u00e9puisant. Nous en avons \u00e9t\u00e9 inform\u00e9s en amont, mais je ne pensais pas que \u00e7a durerait si longtemps&#8230;\u00a0\u00bb, rench\u00e9rit une autre.<\/p>\n<p data-start=\"1239\" data-end=\"1509\">Des plaintes que la mairie comprend. \u00ab\u00a0Nous faisons le maximum pour limiter les d\u00e9sagr\u00e9ments\u00a0\u00bb, insiste Erick Mascaro. \u00ab\u00a0Les travaux sont r\u00e9alis\u00e9s uniquement entre 8h et 17h. Il faut aussi comprendre que ces travaux sont indispensables, malgr\u00e9 les nuisances sonores&#8230;\u00a0\u00bb<\/p>\n<p data-start=\"1511\" data-end=\"1640\">Mais que les riverains se rassurent: le chantier touche \u00e0 sa fin. Plus que quelques jours avant que les engins ne plient bagage. En parall\u00e8le, d\u2019autres travaux d\u2019am\u00e9lioration sont en cours \u00e0 l\u2019int\u00e9rieur de l\u2019\u00e9cole. \u00ab\u00a0L\u2019ensemble des sanitaires a \u00e9t\u00e9 enti\u00e8rement refait \u00e0 neuf, et le portail de l\u2019\u00e9cole sera repeint avant la rentr\u00e9e scolaire\u00a0\u00bb, conclut l\u2019adjoint.<\/p>\n","protected":false},"excerpt":{"rendered":"Comme chaque \u00e9t\u00e9, la Ville profite des vacances scolaires pour lancer des travaux de r\u00e9novation des infrastructures scolaires.&hellip;\n","protected":false},"author":2,"featured_media":302939,"comment_status":"","ping_status":"","sticky":false,"template":"","format":"standard","meta":{"footnotes":""},"categories":[9619],"tags":[1111,11,1777,674,1011,27,12,882,25,2310,3366],"class_list":{"0":"post-302938","1":"post","2":"type-post","3":"status-publish","4":"format-standard","5":"has-post-thumbnail","7":"category-toulon","8":"tag-actu","9":"tag-actualites","10":"tag-eu","11":"tag-europe","12":"tag-fr","13":"tag-france","14":"tag-news","15":"tag-provence-alpes-cote-dazur","16":"tag-republique-francaise","17":"tag-toulon","18":"tag-vie-locale"},"share_on_mastodon":{"url":"https:\/\/pubeurope.com\/@fr\/114987946704751825","error":""},"_links":{"self":[{"href":"https:\/\/www.europesays.com\/fr\/wp-json\/wp\/v2\/posts\/302938","targetHints":{"allow":["GET"]}}],"collection":[{"href":"https:\/\/www.europesays.com\/fr\/wp-json\/wp\/v2\/posts"}],"about":[{"href":"https:\/\/www.europesays.com\/fr\/wp-json\/wp\/v2\/types\/post"}],"author":[{"embeddable":true,"href":"https:\/\/www.europesays.com\/fr\/wp-json\/wp\/v2\/users\/2"}],"replies":[{"embeddable":true,"href":"https:\/\/www.europesays.com\/fr\/wp-json\/wp\/v2\/comments?post=302938"}],"version-history":[{"count":0,"href":"https:\/\/www.europesays.com\/fr\/wp-json\/wp\/v2\/posts\/302938\/revisions"}],"wp:featuredmedia":[{"embeddable":true,"href":"https:\/\/www.europesays.com\/fr\/wp-json\/wp\/v2\/media\/302939"}],"wp:attachment":[{"href":"https:\/\/www.europesays.com\/fr\/wp-json\/wp\/v2\/media?parent=302938"}],"wp:term":[{"taxonomy":"category","embeddable":true,"href":"https:\/\/www.europesays.com\/fr\/wp-json\/wp\/v2\/categories?post=302938"},{"taxonomy":"post_tag","embeddable":true,"href":"https:\/\/www.europesays.com\/fr\/wp-json\/wp\/v2\/tags?post=302938"}],"curies":[{"name":"wp","href":"https:\/\/api.w.org\/{rel}","templated":true}]}}