{"id":302947,"date":"2025-08-07T14:31:12","date_gmt":"2025-08-07T14:31:12","guid":{"rendered":"https:\/\/www.europesays.com\/fr\/302947\/"},"modified":"2025-08-07T14:31:12","modified_gmt":"2025-08-07T14:31:12","slug":"equipe-de-france-feminine-trois-grenobloises-titulaires-pour-affronter-langleterre-en-test-match","status":"publish","type":"post","link":"https:\/\/www.europesays.com\/fr\/302947\/","title":{"rendered":"\u00c9quipe de France f\u00e9minine. Trois Grenobloises titulaires pour affronter l\u2019Angleterre en test-match"},"content":{"rendered":"<p>Un Crunch pour se mettre en app\u00e9tit. Ce samedi, les Bleues de l\u2019\u00e9quipe de France affrontent l\u2019\u00e9quipe d\u2019Angleterre au stade Guy-Boniface (21h10) pour le seul match de pr\u00e9paration <a href=\"https:\/\/www.ledauphine.com\/sport\/2025\/08\/02\/les-bleues-avec-quatre-amazones-du-fcg-et-une-savoyarde-mais-sans-emeline-gros\" target=\"_blank\" rel=\"nofollow noopener\"> avant la Coupe du monde de rugby (22\u00a0ao\u00fbt \u2013 7\u00a0septembre) qui se d\u00e9roulera<\/a> \u2026 chez les Anglaises. Pour cette rencontre, les s\u00e9lectionneurs Ga\u00eblle Mignot et David Ortiz ont d\u00e9cid\u00e9 de titulariser trois joueuses du FCG dans le XV de d\u00e9part.<\/p>\n<p>  Mana\u00e9 Feleu co-capitaine, T\u00e9ani Feleu titulaire<\/p>\n<p>Sans surprise, la deuxi\u00e8me ligne et co-capitaine de l\u2019\u00e9quipe de France Mana\u00e9 Feleu sera align\u00e9e pour cette rencontre au poste de num\u00e9ro\u00a04. La Grenobloise va honorer sa 27e s\u00e9lection avec les Bleues, \u00e0 25 ans. L\u2019autre co-capitaine sera Marine M\u00e9nager, qui \u00e9volue au centre.<\/p>\n<p>Parmi les autres Grenobloises dans le XV de d\u00e9part, on retrouve L\u00e9a Champon (8 s\u00e9lections) au poste de troisi\u00e8me ligne aile et de la s\u0153ur cadette de Mana\u00e9 Feleu, <a href=\"https:\/\/www.ledauphine.com\/sport\/2025\/03\/23\/j-espere-pouvoir-faire-mieux-la-grenobloise-teani-feleu-ne-veut-pas-se-contenter-de-son-tres-bon-match-en-irlande\" target=\"_blank\" rel=\"nofollow noopener\">T\u00e9ani,<\/a> au poste de troisi\u00e8me ligne centre. \u00c0 seulement 22 ans, la rugbywoman, originaire de l\u2019\u00eele de Futuna en Polyn\u00e9sie fran\u00e7aise, va honorer sa 13e s\u00e9lection avec l\u2019\u00e9quipe de France.<\/p>\n<p>L\u2019ancienne joueuse du FCG Amazones, Alexandra Chambon, est \u00e9galement titulaire \u00e0 la charni\u00e8re, au poste de demi-de-m\u00eal\u00e9e. La Savoyarde d\u2019origine a quitt\u00e9 l\u2019Is\u00e8re \u00e0 l\u2019intersaison pour rejoindre l\u2019ASM Romagnat, l\u2019\u00e9quipe de Clermont-Ferrand.<\/p>\n<p>Sur le banc de touche, on retrouve encore deux \u00e9l\u00e9ments du FCG Amazones. Il s\u2019agit de la talonneuse \u00c9lisa Riffoneau (21 ans, 16 s\u00e9lections) et de Ta\u00efna Maka, qui peut \u00e9voluer au poste de deuxi\u00e8me ligne et de troisi\u00e8me ligne. \u00c0 20 ans, n\u2019a connu pour le moment qu\u2019une seule s\u00e9lection avec les Bleues.<\/p>\n<p class=\"insetTitle\">Le XV de d\u00e9part<\/p>\n<p>15. Bourgeois (Bordeaux)\u00a0; 14.Grisez (Bordeaux), 13.Menager (cocap.) (Montpellier), 12.Neisen (Blagnac), 11.Arbey (Toulouse)\u00a0; 10.Arbez (Bordeaux), 9.Chambon (Clermont-Romagnat)\u00a0; 7.Champon (Grenoble), 8.T. Feleu (Grenoble), 6.Escudero (Toulouse)\u00a0; 5.Fall Raclot (Bordeaux), 4.M. Feleu (cocap.) (Grenoble)\u00a0; 3. Bernadou (Montpellier), 2.Bigot (Blagnac), 1. Deshaye (Bordeaux).<\/p>\n","protected":false},"excerpt":{"rendered":"Un Crunch pour se mettre en app\u00e9tit. Ce samedi, les Bleues de l\u2019\u00e9quipe de France affrontent l\u2019\u00e9quipe d\u2019Angleterre&hellip;\n","protected":false},"author":2,"featured_media":302948,"comment_status":"","ping_status":"","sticky":false,"template":"","format":"standard","meta":{"footnotes":""},"categories":[9566],"tags":[1111,11,2430,112,1777,674,2727,1701,1011,27,2731,2732,108,12,25,479,517,1947],"class_list":{"0":"post-302947","1":"post","2":"type-post","3":"status-publish","4":"format-standard","5":"has-post-thumbnail","7":"category-grenoble","8":"tag-actu","9":"tag-actualites","10":"tag-auvergne-rhone-alpes","11":"tag-edition-grenoble-agglomeration","12":"tag-eu","13":"tag-europe","14":"tag-fcg-fc-grenoble-rugby","15":"tag-fil-info-sport","16":"tag-fr","17":"tag-france","18":"tag-grenoble","19":"tag-grenoble-bassin","20":"tag-isere","21":"tag-news","22":"tag-republique-francaise","23":"tag-rugby","24":"tag-sport","25":"tag-sport-national"},"share_on_mastodon":{"url":"https:\/\/pubeurope.com\/@fr\/114987970302378842","error":""},"_links":{"self":[{"href":"https:\/\/www.europesays.com\/fr\/wp-json\/wp\/v2\/posts\/302947","targetHints":{"allow":["GET"]}}],"collection":[{"href":"https:\/\/www.europesays.com\/fr\/wp-json\/wp\/v2\/posts"}],"about":[{"href":"https:\/\/www.europesays.com\/fr\/wp-json\/wp\/v2\/types\/post"}],"author":[{"embeddable":true,"href":"https:\/\/www.europesays.com\/fr\/wp-json\/wp\/v2\/users\/2"}],"replies":[{"embeddable":true,"href":"https:\/\/www.europesays.com\/fr\/wp-json\/wp\/v2\/comments?post=302947"}],"version-history":[{"count":0,"href":"https:\/\/www.europesays.com\/fr\/wp-json\/wp\/v2\/posts\/302947\/revisions"}],"wp:featuredmedia":[{"embeddable":true,"href":"https:\/\/www.europesays.com\/fr\/wp-json\/wp\/v2\/media\/302948"}],"wp:attachment":[{"href":"https:\/\/www.europesays.com\/fr\/wp-json\/wp\/v2\/media?parent=302947"}],"wp:term":[{"taxonomy":"category","embeddable":true,"href":"https:\/\/www.europesays.com\/fr\/wp-json\/wp\/v2\/categories?post=302947"},{"taxonomy":"post_tag","embeddable":true,"href":"https:\/\/www.europesays.com\/fr\/wp-json\/wp\/v2\/tags?post=302947"}],"curies":[{"name":"wp","href":"https:\/\/api.w.org\/{rel}","templated":true}]}}