{"id":302949,"date":"2025-08-07T14:32:12","date_gmt":"2025-08-07T14:32:12","guid":{"rendered":"https:\/\/www.europesays.com\/fr\/302949\/"},"modified":"2025-08-07T14:32:12","modified_gmt":"2025-08-07T14:32:12","slug":"tourisme-a-rennes-nos-trois-idees-insolites-pour-visiter-la-capitale-bretonne-autrement","status":"publish","type":"post","link":"https:\/\/www.europesays.com\/fr\/302949\/","title":{"rendered":"Tourisme \u00e0 Rennes\u00a0: nos trois id\u00e9es insolites pour visiter la capitale bretonne autrement"},"content":{"rendered":"<p>Visiter l\u2019\u00e9glise Saint-Melaine, collectionner des tampons imprim\u00e9s sur un carnet de souvenirs ou arpenter des quartiers m\u00e9connus de <a href=\"https:\/\/www.letelegramme.fr\/ille-et-vilaine\/rennes-35000\/\" target=\"_blank\" rel=\"nofollow noopener\">Rennes<\/a>\u2026 Voici trois id\u00e9es pour visiter la capitale bretonne autrement.<\/p>\n<p>\u00c9glise Saint-Melaine<\/p>\n<p>\u00c9glise abbatiale durant la premi\u00e8re moiti\u00e9 du XIXe si\u00e8cle, elle a servi de cath\u00e9drale provisoire. Aujourd\u2019hui paroissiale, l\u2019\u00e9glise Saint-Melaine pr\u00e9sente des t\u00e9moignages de l\u2019\u00e9poque romane. Son clo\u00eetre sculpt\u00e9, ses statues et ses tombeaux en font un patrimoine remarquable. Actuellement en restauration, l\u2019\u00e9glise Saint-Melaine a \u00e9galement fait l\u2019objet d\u2019\u00e9tudes arch\u00e9ologiques. Une visite guid\u00e9e d\u2019une heure vous permet de la d\u00e9couvrir en chantier.<\/p>\n<p class=\"note\"><strong>Pratique<\/strong> : \u00ab Patrimoine en chantier \u00bb, 9 juillet, 6 et 28 ao\u00fbt \u00e0 14h30. R\u00e9servation en ligne sur tourisme-rennes.com<\/p>\n<p>Sutanpu<\/p>\n<p>Collectionnez des tampons en les imprimant sur un carnet de souvenirs. Un concept venu du Japon qui permet de garder une trace des lieux que vous avez visit\u00e9s. Arpentez les rues rennaises, sur un parcours de 3,5 km pour inscrire sur votre support des tampons uniques pr\u00e9sents dans huit boutiques locales.<\/p>\n<p>Entrez librement dans ces commerces partenaires pour compl\u00e9ter votre collection et d\u00e9couvrir du m\u00eame coup des sp\u00e9cialit\u00e9s bretonnes. Si besoin, un d\u00e9pliant \u00ab Souvenirs de Rennes \u00bb est mis en vente \u00e0 l\u2019office de tourisme et dans certaines boutiques du parcours pour 3,50 \u20ac.<\/p>\n<p>Et en geocaching alors ?<\/p>\n<p>Munis de votre t\u00e9l\u00e9phone et \u00e0 l\u2019aide de coordonn\u00e9es GPS, visitez Rennes en faisant du geocaching. L\u2019application disponible sur Play store et App store est utilisable \u00e0 travers le monde.<\/p>\n<p>Un jour, un quartier<\/p>\n<p>Il y a des quartiers de Rennes qui vous sont moins connus ? Cet \u00e9t\u00e9, partez \u00e0 la d\u00e9couverte de Baud-Chardonnet, Maurepas, Beauregard-Quinc\u00e9 ou encore La Binquenais pour une visite d\u20191 h 30 \u00e0 2 h. R\u00e9servez votre participation sur le site Internet de Destination Rennes.<\/p>\n<p class=\"note\"><strong>Pratique <\/strong>: \u00ab Matrimoine de Baud-Chardonnet \u00bb, 6 juillet et 20 ao\u00fbt \u00e0 14h30 ; \u00ab Maurepas, un quartier en pleine mutation \u00bb, 23 juillet et 20 ao\u00fbt \u00e0 14h30 ; \u00ab Beauregard-Quinc\u00e9, de la ville \u00e0 la campagne \u00bb, 30 juillet et 27 ao\u00fbt \u00e0 14h30 ; \u00ab La Binquenais, entre sud-gare et Blosne \u00bb, 6 ao\u00fbt \u00e0 14h30<\/p>\n","protected":false},"excerpt":{"rendered":"Visiter l\u2019\u00e9glise Saint-Melaine, collectionner des tampons imprim\u00e9s sur un carnet de souvenirs ou arpenter des quartiers m\u00e9connus de&hellip;\n","protected":false},"author":2,"featured_media":302950,"comment_status":"","ping_status":"","sticky":false,"template":"","format":"standard","meta":{"footnotes":""},"categories":[2821],"tags":[1111,11,829,1777,674,1011,27,848,12,584,25,602],"class_list":{"0":"post-302949","1":"post","2":"type-post","3":"status-publish","4":"format-standard","5":"has-post-thumbnail","7":"category-rennes","8":"tag-actu","9":"tag-actualites","10":"tag-bretagne","11":"tag-eu","12":"tag-europe","13":"tag-fr","14":"tag-france","15":"tag-ille-et-vilaine","16":"tag-news","17":"tag-rennes","18":"tag-republique-francaise","19":"tag-tourisme"},"share_on_mastodon":{"url":"https:\/\/pubeurope.com\/@fr\/114987974366231426","error":""},"_links":{"self":[{"href":"https:\/\/www.europesays.com\/fr\/wp-json\/wp\/v2\/posts\/302949","targetHints":{"allow":["GET"]}}],"collection":[{"href":"https:\/\/www.europesays.com\/fr\/wp-json\/wp\/v2\/posts"}],"about":[{"href":"https:\/\/www.europesays.com\/fr\/wp-json\/wp\/v2\/types\/post"}],"author":[{"embeddable":true,"href":"https:\/\/www.europesays.com\/fr\/wp-json\/wp\/v2\/users\/2"}],"replies":[{"embeddable":true,"href":"https:\/\/www.europesays.com\/fr\/wp-json\/wp\/v2\/comments?post=302949"}],"version-history":[{"count":0,"href":"https:\/\/www.europesays.com\/fr\/wp-json\/wp\/v2\/posts\/302949\/revisions"}],"wp:featuredmedia":[{"embeddable":true,"href":"https:\/\/www.europesays.com\/fr\/wp-json\/wp\/v2\/media\/302950"}],"wp:attachment":[{"href":"https:\/\/www.europesays.com\/fr\/wp-json\/wp\/v2\/media?parent=302949"}],"wp:term":[{"taxonomy":"category","embeddable":true,"href":"https:\/\/www.europesays.com\/fr\/wp-json\/wp\/v2\/categories?post=302949"},{"taxonomy":"post_tag","embeddable":true,"href":"https:\/\/www.europesays.com\/fr\/wp-json\/wp\/v2\/tags?post=302949"}],"curies":[{"name":"wp","href":"https:\/\/api.w.org\/{rel}","templated":true}]}}