{"id":302951,"date":"2025-08-07T14:33:10","date_gmt":"2025-08-07T14:33:10","guid":{"rendered":"https:\/\/www.europesays.com\/fr\/302951\/"},"modified":"2025-08-07T14:33:10","modified_gmt":"2025-08-07T14:33:10","slug":"un-jeune-international-a-la-cote-en-belgique","status":"publish","type":"post","link":"https:\/\/www.europesays.com\/fr\/302951\/","title":{"rendered":"un jeune international a la cote en Belgique"},"content":{"rendered":"<p>Tr\u00e8s d\u00e9cevant en <a href=\"https:\/\/www.dailymercato.com\/ligue-1\" rel=\"nofollow noopener\" target=\"_blank\">Ligue 1<\/a> sur la saison \u00e9coul\u00e9e, <a href=\"https:\/\/www.dailymercato.com\/club\/stade-rennais-fc-24\" rel=\"nofollow noopener\" target=\"_blank\">Rennes<\/a> esp\u00e8re afficher un meilleur visage dans les mois \u00e0 venir. Bonne nouvelle, le Stade Rennais peut compter sur sa jeune garde. J\u00e9r\u00e9my Jacquet, par exemple, est dans le viseur d&rsquo;Arsenal, mais pas seulement. Mohamed Kader Me\u00eft\u00e9, 17 ans, est peut-\u00eatre l&rsquo;avenir de l&rsquo;attaque bretonne.\u00a0<\/p>\n<p>Sans oublier les cracks r\u00e9v\u00e9l\u00e9s chez les Rouge et Noir ces derni\u00e8res ann\u00e9es, Ousmane Demb\u00e9l\u00e9, Eduardo Camavinga et les fr\u00e8res Dou\u00e9 en t\u00eate. Et ce ne sont que les exemples les plus marquants. Mais il n&rsquo;y a pas de place pour tout le monde. Un jeune lat\u00e9ral pourrait en faire les frais cet \u00e9t\u00e9.<\/p>\n<p>Mahamadou Nagida, barr\u00e9 \u00e0 Rennes, vers un pr\u00eat en Belgique ?<\/p>\n<p>Auteur de 13 matches de Ligue 1 dont 4 en qualit\u00e9 de titulaire la saison derni\u00e8re, Mahamadou Nagida, tout juste 20 ans, a pu poursuivre son apprentissage du plus haut niveau. Si le coach Habib Beye compte sur lui, la concurrence est f\u00e9roce et son temps de jeu devrait \u00eatre similaire sur l&rsquo;exercice \u00e0 venir.\u00a0<\/p>\n<p>C&rsquo;est pourquoi, selon Africa Foot, le Cercle Bruges, qui lorgne actuellement une place en <a href=\"https:\/\/www.dailymercato.com\/ligue-des-champions\" rel=\"nofollow noopener\" target=\"_blank\">Ligue des champions<\/a>, aimerait se faire pr\u00eater Nagida, 2 s\u00e9lections en \u00e9quipe du Cameroun. Le lat\u00e9ral gauche, gaucher, poss\u00e8de un fort potentiel qui pourrait faire fureur en Jupiler Pro League. Rennes acceptera-t-il de c\u00e9der son prot\u00e9g\u00e9\u00a0\u00a0<\/p>\n<p>Nordiste pure souche, qui pr\u00e9f\u00e8re un bon match de National avec l&rsquo;USBCO \u00e0 la rivalit\u00e9 entre le RC Lens et le LOSC. Fan des grosses ambiances avant tout, de l&rsquo;ASSE \u00e0 l&rsquo;OM en passant par Strasbourg. Aux armes !<\/p>\n","protected":false},"excerpt":{"rendered":"Tr\u00e8s d\u00e9cevant en Ligue 1 sur la saison \u00e9coul\u00e9e, Rennes esp\u00e8re afficher un meilleur visage dans les mois&hellip;\n","protected":false},"author":2,"featured_media":268043,"comment_status":"","ping_status":"","sticky":false,"template":"","format":"standard","meta":{"footnotes":""},"categories":[2821],"tags":[1111,11,829,1777,674,1011,27,12,584,25],"class_list":{"0":"post-302951","1":"post","2":"type-post","3":"status-publish","4":"format-standard","5":"has-post-thumbnail","7":"category-rennes","8":"tag-actu","9":"tag-actualites","10":"tag-bretagne","11":"tag-eu","12":"tag-europe","13":"tag-fr","14":"tag-france","15":"tag-news","16":"tag-rennes","17":"tag-republique-francaise"},"share_on_mastodon":{"url":"https:\/\/pubeurope.com\/@fr\/114987978213054581","error":""},"_links":{"self":[{"href":"https:\/\/www.europesays.com\/fr\/wp-json\/wp\/v2\/posts\/302951","targetHints":{"allow":["GET"]}}],"collection":[{"href":"https:\/\/www.europesays.com\/fr\/wp-json\/wp\/v2\/posts"}],"about":[{"href":"https:\/\/www.europesays.com\/fr\/wp-json\/wp\/v2\/types\/post"}],"author":[{"embeddable":true,"href":"https:\/\/www.europesays.com\/fr\/wp-json\/wp\/v2\/users\/2"}],"replies":[{"embeddable":true,"href":"https:\/\/www.europesays.com\/fr\/wp-json\/wp\/v2\/comments?post=302951"}],"version-history":[{"count":0,"href":"https:\/\/www.europesays.com\/fr\/wp-json\/wp\/v2\/posts\/302951\/revisions"}],"wp:featuredmedia":[{"embeddable":true,"href":"https:\/\/www.europesays.com\/fr\/wp-json\/wp\/v2\/media\/268043"}],"wp:attachment":[{"href":"https:\/\/www.europesays.com\/fr\/wp-json\/wp\/v2\/media?parent=302951"}],"wp:term":[{"taxonomy":"category","embeddable":true,"href":"https:\/\/www.europesays.com\/fr\/wp-json\/wp\/v2\/categories?post=302951"},{"taxonomy":"post_tag","embeddable":true,"href":"https:\/\/www.europesays.com\/fr\/wp-json\/wp\/v2\/tags?post=302951"}],"curies":[{"name":"wp","href":"https:\/\/api.w.org\/{rel}","templated":true}]}}