{"id":302956,"date":"2025-08-07T14:36:14","date_gmt":"2025-08-07T14:36:14","guid":{"rendered":"https:\/\/www.europesays.com\/fr\/302956\/"},"modified":"2025-08-07T14:36:14","modified_gmt":"2025-08-07T14:36:14","slug":"pres-de-nice-braque-a-domicile-un-homme-se-fait-voler-une-somme-astronomique-en-liquide","status":"publish","type":"post","link":"https:\/\/www.europesays.com\/fr\/302956\/","title":{"rendered":"Pr\u00e8s de Nice. Braqu\u00e9 \u00e0 domicile, un homme se fait voler une somme astronomique en liquide"},"content":{"rendered":"<p>            Par<br \/>\n        <strong><br \/>\n            <a href=\"https:\/\/actu.fr\/auteur\/ugo-maillard\" title=\"Consulter tous les articles de Ugo Maillard\" rel=\"nofollow noopener\" target=\"_blank\">Ugo Maillard<\/a><br \/>\n        <\/strong><\/p>\n<p>        Publi\u00e9 le<\/p>\n<p>            6 ao\u00fbt 2025 \u00e0 16h13        <\/p>\n<p><strong>INFO ACTU NICE<\/strong><strong>.<\/strong> Dans la nuit du samedi\u00a02 au dimanche 3\u00a0ao\u00fbt 2025, un homme \u00e2g\u00e9 de 26\u00a0ans a \u00e9t\u00e9 victime d\u2019un <strong>vol \u00e0 main arm\u00e9<\/strong> sur la commune de Grasse, dans les <a href=\"https:\/\/actu.fr\/provence-alpes-cote-d-azur\/alpes-maritimes_06\" rel=\"nofollow noopener\" target=\"_blank\">Alpes-Maritimes<\/a>.<\/p>\n<p class=\" wall-content\">Selon nos informations, trois individus, dont un avec une arme de poing, ont braqu\u00e9 la victime chez lui pour lui soutirer une \u00e9norme somme d\u2019argent en liquide. Ils auraient donc pu \u00eatre bien renseign\u00e9s.<\/p>\n<p class=\" wall-content\">Le parquet de Grasse confirme \u00e0 <a href=\"https:\/\/actu.fr\/nice\/\" rel=\"nofollow noopener\" target=\"_blank\">actu Nice<\/a> qu\u2019une enqu\u00eate est en cours et men\u00e9e par la Direction interr\u00e9gionale de la police judiciaire.<\/p>\n<p>Des milliers d\u2019euros vol\u00e9s<\/p>\n<p class=\" wall-content\">Selon les \u00e9l\u00e9ments obtenus par actu Nice, la victime de ce vol \u00e0 main arm\u00e9 aurait fini par<strong> remettre 20000 euros en liquide<\/strong> aux malfrats. Les trois individus auraient \u00e9galement d\u00e9rob\u00e9 un scooter Tmax. Des \u00e9l\u00e9ments non confirm\u00e9s par le parquet pour l\u2019heure.<\/p>\n<p class=\" wall-content\">La victime de ce vol a ensuite pris attache avec les forces de l\u2019ordre pour signaler les faits.<\/p>\n<p class=\" wall-content\">Suivez toute l\u2019actualit\u00e9 de vos villes et m\u00e9dias favoris en vous inscrivant \u00e0 <a href=\"https:\/\/moncompte.actu.fr\" title=\"D\u00e9couvez Mon Actu\" rel=\"nofollow noopener\" data-trk=\"{&quot;cta&quot;:{&quot;action&quot;:&quot;https:\\\/\\\/moncompte.actu.fr&quot;,&quot;category&quot;:&quot;mon compte&quot;,&quot;from&quot;:&quot;article footer&quot;,&quot;name&quot;:&quot;Mon actu&quot;,&quot;type&quot;:&quot;cta&quot;}}\" target=\"_blank\">Mon Actu<\/a>.<\/p>\n","protected":false},"excerpt":{"rendered":"Par Ugo Maillard Publi\u00e9 le 6 ao\u00fbt 2025 \u00e0 16h13 INFO ACTU NICE. Dans la nuit du samedi\u00a02&hellip;\n","protected":false},"author":2,"featured_media":302957,"comment_status":"","ping_status":"","sticky":false,"template":"","format":"standard","meta":{"footnotes":""},"categories":[2819],"tags":[1111,11,1777,674,118,1011,27,303,12,2401,1072,882,25],"class_list":{"0":"post-302956","1":"post","2":"type-post","3":"status-publish","4":"format-standard","5":"has-post-thumbnail","7":"category-nice","8":"tag-actu","9":"tag-actualites","10":"tag-eu","11":"tag-europe","12":"tag-faits-divers","13":"tag-fr","14":"tag-france","15":"tag-justice","16":"tag-news","17":"tag-nice","18":"tag-police","19":"tag-provence-alpes-cote-dazur","20":"tag-republique-francaise"},"share_on_mastodon":{"url":"https:\/\/pubeurope.com\/@fr\/114987989932369458","error":""},"_links":{"self":[{"href":"https:\/\/www.europesays.com\/fr\/wp-json\/wp\/v2\/posts\/302956","targetHints":{"allow":["GET"]}}],"collection":[{"href":"https:\/\/www.europesays.com\/fr\/wp-json\/wp\/v2\/posts"}],"about":[{"href":"https:\/\/www.europesays.com\/fr\/wp-json\/wp\/v2\/types\/post"}],"author":[{"embeddable":true,"href":"https:\/\/www.europesays.com\/fr\/wp-json\/wp\/v2\/users\/2"}],"replies":[{"embeddable":true,"href":"https:\/\/www.europesays.com\/fr\/wp-json\/wp\/v2\/comments?post=302956"}],"version-history":[{"count":0,"href":"https:\/\/www.europesays.com\/fr\/wp-json\/wp\/v2\/posts\/302956\/revisions"}],"wp:featuredmedia":[{"embeddable":true,"href":"https:\/\/www.europesays.com\/fr\/wp-json\/wp\/v2\/media\/302957"}],"wp:attachment":[{"href":"https:\/\/www.europesays.com\/fr\/wp-json\/wp\/v2\/media?parent=302956"}],"wp:term":[{"taxonomy":"category","embeddable":true,"href":"https:\/\/www.europesays.com\/fr\/wp-json\/wp\/v2\/categories?post=302956"},{"taxonomy":"post_tag","embeddable":true,"href":"https:\/\/www.europesays.com\/fr\/wp-json\/wp\/v2\/tags?post=302956"}],"curies":[{"name":"wp","href":"https:\/\/api.w.org\/{rel}","templated":true}]}}