{"id":302958,"date":"2025-08-07T14:37:11","date_gmt":"2025-08-07T14:37:11","guid":{"rendered":"https:\/\/www.europesays.com\/fr\/302958\/"},"modified":"2025-08-07T14:37:11","modified_gmt":"2025-08-07T14:37:11","slug":"nice-a-logiquement-ete-domine-par-le-benfica","status":"publish","type":"post","link":"https:\/\/www.europesays.com\/fr\/302958\/","title":{"rendered":"Nice a logiquement \u00e9t\u00e9 domin\u00e9 par le Benfica"},"content":{"rendered":"<p>\u00ab\u00a0Ils sont plus forts que nous\u00a0\u00bb, a reconnu Franck Haise, l\u2019entra\u00eeneur ni\u00e7ois, \u00e0 l\u2019issue de\u00a0la d\u00e9faite \u00e0 domicile contre le Benfica Lisbonne (0-2), mercredi soir, lors du troisi\u00e8me tour pr\u00e9liminaire aller de la Ligue des champions. \u00ab\u00a0On est oblig\u00e9s de constater qu\u2019on a donn\u00e9 le meilleur qu\u2019on pouvait dans les circonstances du moment et avec les \u00e9v\u00e9nements du match, a-t-il poursuivi.\u00a0On a eu du mal \u00e0 se cr\u00e9er des occasions franches, alors que pour eux, c\u2019\u00e9tait plus simple\u2026\u00a0\u00bb<\/p>\n<p>L\u2019entra\u00eeneur des Aiglons a d\u00e9plor\u00e9 le manque \u00ab\u00a0de joueurs d\u2019exp\u00e9rience\u00a0\u00bb apr\u00e8s la pause.\u00a0Bless\u00e9s, Morgan Sanson et Dante sont sortis rapidement\u00a0: \u00ab\u00a0Morgan s\u2019est fait une l\u00e9sion \u00e0 l\u2019ischio dont je ne connais pas la gravit\u00e9. Pour Dante, c\u2019est le genou gauche, sur un appui. Il avait une douleur. C\u2019\u00e9tait compliqu\u00e9 de repartir, plus sage de le sortir.\u00a0\u00bb<\/p>\n<p>\u00ab\u00a0Il y a besoin de certains renforts\u00a0\u00bb<\/p>\n<p>Haise a ensuite assur\u00e9 que son \u00e9quipe \u00ab\u00a0n\u2019\u00e9tait pas loin des 100\u00a0% de ce (qu\u2019elle) pouvait faire\u00a0\u00bb, et que \u00ab\u00a0\u00e7a confirme tout ce qu\u2019on sait d\u00e9j\u00e0\u00a0\u00bb, notamment qu\u2019il \u00ab\u00a0y a besoin de certains renforts\u00a0\u00bb.<\/p>\n<p>\u00ab\u00a0Forc\u00e9ment, quand je dis \u00e7a, c\u2019est qu\u2019il en manque face \u00e0 ce type d\u2019adversaire. Nous, on construit, eux ont l\u2019habitude d\u2019\u00eatre sur les sommets, a-t-il \u00e9galement d\u00e9clar\u00e9. Ces matchs doivent nous aider \u00e0 grandir. On doit tendre vers ce tr\u00e8s haut niveau mais on n\u2019y est pas.\u00a0Affronter ce genre d\u2019adversaire montre \u00e0 tout le chemin qu\u2019il reste \u00e0 parcourir.\u00a0\u00bb<\/p>\n<p>Concernant le retour, mardi prochain, il a estim\u00e9\u00a0: \u00ab\u00a0On sait qu\u2019on a perdu 2-0 et qu\u2019ils sont plus forts que nous. Mais on va aller au combat. Il n\u2019y a pas de r\u00e9signation, mais l\u2019espoir de faire l\u2019exploit, avec un grand E et un grand X.\u00a0\u00bb Son homologue Bruno Lage a, pour sa part, appr\u00e9ci\u00e9 \u00ab\u00a0l\u2019agressivit\u00e9\u00a0\u00bb de son \u00e9quipe, qui \u00ab\u00a0a contr\u00f4l\u00e9 le match\u00a0\u00bb.<\/p>\n<p>Le match<\/p>\n<p>Le Benfica Lisbonne a fait un grand pas vers les barrages de la Ligue des champions, en dominant mercredi 6\u00a0ao\u00fbt 2025 \u00e0 Nice (0-2), lors du match aller de ce troisi\u00e8me tour pr\u00e9liminaire. Franjo Ivanovic, d\u2019une demi-vol\u00e9e (53e), et Florentino Luis, d\u2019une frappe lointaine (88e), ont \u00e9t\u00e9 les deux buteurs du soir. Il faudra un exploit des Ni\u00e7ois, le mardi 12\u00a0ao\u00fbt prochain au Portugal, pour renverser la situation. Sinon, ils diront d\u00e9j\u00e0 adieu \u00e0 la C1\u2026<\/p>\n","protected":false},"excerpt":{"rendered":"\u00ab\u00a0Ils sont plus forts que nous\u00a0\u00bb, a reconnu Franck Haise, l\u2019entra\u00eeneur ni\u00e7ois, \u00e0 l\u2019issue de\u00a0la d\u00e9faite \u00e0 domicile&hellip;\n","protected":false},"author":2,"featured_media":302959,"comment_status":"","ping_status":"","sticky":false,"template":"","format":"standard","meta":{"footnotes":""},"categories":[2819],"tags":[1111,11,1777,674,63,1011,27,447,74,12,2401,882,25,60],"class_list":{"0":"post-302958","1":"post","2":"type-post","3":"status-publish","4":"format-standard","5":"has-post-thumbnail","7":"category-nice","8":"tag-actu","9":"tag-actualites","10":"tag-eu","11":"tag-europe","12":"tag-football","13":"tag-fr","14":"tag-france","15":"tag-ligue-des-champions","16":"tag-monde","17":"tag-news","18":"tag-nice","19":"tag-provence-alpes-cote-dazur","20":"tag-republique-francaise","21":"tag-sports"},"share_on_mastodon":{"url":"https:\/\/pubeurope.com\/@fr\/114987993905937552","error":""},"_links":{"self":[{"href":"https:\/\/www.europesays.com\/fr\/wp-json\/wp\/v2\/posts\/302958","targetHints":{"allow":["GET"]}}],"collection":[{"href":"https:\/\/www.europesays.com\/fr\/wp-json\/wp\/v2\/posts"}],"about":[{"href":"https:\/\/www.europesays.com\/fr\/wp-json\/wp\/v2\/types\/post"}],"author":[{"embeddable":true,"href":"https:\/\/www.europesays.com\/fr\/wp-json\/wp\/v2\/users\/2"}],"replies":[{"embeddable":true,"href":"https:\/\/www.europesays.com\/fr\/wp-json\/wp\/v2\/comments?post=302958"}],"version-history":[{"count":0,"href":"https:\/\/www.europesays.com\/fr\/wp-json\/wp\/v2\/posts\/302958\/revisions"}],"wp:featuredmedia":[{"embeddable":true,"href":"https:\/\/www.europesays.com\/fr\/wp-json\/wp\/v2\/media\/302959"}],"wp:attachment":[{"href":"https:\/\/www.europesays.com\/fr\/wp-json\/wp\/v2\/media?parent=302958"}],"wp:term":[{"taxonomy":"category","embeddable":true,"href":"https:\/\/www.europesays.com\/fr\/wp-json\/wp\/v2\/categories?post=302958"},{"taxonomy":"post_tag","embeddable":true,"href":"https:\/\/www.europesays.com\/fr\/wp-json\/wp\/v2\/tags?post=302958"}],"curies":[{"name":"wp","href":"https:\/\/api.w.org\/{rel}","templated":true}]}}