{"id":302960,"date":"2025-08-07T14:38:13","date_gmt":"2025-08-07T14:38:13","guid":{"rendered":"https:\/\/www.europesays.com\/fr\/302960\/"},"modified":"2025-08-07T14:38:13","modified_gmt":"2025-08-07T14:38:13","slug":"une-nouvelle-operation-de-demoustication-pres-de-nantes-ce-jeudi","status":"publish","type":"post","link":"https:\/\/www.europesays.com\/fr\/302960\/","title":{"rendered":"une nouvelle op\u00e9ration de d\u00e9moustication pr\u00e8s de Nantes ce jeudi"},"content":{"rendered":"<p>            Par<br \/>\n        <strong><br \/>\n            <a href=\"https:\/\/actu.fr\/auteur\/laure-gentil\" title=\"Consulter tous les articles de Laure Gentil\" rel=\"nofollow noopener\" target=\"_blank\">Laure Gentil<\/a><br \/>\n        <\/strong><\/p>\n<p>        Publi\u00e9 le<\/p>\n<p>            7 ao\u00fbt 2025 \u00e0 15h30        <\/p>\n<p>Fin juillet, un cas de <a href=\"https:\/\/actu.fr\/societe\/la-dengue-de-retour-en-france-une-centaine-de-cas-identifies-les-autorites-appellent-a-la-vigilance_61073235.html\" rel=\"nofollow noopener\" target=\"_blank\">dengue<\/a> a \u00e9t\u00e9 d\u00e9tect\u00e9 \u00e0 Bouguenais dans le quartier Croix-Jeanette. <a href=\"https:\/\/actu.fr\/pays-de-la-loire\/bouguenais_44020\/moustique-tigre-operation-de-demoustication-pres-de-nantes-apres-un-cas-de-dengue_62978438.html\" rel=\"nofollow noopener\" target=\"_blank\">Une op\u00e9ration de d\u00e9moustication a eu lieu en cons\u00e9quence dans la nuit du 31\u00a0juillet au 1er\u00a0ao\u00fbt<\/a> pour \u00e9liminer le <a href=\"https:\/\/actu.fr\/tag\/moustique-tigre\" rel=\"nofollow noopener\" target=\"_blank\">moustique tigre<\/a> potentiellement <strong>porteur de la maladie.<\/strong><\/p>\n<p class=\" wall-content\">Selon la commune de Bouguenais, <strong>une seconde personne<\/strong> \u00ab\u2009atteinte d\u2019une maladie transmissible par piq\u00fbre du moustique tigre a \u00e9t\u00e9 identifi\u00e9e\u2009\u00bb dans le quartier Beauvoir. Ce cas est, semble-t-il, <strong>\u00ab\u2009sans lien avec le premier\u2009\u00bb.<\/strong><\/p>\n<p>La dengue, une maladie souvent asymptomatique<\/p>\n<p>La dengue, transmise \u00e0 l\u2019\u00eatre humain par piq\u00fbre de moustique tigre, est asymptomatique dans environ 80% des cas. Mais lorsque des sympt\u00f4mes apparaissent, les plus fr\u00e9quents sont les suivants :<\/p>\n<p>\u2022 fi\u00e8vre brutale ;<br \/>\u2022 douleurs articulaires et musculaires ;<br \/>\u2022 c\u00e9phal\u00e9es \/ migraines ;<br \/>\u2022 naus\u00e9es ;<br \/>\u2022 \u00e9ruptions cutan\u00e9es.<\/p>\n<p>Il n&rsquo;existe pas de traitement contre la dengue. Dans la plupart des cas, il s&rsquo;agit d&rsquo;une maladie simplement invalidante. Mais certaines formes graves n\u00e9cessitent une hospitalisation.<\/p>\n<p>Une pulv\u00e9risation cibl\u00e9e<\/p>\n<p class=\" wall-content\">L\u2019Agence R\u00e9gionale de sant\u00e9 (ARS) va conduire \u00ab\u2009une <strong>op\u00e9ration de traitement insecticide<\/strong> programm\u00e9e dans la nuit du jeudi 7 ao\u00fbt au vendredi 8 ao\u00fbt\u2009\u00bb entre 23h et 2h du matin.<\/p>\n<p class=\" wall-content\">Le traitement sera effectu\u00e9 \u00ab\u2009par voie p\u00e9destre par des op\u00e9rateurs de l\u2019ARS\u2009\u00bb. Il s\u2019agira d\u2019une <strong>pulv\u00e9risation<\/strong> cibl\u00e9e \u00ab\u2009dans un p\u00e9rim\u00e8tre de 150\u00a0m\u00e8tres autour du principal lieu fr\u00e9quent\u00e9 par la personne malade, dans le respect de la r\u00e9glementation\u2009\u00bb.<\/p>\n<blockquote class=\"ac-article-quote wall-content\">\n<p>L\u2019objectif est de r\u00e9duire le risque de transmission du virus en \u00e9liminant les moustiques tigres. Aucune pulv\u00e9risation ne sera effectu\u00e9e \u00e0 moins de 50 m\u00e8tres de la limite de la zone prot\u00e9g\u00e9e Natura 2000.<\/p>\n<p>    <strong>Ville de Bouguenais<\/strong>\n            <\/p><\/blockquote>\n<p class=\" wall-content\">Il est donc <strong>conseill\u00e9 aux personnes du quartier<\/strong> concern\u00e9es par la pulv\u00e9risation de\u2009:<\/p>\n<ul class=\" wall-content\">\n<li>fermer portes et fen\u00eatres et de couper la ventilation\u2009;<\/li>\n<li>rentrer les animaux domestiques et leurs gamelles\u2009;<\/li>\n<li>prot\u00e9ger les animaux aquatiques et \u00e0 sang froid\u2009;<\/li>\n<li>couvrir ou d\u00e9placer les ruches\u2009;<\/li>\n<li>couvrir piscines, bassins, bacs \u00e0 sable\u2009;<\/li>\n<li>rentrer le linge, mobilier de jardin, jouets ou les couvrir\u2009;<\/li>\n<li>apr\u00e8s l\u2019intervention, de rincer les meubles de jardin, jeux d\u2019enfants, laver les fruits\/l\u00e9gumes du potager avant consommation.<\/li>\n<\/ul>\n<p class=\" wall-content\">Il est \u00e9galement conseill\u00e9 d\u2019<strong>attendre trois heures<\/strong> avant de se rendre dans son jardin. Le produit utilis\u00e9 est\u00a0<strong>sans danger pour la population<\/strong> au dosage appliqu\u00e9.<\/p>\n<p class=\" wall-content\">Suivez toute l\u2019actualit\u00e9 de vos villes et m\u00e9dias favoris en vous inscrivant \u00e0 <a href=\"https:\/\/moncompte.actu.fr\" title=\"D\u00e9couvez Mon Actu\" rel=\"nofollow noopener\" data-trk=\"{&quot;cta&quot;:{&quot;action&quot;:&quot;https:\\\/\\\/moncompte.actu.fr&quot;,&quot;category&quot;:&quot;mon compte&quot;,&quot;from&quot;:&quot;article footer&quot;,&quot;name&quot;:&quot;Mon actu&quot;,&quot;type&quot;:&quot;cta&quot;}}\" target=\"_blank\">Mon Actu<\/a>.<\/p>\n","protected":false},"excerpt":{"rendered":"Par Laure Gentil Publi\u00e9 le 7 ao\u00fbt 2025 \u00e0 15h30 Fin juillet, un cas de dengue a \u00e9t\u00e9&hellip;\n","protected":false},"author":2,"featured_media":302961,"comment_status":"","ping_status":"","sticky":false,"template":"","format":"standard","meta":{"footnotes":""},"categories":[2818],"tags":[1111,11,1777,674,1011,27,2856,766,12,2636,25,71,104],"class_list":{"0":"post-302960","1":"post","2":"type-post","3":"status-publish","4":"format-standard","5":"has-post-thumbnail","7":"category-nantes","8":"tag-actu","9":"tag-actualites","10":"tag-eu","11":"tag-europe","12":"tag-fr","13":"tag-france","14":"tag-moustique-tigre","15":"tag-nantes","16":"tag-news","17":"tag-pays-de-la-loire","18":"tag-republique-francaise","19":"tag-sante","20":"tag-societe"},"share_on_mastodon":{"url":"https:\/\/pubeurope.com\/@fr\/114987997890305998","error":""},"_links":{"self":[{"href":"https:\/\/www.europesays.com\/fr\/wp-json\/wp\/v2\/posts\/302960","targetHints":{"allow":["GET"]}}],"collection":[{"href":"https:\/\/www.europesays.com\/fr\/wp-json\/wp\/v2\/posts"}],"about":[{"href":"https:\/\/www.europesays.com\/fr\/wp-json\/wp\/v2\/types\/post"}],"author":[{"embeddable":true,"href":"https:\/\/www.europesays.com\/fr\/wp-json\/wp\/v2\/users\/2"}],"replies":[{"embeddable":true,"href":"https:\/\/www.europesays.com\/fr\/wp-json\/wp\/v2\/comments?post=302960"}],"version-history":[{"count":0,"href":"https:\/\/www.europesays.com\/fr\/wp-json\/wp\/v2\/posts\/302960\/revisions"}],"wp:featuredmedia":[{"embeddable":true,"href":"https:\/\/www.europesays.com\/fr\/wp-json\/wp\/v2\/media\/302961"}],"wp:attachment":[{"href":"https:\/\/www.europesays.com\/fr\/wp-json\/wp\/v2\/media?parent=302960"}],"wp:term":[{"taxonomy":"category","embeddable":true,"href":"https:\/\/www.europesays.com\/fr\/wp-json\/wp\/v2\/categories?post=302960"},{"taxonomy":"post_tag","embeddable":true,"href":"https:\/\/www.europesays.com\/fr\/wp-json\/wp\/v2\/tags?post=302960"}],"curies":[{"name":"wp","href":"https:\/\/api.w.org\/{rel}","templated":true}]}}