{"id":302964,"date":"2025-08-07T14:40:09","date_gmt":"2025-08-07T14:40:09","guid":{"rendered":"https:\/\/www.europesays.com\/fr\/302964\/"},"modified":"2025-08-07T14:40:09","modified_gmt":"2025-08-07T14:40:09","slug":"meteo-france-place-la-gironde-en-vigilance-jaune","status":"publish","type":"post","link":"https:\/\/www.europesays.com\/fr\/302964\/","title":{"rendered":"M\u00e9t\u00e9o France place la Gironde en vigilance jaune"},"content":{"rendered":"<p>            Par<br \/>\n        <strong><br \/>\n            <a href=\"https:\/\/actu.fr\/auteur\/redaction-bordeaux\" title=\"Consulter tous les articles de R\u00e9daction Bordeaux\" rel=\"nofollow noopener\" target=\"_blank\">R\u00e9daction Bordeaux<\/a><br \/>\n        <\/strong><\/p>\n<p>        Publi\u00e9 le<\/p>\n<p>            7 ao\u00fbt 2025 \u00e0 12h05        <\/p>\n<p>La chaleur a fait son retour \u00e0 Bordeaux depuis le <a href=\"https:\/\/actu.fr\/nouvelle-aquitaine\/bordeaux_33063\/meteo-avec-le-retour-des-grosses-chaleurs-a-quoi-s-attendre-debut-aout-en-gironde_62987417.html\" rel=\"nofollow noopener\" target=\"_blank\">d\u00e9but du mois d\u2019ao\u00fbt,<\/a> mais elle devrait monter d\u2019un cran.\u00a0Une <a href=\"https:\/\/actu.fr\/meteo\/la-canicule-de-retour-en-france-16-departements-places-en-vigilance-ce-jeudi-de-fortes-chaleurs-a-prevoir_63005096.html\" rel=\"nofollow noopener\" target=\"_blank\">\u00ab\u00a0chaleur parfois caniculaire\u00a0\u00bb<\/a> est attendue sur la <strong>moiti\u00e9 sud de la France<\/strong> pour la fin de semaine. La Gironde n\u2019y \u00e9chappe pas :\u00a0 M\u00e9t\u00e9o France a plac\u00e9 le d\u00e9partement en vigilance pour risques de canicule d\u00e8s ce vendredi 8 ao\u00fbt 2025.\u00a0<\/p>\n<p class=\" wall-content\">La chaleur se ressent forcement d\u00e8s ce jeudi, o\u00f9 \u00ab\u00a0les temp\u00e9ratures maximales sup\u00e9rieures \u00e0 35 degr\u00e9s sont g\u00e9n\u00e9ralis\u00e9es\u00a0\u00bb dans le sud-ouest. \u00c0 Bordeaux, <strong>36 degr\u00e9s<\/strong> sont attendus.\u00a0<\/p>\n<p>Le degr\u00e9 de vigilance rehauss\u00e9\u00a0<\/p>\n<p class=\" wall-content\">Mais c\u2019est bien vendredi que l\u2019air pourrait devenir plus \u00e9touffant. Alors que le mercure devrait fr\u00f4ler les<strong>\u00a040 degr\u00e9s<\/strong> \u00e0 Bordeaux, <a href=\"https:\/\/meteofrance.com\/previsions-meteo-france\/bordeaux\/33000\" rel=\"nofollow noopener\" target=\"_blank\">M\u00e9t\u00e9o France<\/a> a plac\u00e9 le d\u00e9partement en vigilance jaune canicule \u00e0 partir de midi.\u00a0<\/p>\n<p class=\" wall-content\">Le lendemain, le d\u00e9partement pourrait m\u00eame passer <strong>en vigilance orange.<\/strong> Jusqu\u2019au d\u00e9but de semaine, les temp\u00e9ratures pourraient rester \u00e9lev\u00e9es la nuit et ne pas redescendre sous vingt degr\u00e9s.<\/p>\n<p class=\" wall-content\">Samedi, la temp\u00e9rature maximale est pr\u00e9vue \u00e0 <strong>37 degr\u00e9s<\/strong> \u00e0 Bordeaux, avec une minimale \u00e0 23 degr\u00e9s. Elles seront sensiblement identiques dimanche et lundi prochain.\u00a0<\/p>\n<p class=\" wall-content\">Pendant les \u00e9pisodes de fortes chaleurs, pensez \u00e0 <strong>boire r\u00e9guli\u00e8rement de l\u2019eau,<\/strong> m\u00eame sans avoir soif, \u00e0 fermer volets et fen\u00eatres en journ\u00e9e, a\u00e9rer la nuit et \u00eatre attentif aux personnes vuln\u00e9rables.<\/p>\n<p class=\" wall-content\">Suivez toute l\u2019actualit\u00e9 de vos villes et m\u00e9dias favoris en vous inscrivant \u00e0 <a href=\"https:\/\/moncompte.actu.fr\" title=\"D\u00e9couvez Mon Actu\" rel=\"nofollow noopener\" data-trk=\"{&quot;cta&quot;:{&quot;action&quot;:&quot;https:\\\/\\\/moncompte.actu.fr&quot;,&quot;category&quot;:&quot;mon compte&quot;,&quot;from&quot;:&quot;article footer&quot;,&quot;name&quot;:&quot;Mon actu&quot;,&quot;type&quot;:&quot;cta&quot;}}\" target=\"_blank\">Mon Actu<\/a>.<\/p>\n","protected":false},"excerpt":{"rendered":"Par R\u00e9daction Bordeaux Publi\u00e9 le 7 ao\u00fbt 2025 \u00e0 12h05 La chaleur a fait son retour \u00e0 Bordeaux&hellip;\n","protected":false},"author":2,"featured_media":302965,"comment_status":"","ping_status":"","sticky":false,"template":"","format":"standard","meta":{"footnotes":""},"categories":[2817],"tags":[1111,11,1997,6698,1777,674,1011,27,2487,2357,12,2219,25],"class_list":{"0":"post-302964","1":"post","2":"type-post","3":"status-publish","4":"format-standard","5":"has-post-thumbnail","7":"category-bordeaux","8":"tag-actu","9":"tag-actualites","10":"tag-bordeaux","11":"tag-canicule","12":"tag-eu","13":"tag-europe","14":"tag-fr","15":"tag-france","16":"tag-meteo","17":"tag-meteo-france","18":"tag-news","19":"tag-nouvelle-aquitaine","20":"tag-republique-francaise"},"share_on_mastodon":{"url":"https:\/\/pubeurope.com\/@fr\/114988005718622951","error":""},"_links":{"self":[{"href":"https:\/\/www.europesays.com\/fr\/wp-json\/wp\/v2\/posts\/302964","targetHints":{"allow":["GET"]}}],"collection":[{"href":"https:\/\/www.europesays.com\/fr\/wp-json\/wp\/v2\/posts"}],"about":[{"href":"https:\/\/www.europesays.com\/fr\/wp-json\/wp\/v2\/types\/post"}],"author":[{"embeddable":true,"href":"https:\/\/www.europesays.com\/fr\/wp-json\/wp\/v2\/users\/2"}],"replies":[{"embeddable":true,"href":"https:\/\/www.europesays.com\/fr\/wp-json\/wp\/v2\/comments?post=302964"}],"version-history":[{"count":0,"href":"https:\/\/www.europesays.com\/fr\/wp-json\/wp\/v2\/posts\/302964\/revisions"}],"wp:featuredmedia":[{"embeddable":true,"href":"https:\/\/www.europesays.com\/fr\/wp-json\/wp\/v2\/media\/302965"}],"wp:attachment":[{"href":"https:\/\/www.europesays.com\/fr\/wp-json\/wp\/v2\/media?parent=302964"}],"wp:term":[{"taxonomy":"category","embeddable":true,"href":"https:\/\/www.europesays.com\/fr\/wp-json\/wp\/v2\/categories?post=302964"},{"taxonomy":"post_tag","embeddable":true,"href":"https:\/\/www.europesays.com\/fr\/wp-json\/wp\/v2\/tags?post=302964"}],"curies":[{"name":"wp","href":"https:\/\/api.w.org\/{rel}","templated":true}]}}