{"id":302972,"date":"2025-08-07T14:44:16","date_gmt":"2025-08-07T14:44:16","guid":{"rendered":"https:\/\/www.europesays.com\/fr\/302972\/"},"modified":"2025-08-07T14:44:16","modified_gmt":"2025-08-07T14:44:16","slug":"pres-de-lille-une-seance-de-cinema-en-plein-air-attend-petits-et-grands-ce-samedi-9-aout-2025","status":"publish","type":"post","link":"https:\/\/www.europesays.com\/fr\/302972\/","title":{"rendered":"Pr\u00e8s de Lille, une s\u00e9ance de cin\u00e9ma en plein air attend petits et grands ce samedi 9 ao\u00fbt 2025"},"content":{"rendered":"<p>            Par<br \/>\n        <strong><br \/>\n            <a href=\"https:\/\/actu.fr\/auteur\/redaction-lille\" title=\"Consulter tous les articles de R\u00e9daction Lille\" rel=\"nofollow noopener\" target=\"_blank\">R\u00e9daction Lille<\/a><br \/>\n        <\/strong><\/p>\n<p>        Publi\u00e9 le<\/p>\n<p>            7 ao\u00fbt 2025 \u00e0 15h50        <\/p>\n<p>Ce week-end, rendez-vous au<b> jardin des cultures Mosa\u00efc<\/b>, situ\u00e9 \u00e0 <b>Houplin-Ancoisne<\/b> dans la <a href=\"https:\/\/actu.fr\/lille\/\" rel=\"nofollow noopener\" target=\"_blank\">m\u00e9tropole de Lille <\/a>(Nord), pour profiter d\u2019une <b>s\u00e9ance de cin\u00e9ma en plein air<\/b>.<\/p>\n<p>Une s\u00e9rie de courts-m\u00e9trages autour de la \u00ab\u2009Fiesta\u2009\u00bb<\/p>\n<p class=\" wall-content\">La f\u00eate devrait \u00eatre au rendez-vous au jardin des cultures Mosa\u00efc qui se transforme en v\u00e9ritable cin\u00e9ma en plein air\u2009! Le samedi 9 ao\u00fbt, une s\u00e9rie de courts-m\u00e9trages autour du th\u00e8me de la <a href=\"https:\/\/actu.fr\/hauts-de-france\/lille_59350\/en-images-vivez-la-grande-parade-fiesta-de-lille-avec-nous-en-direct_62562148.html\" rel=\"nofollow noopener\" target=\"_blank\">Fiesta, la saison de Lille3000<\/a>, sera diffus\u00e9e.<\/p>\n<p class=\" wall-content\">Le parc est ouvert d\u00e8s 10\u2009h, mais la projection ne commencera qu\u2019\u00e0 21\u2009h\u200930. Assister aux projections au clair de lune co\u00fbte le m\u00eame prix que l\u2019entr\u00e9e des jardins, soit 6 euros, 4 au tarif r\u00e9duit, gratuit pour les moins de 4 ans et 12 euros pour les \u00ab\u2009tribus\u2009\u00bb.<\/p>\n<p class=\" wall-content\">Des transats et des plaids en quantit\u00e9 limit\u00e9e seront mis \u00e0 disposition, mais il est conseill\u00e9 d\u2019apporter son propre mat\u00e9riel.<\/p>\n<p class=\" wall-content\">\u00c0 l\u2019affiche, uniquement des courts-m\u00e9trages pendant 1 h 15 pour une fin pr\u00e9vue pour 22\u2009h\u200945. Le jardin des cultures Mosa\u00efc se situe au 103 rue Guy Mocquet, \u00e0 Houplin-Ancoisne. Plus d\u2019infos <a href=\"https:\/\/enm.lillemetropole.fr\/evenements\/la-fiesta-en-short\" rel=\"nofollow noopener\" target=\"_blank\">en cliquant sur ce lien<\/a>.<\/p>\n<p class=\" wall-content\"><b>Dimitri Petit<\/b><\/p>\n<p class=\" wall-content\">Suivez toute l\u2019actualit\u00e9 de vos villes et m\u00e9dias favoris en vous inscrivant \u00e0 <a href=\"https:\/\/moncompte.actu.fr\" title=\"D\u00e9couvez Mon Actu\" rel=\"nofollow noopener\" data-trk=\"{&quot;cta&quot;:{&quot;action&quot;:&quot;https:\\\/\\\/moncompte.actu.fr&quot;,&quot;category&quot;:&quot;mon compte&quot;,&quot;from&quot;:&quot;article footer&quot;,&quot;name&quot;:&quot;Mon actu&quot;,&quot;type&quot;:&quot;cta&quot;}}\" target=\"_blank\">Mon Actu<\/a>.<\/p>\n","protected":false},"excerpt":{"rendered":"Par R\u00e9daction Lille Publi\u00e9 le 7 ao\u00fbt 2025 \u00e0 15h50 Ce week-end, rendez-vous au jardin des cultures Mosa\u00efc,&hellip;\n","protected":false},"author":2,"featured_media":302973,"comment_status":"","ping_status":"","sticky":false,"template":"","format":"standard","meta":{"footnotes":""},"categories":[2815],"tags":[1111,11,650,1719,1777,674,1011,27,811,1307,1652,12,25],"class_list":{"0":"post-302972","1":"post","2":"type-post","3":"status-publish","4":"format-standard","5":"has-post-thumbnail","7":"category-lille","8":"tag-actu","9":"tag-actualites","10":"tag-cinema","11":"tag-enfants","12":"tag-eu","13":"tag-europe","14":"tag-fr","15":"tag-france","16":"tag-hauts-de-france","17":"tag-lille","18":"tag-loisirs-culture","19":"tag-news","20":"tag-republique-francaise"},"share_on_mastodon":{"url":"https:\/\/pubeurope.com\/@fr\/114988021451628481","error":""},"_links":{"self":[{"href":"https:\/\/www.europesays.com\/fr\/wp-json\/wp\/v2\/posts\/302972","targetHints":{"allow":["GET"]}}],"collection":[{"href":"https:\/\/www.europesays.com\/fr\/wp-json\/wp\/v2\/posts"}],"about":[{"href":"https:\/\/www.europesays.com\/fr\/wp-json\/wp\/v2\/types\/post"}],"author":[{"embeddable":true,"href":"https:\/\/www.europesays.com\/fr\/wp-json\/wp\/v2\/users\/2"}],"replies":[{"embeddable":true,"href":"https:\/\/www.europesays.com\/fr\/wp-json\/wp\/v2\/comments?post=302972"}],"version-history":[{"count":0,"href":"https:\/\/www.europesays.com\/fr\/wp-json\/wp\/v2\/posts\/302972\/revisions"}],"wp:featuredmedia":[{"embeddable":true,"href":"https:\/\/www.europesays.com\/fr\/wp-json\/wp\/v2\/media\/302973"}],"wp:attachment":[{"href":"https:\/\/www.europesays.com\/fr\/wp-json\/wp\/v2\/media?parent=302972"}],"wp:term":[{"taxonomy":"category","embeddable":true,"href":"https:\/\/www.europesays.com\/fr\/wp-json\/wp\/v2\/categories?post=302972"},{"taxonomy":"post_tag","embeddable":true,"href":"https:\/\/www.europesays.com\/fr\/wp-json\/wp\/v2\/tags?post=302972"}],"curies":[{"name":"wp","href":"https:\/\/api.w.org\/{rel}","templated":true}]}}