{"id":302978,"date":"2025-08-07T14:47:11","date_gmt":"2025-08-07T14:47:11","guid":{"rendered":"https:\/\/www.europesays.com\/fr\/302978\/"},"modified":"2025-08-07T14:47:11","modified_gmt":"2025-08-07T14:47:11","slug":"parti-avec-un-aller-simple-pour-paris-marc-est-porte-disparu-depuis-le-3-aout","status":"publish","type":"post","link":"https:\/\/www.europesays.com\/fr\/302978\/","title":{"rendered":"parti avec un \u00aballer simple\u00bb pour Paris, Marc est port\u00e9 disparu depuis le 3 ao\u00fbt"},"content":{"rendered":"<p>Le quinquag\u00e9naire n\u2019a plus donn\u00e9 signe de vie depuis dimanche dernier, date \u00e0 laquelle il a quitt\u00e9 son domicile marseillais. Une enqu\u00eate a \u00e9t\u00e9 ouverte pour disparition inqui\u00e9tante.<\/p>\n<p class=\"fig-paragraph\">Une enqu\u00eate a \u00e9t\u00e9 ouverte par le parquet de Marseille pour\u00a0<a href=\"http:\/\/www.lefigaro.fr\/nantes\/apres-leur-disparition-inquietante-retour-a-nantes-pour-deux-adolescentes-retrouvees-a-marseille-et-en-espagne-20250716\" data-fig-type=\"NewsFlash\" data-gtm-custom-categorie=\"navigation\" data-gtm-custom-action=\"crossclick\" data-gtm-custom-label=\"Contextuel\" data-gtm-event=\"customEventSPE\" data-fig-domain=\"LEFIGARO\" target=\"_blank\" rel=\"noopener\">disparition inqui\u00e9tante<\/a>\u00a0alors que la famille de Marc, 59 ans, est sans nouvelles de lui depuis dimanche dernier, a appris Le Figaro aupr\u00e8s du parquet de Marseille, confirmant une information de<a href=\"https:\/\/france3-regions.franceinfo.fr\/provence-alpes-cote-d-azur\/bouches-du-rhone\/marseille\/il-est-parti-sans-telephone-sans-ses-medicaments-marc-age-de-59-ans-porte-disparu-entre-marseille-et-paris-3198366.html\" target=\"_blank\" rel=\"sponsored noopener\" data-gtm-custom-categorie=\"navigation\" data-gtm-custom-action=\"crossclick\" data-gtm-custom-label=\"Contextuel\" data-gtm-event=\"customEventSPE\">\u00a0France 3 Provence-Alpes-C\u00f4te d\u2019Azur.\u00a0<\/a><\/p>\n<p>Parti sans t\u00e9l\u00e9phone ni m\u00e9dicament<\/p>\n<p class=\"fig-paragraph\">Selon nos confr\u00e8res, le quinquag\u00e9naire a quitt\u00e9 son domicile du 8e arrondissement le 3 ao\u00fbt vers 10\u00a0h\u00a030. Il serait toutefois parti sans son t\u00e9l\u00e9phone, ni ses m\u00e9dicaments, alors qu\u2019il serait diab\u00e9tique et cardiaque. Un billet de train \u00aballer simple\u00bb pour Paris aurait \u00e9t\u00e9 retrouv\u00e9, laissant penser \u00e0 un d\u00e9part depuis la\u00a0<a href=\"http:\/\/www.lefigaro.fr\/marseille\/marseille-a-quoi-va-ressembler-la-future-gare-saint-charles-20241203\" data-fig-type=\"NewsFlash\" data-gtm-custom-categorie=\"navigation\" data-gtm-custom-action=\"crossclick\" data-gtm-custom-label=\"Contextuel\" data-gtm-event=\"customEventSPE\" data-fig-domain=\"LEFIGARO\" target=\"_blank\" rel=\"noopener\">gare Saint-Charles<\/a>. Par ailleurs, un retrait d\u2019argent aurait \u00e9t\u00e9 effectu\u00e9 lundi dans la soir\u00e9e. Selon sa fille, qui a donn\u00e9 l\u2019alerte aupr\u00e8s de nos confr\u00e8res, son p\u00e8re n\u2019avait aucune tendance suicidaire ni aucun ant\u00e9c\u00e9dent psychiatrique.<\/p>\n<p>                                    <a class=\"fig-a11y-skip a11y-hidden\" href=\"#fig-a11y-skip-main-inarticle\"><br \/>\n        Passer la publicit\u00e9<br \/>\n    <\/a><\/p>\n<p class=\"fig-paragraph\">L\u2019association Assistance recherche des personnes disparues (ARPD) aide la famille dans ses recherches. Elle a lanc\u00e9 un appel \u00e0 t\u00e9moins sur les r\u00e9seaux sociaux et appelle toute personne susceptible de les aider dans leur qu\u00eate \u00e0 contacter le 06 15 25 16 14.<\/p>\n","protected":false},"excerpt":{"rendered":"Le quinquag\u00e9naire n\u2019a plus donn\u00e9 signe de vie depuis dimanche dernier, date \u00e0 laquelle il a quitt\u00e9 son&hellip;\n","protected":false},"author":2,"featured_media":302979,"comment_status":"","ping_status":"","sticky":false,"template":"","format":"standard","meta":{"footnotes":""},"categories":[2814],"tags":[1111,11,4260,2715,1777,674,1011,27,884,12,882,959,25],"class_list":{"0":"post-302978","1":"post","2":"type-post","3":"status-publish","4":"format-standard","5":"has-post-thumbnail","7":"category-marseille","8":"tag-actu","9":"tag-actualites","10":"tag-appel-a-temoins","11":"tag-disparition","12":"tag-eu","13":"tag-europe","14":"tag-fr","15":"tag-france","16":"tag-marseille","17":"tag-news","18":"tag-provence-alpes-cote-dazur","19":"tag-recherche","20":"tag-republique-francaise"},"share_on_mastodon":{"url":"https:\/\/pubeurope.com\/@fr\/114988033302343254","error":""},"_links":{"self":[{"href":"https:\/\/www.europesays.com\/fr\/wp-json\/wp\/v2\/posts\/302978","targetHints":{"allow":["GET"]}}],"collection":[{"href":"https:\/\/www.europesays.com\/fr\/wp-json\/wp\/v2\/posts"}],"about":[{"href":"https:\/\/www.europesays.com\/fr\/wp-json\/wp\/v2\/types\/post"}],"author":[{"embeddable":true,"href":"https:\/\/www.europesays.com\/fr\/wp-json\/wp\/v2\/users\/2"}],"replies":[{"embeddable":true,"href":"https:\/\/www.europesays.com\/fr\/wp-json\/wp\/v2\/comments?post=302978"}],"version-history":[{"count":0,"href":"https:\/\/www.europesays.com\/fr\/wp-json\/wp\/v2\/posts\/302978\/revisions"}],"wp:featuredmedia":[{"embeddable":true,"href":"https:\/\/www.europesays.com\/fr\/wp-json\/wp\/v2\/media\/302979"}],"wp:attachment":[{"href":"https:\/\/www.europesays.com\/fr\/wp-json\/wp\/v2\/media?parent=302978"}],"wp:term":[{"taxonomy":"category","embeddable":true,"href":"https:\/\/www.europesays.com\/fr\/wp-json\/wp\/v2\/categories?post=302978"},{"taxonomy":"post_tag","embeddable":true,"href":"https:\/\/www.europesays.com\/fr\/wp-json\/wp\/v2\/tags?post=302978"}],"curies":[{"name":"wp","href":"https:\/\/api.w.org\/{rel}","templated":true}]}}