{"id":302980,"date":"2025-08-07T14:48:10","date_gmt":"2025-08-07T14:48:10","guid":{"rendered":"https:\/\/www.europesays.com\/fr\/302980\/"},"modified":"2025-08-07T14:48:10","modified_gmt":"2025-08-07T14:48:10","slug":"la-mise-en-retrait-du-maire-du-6e-arrondissement-pascal-blache-prolongee","status":"publish","type":"post","link":"https:\/\/www.europesays.com\/fr\/302980\/","title":{"rendered":"la mise en retrait du maire du 6e arrondissement Pascal Blache prolong\u00e9e ?"},"content":{"rendered":"<p itemprop=\"description\"><strong>On approche de la date fatidique.<\/strong><\/p>\n<p>Le 15 mai dernier, <a href=\"https:\/\/www.lyonmag.com\/profil-personnalite-lyonnaise\/10\/pascal-blache\" target=\"_blank\" rel=\"noopener nofollow\">Pascal Blache<\/a> annon\u00e7ait <a href=\"https:\/\/www.lyonmag.com\/article\/144028\/lyon-le-maire-du-6e-arrondissement-pascal-blache-se-met-en-retrait-de-la-vie-politique\" target=\"_blank\" rel=\"noopener nofollow\">se mettre en retrait de ses mandats<\/a> de maire du 6e arrondissement de Lyon, de conseiller municipal et m\u00e9tropolitain. L&rsquo;\u00e9lu Horizons r\u00e9clamait une pause de trois mois, se disant \u00ab\u00a0fatigu\u00e9\u00a0\u00bb apr\u00e8s 11 ans de mandat.<\/p>\n<p>Mais alors que le 15 ao\u00fbt, c&rsquo;est d\u00e9j\u00e0 dans une semaine, Tribune de Lyon croit savoir que Pascal Blache ne reprendra pas encore ses fonctions.<\/p>\n<p>Selon son entourage, la mise en retrait serait prolong\u00e9e jusqu&rsquo;en octobre.<\/p>\n<p>Il n&rsquo;y a toujours pas de raisons officielles \u00e0 cette d\u00e9cision, m\u00eame si les rumeurs concernant son \u00e9tat de sant\u00e9 sont de plus en plus insistantes.<\/p>\n<p>Du c\u00f4t\u00e9 des \u00e9lus du 6e arrondissement de Lyon, certains s&rsquo;agacent selon nos confr\u00e8res. Car Pascal Blache, en ne d\u00e9missionnant pas, conserve ses indemnit\u00e9s (plus de 4300 euros net mensuels) et bloque l&rsquo;\u00e9mergence d&rsquo;un successeur alors que la campagne des \u00e9lections municipales 2026 d\u00e9butera en septembre.<\/p>\n<p>On ne sait pas non plus s&rsquo;il pourra travailler aux c\u00f4t\u00e9s de <a href=\"https:\/\/www.lyonmag.com\/profil-personnalite-lyonnaise\/8\/jean-michel-aulas\" target=\"_blank\" rel=\"noopener nofollow\">Jean-Michel Aulas<\/a>, qu&rsquo;il soutenait activement avant de mettre la politique de c\u00f4t\u00e9 ce printemps.<\/p>\n<p>En attendant, c&rsquo;est son 1er adjoint Christian Termoz-Mazan qui g\u00e8re les affaires courantes dans le 6e.<\/p>\n","protected":false},"excerpt":{"rendered":"On approche de la date fatidique. Le 15 mai dernier, Pascal Blache annon\u00e7ait se mettre en retrait de&hellip;\n","protected":false},"author":2,"featured_media":302981,"comment_status":"","ping_status":"","sticky":false,"template":"","format":"standard","meta":{"footnotes":""},"categories":[1889],"tags":[1111,11,2813,2190,2430,1109,251,1112,2811,1777,674,118,1011,27,1922,1110,1114,2428,2810,12,241,316,25,2812,517,800],"class_list":{"0":"post-302980","1":"post","2":"type-post","3":"status-publish","4":"format-standard","5":"has-post-thumbnail","7":"category-lyon","8":"tag-actu","9":"tag-actualites","10":"tag-article","11":"tag-asvel","12":"tag-auvergne-rhone-alpes","13":"tag-breves","14":"tag-culture","15":"tag-depeches","16":"tag-economique","17":"tag-eu","18":"tag-europe","19":"tag-faits-divers","20":"tag-fr","21":"tag-france","22":"tag-info","23":"tag-informations","24":"tag-infos","25":"tag-lyon","26":"tag-lyonmag","27":"tag-news","28":"tag-ol","29":"tag-politique","30":"tag-republique-francaise","31":"tag-sociale","32":"tag-sport","33":"tag-transports"},"share_on_mastodon":{"url":"https:\/\/pubeurope.com\/@fr\/114988037223434684","error":""},"_links":{"self":[{"href":"https:\/\/www.europesays.com\/fr\/wp-json\/wp\/v2\/posts\/302980","targetHints":{"allow":["GET"]}}],"collection":[{"href":"https:\/\/www.europesays.com\/fr\/wp-json\/wp\/v2\/posts"}],"about":[{"href":"https:\/\/www.europesays.com\/fr\/wp-json\/wp\/v2\/types\/post"}],"author":[{"embeddable":true,"href":"https:\/\/www.europesays.com\/fr\/wp-json\/wp\/v2\/users\/2"}],"replies":[{"embeddable":true,"href":"https:\/\/www.europesays.com\/fr\/wp-json\/wp\/v2\/comments?post=302980"}],"version-history":[{"count":0,"href":"https:\/\/www.europesays.com\/fr\/wp-json\/wp\/v2\/posts\/302980\/revisions"}],"wp:featuredmedia":[{"embeddable":true,"href":"https:\/\/www.europesays.com\/fr\/wp-json\/wp\/v2\/media\/302981"}],"wp:attachment":[{"href":"https:\/\/www.europesays.com\/fr\/wp-json\/wp\/v2\/media?parent=302980"}],"wp:term":[{"taxonomy":"category","embeddable":true,"href":"https:\/\/www.europesays.com\/fr\/wp-json\/wp\/v2\/categories?post=302980"},{"taxonomy":"post_tag","embeddable":true,"href":"https:\/\/www.europesays.com\/fr\/wp-json\/wp\/v2\/tags?post=302980"}],"curies":[{"name":"wp","href":"https:\/\/api.w.org\/{rel}","templated":true}]}}