{"id":302984,"date":"2025-08-07T14:53:11","date_gmt":"2025-08-07T14:53:11","guid":{"rendered":"https:\/\/www.europesays.com\/fr\/302984\/"},"modified":"2025-08-07T14:53:11","modified_gmt":"2025-08-07T14:53:11","slug":"le-chef-de-larmee-israelienne-dit-quil-continuera-de-sexprimer-sans-crainte","status":"publish","type":"post","link":"https:\/\/www.europesays.com\/fr\/302984\/","title":{"rendered":"le chef de l&rsquo;arm\u00e9e isra\u00e9lienne dit qu&rsquo;il continuera de s&rsquo;exprimer \u00ab\u00a0sans crainte\u00a0\u00bb"},"content":{"rendered":"<p>\u00ab\u00a0Nous continuerons d&rsquo;exprimer notre position sans crainte, de mani\u00e8re pragmatique, ind\u00e9pendante et professionnelle\u00a0\u00bb, a d\u00e9clar\u00e9 jeudi 7\u00a0ao\u00fbt le lieutenant-g\u00e9n\u00e9ral Eyal Zamir, selon un communiqu\u00e9 de l&rsquo;arm\u00e9e isra\u00e9lienne. Cette r\u00e9action intervient apr\u00e8s que le ministre de la D\u00e9fense isra\u00e9lien, Isra\u00ebl Katz, a somm\u00e9 la veille l&rsquo;arm\u00e9e d'\u00a0\u00bbex\u00e9cuter\u00a0\u00bb <a href=\"https:\/\/www.franceinfo.fr\/monde\/proche-orient\/israel-palestine\/guerre-a-gaza-l-armee-israelienne-sommee-d-executer-les-decisions-a-venir-du-gouvernement_7421344.html\" rel=\"nofollow noopener\" target=\"_blank\">les d\u00e9cisions politiques <\/a><a href=\"https:\/\/www.franceinfo.fr\/monde\/proche-orient\/israel-palestine\/guerre-a-gaza-l-armee-israelienne-sommee-d-executer-les-decisions-a-venir-du-gouvernement_7421344.html\" rel=\"nofollow noopener\" target=\"_blank\">sur la guerre dans la bande de Gaza<\/a>. Alors que le Premier ministre, Benyamin N\u00e9tanyahou, se pr\u00e9pare \u00e0 annoncer en fin de journ\u00e9e une nouvelle phase des op\u00e9rations pour vaincre \u00ab\u00a0totalement\u00a0\u00bb le Hamas et ramener les otages isra\u00e9liens retenus \u00e0 Gaza, les m\u00e9dias se font l&rsquo;\u00e9cho des r\u00e9serves, voire de l&rsquo;opposition, du chef d&rsquo;\u00e9tat-major. Suivez notre direct.<\/p>\n<p class=\"c-body__bullet\"> <strong>Un arbitrage du gouvernement isra\u00e9lien attendu sur des op\u00e9rations militaires dans la bande de Gaza.<\/strong> Selon la presse, qui agite la perspective d&rsquo;une occupation totale du territoire palestinien, le Premier ministre isra\u00e9lien, Benyamin N\u00e9tanyahou, doit pr\u00e9sider en fin d&rsquo;apr\u00e8s-midi jeudi une r\u00e9union du cabinet de s\u00e9curit\u00e9 en charge des questions militaires. Sur la foi de ses sources gouvernementales, la presse isra\u00e9lienne est unanime \u00e0 pr\u00e9dire une extension des op\u00e9rations militaires, y compris dans les zones o\u00f9 pourraient \u00eatre retenus les otages et dans les secteurs les plus dens\u00e9ment peupl\u00e9s.<\/p>\n<p class=\"c-body__bullet\"><strong> Une flottille au large de Gaza pour demander la lib\u00e9ration des otages<\/strong>. Des familles d&rsquo;otages isra\u00e9liens ont embarqu\u00e9 jeudi matin \u00e0 bord de plusieurs bateaux en direction de la c\u00f4te de la bande de Gaza afin de se \u00ab\u00a0rapprocher autant que possible de leurs\u00a0\u00bb proches captifs du Hamas, selon un vid\u00e9aste de l&rsquo;AFP, \u00e0 bord d&rsquo;un des bateaux.\u00a0<\/p>\n<p class=\"c-body__bullet\"> <strong>Vingt personnes sont mortes, tu\u00e9es par un camion charg\u00e9 de vivres<\/strong>.\u00a0Dans la bande de Gaza assi\u00e9g\u00e9e et bombard\u00e9e, o\u00f9 se pressent chaque jour des milliers de Palestiniens autour des points de distribution de nourriture, la d\u00e9fense civile a annonc\u00e9 mercredi que 20\u00a0personnes avaient \u00e9t\u00e9 tu\u00e9es quand un camion charg\u00e9 de vivres s&rsquo;est retourn\u00e9 sur la foule.<\/p>\n<p class=\"c-body__bullet\"> <strong>Les humanitaires appellent \u00e0 abroger une r\u00e9glementation mena\u00e7ant leurs activit\u00e9s dans les territoires palestiniens<\/strong>.\u00a0Les agences de l&rsquo;ONU et les ONG ont appel\u00e9 les autorit\u00e9s isra\u00e9liennes \u00e0 \u00ab\u00a0abroger l&rsquo;exigence introduite le 9\u00a0mars les obligeant \u00e0 partager des informations personnelles sensibles sur leurs employ\u00e9s palestiniens, sous peine de devoir cesser leurs op\u00e9rations humanitaires dans la bande de Gaza et en Cisjordanie\u00a0\u00bb occup\u00e9e d&rsquo;ici septembre.<\/p>\n","protected":false},"excerpt":{"rendered":"\u00ab\u00a0Nous continuerons d&rsquo;exprimer notre position sans crainte, de mani\u00e8re pragmatique, ind\u00e9pendante et professionnelle\u00a0\u00bb, a d\u00e9clar\u00e9 jeudi 7\u00a0ao\u00fbt le&hellip;\n","protected":false},"author":2,"featured_media":302985,"comment_status":"","ping_status":"","sticky":false,"template":"","format":"standard","meta":{"footnotes":""},"categories":[1888],"tags":[1111,1928,11,1927,1777,674,1011,27,12,1926,626,1925,25],"class_list":{"0":"post-302984","1":"post","2":"type-post","3":"status-publish","4":"format-standard","5":"has-post-thumbnail","7":"category-paris","8":"tag-actu","9":"tag-actu-paris","10":"tag-actualites","11":"tag-actualites-paris","12":"tag-eu","13":"tag-europe","14":"tag-fr","15":"tag-france","16":"tag-news","17":"tag-news-paris","18":"tag-paris","19":"tag-paris-news","20":"tag-republique-francaise"},"share_on_mastodon":{"url":"https:\/\/pubeurope.com\/@fr\/114988056801752038","error":""},"_links":{"self":[{"href":"https:\/\/www.europesays.com\/fr\/wp-json\/wp\/v2\/posts\/302984","targetHints":{"allow":["GET"]}}],"collection":[{"href":"https:\/\/www.europesays.com\/fr\/wp-json\/wp\/v2\/posts"}],"about":[{"href":"https:\/\/www.europesays.com\/fr\/wp-json\/wp\/v2\/types\/post"}],"author":[{"embeddable":true,"href":"https:\/\/www.europesays.com\/fr\/wp-json\/wp\/v2\/users\/2"}],"replies":[{"embeddable":true,"href":"https:\/\/www.europesays.com\/fr\/wp-json\/wp\/v2\/comments?post=302984"}],"version-history":[{"count":0,"href":"https:\/\/www.europesays.com\/fr\/wp-json\/wp\/v2\/posts\/302984\/revisions"}],"wp:featuredmedia":[{"embeddable":true,"href":"https:\/\/www.europesays.com\/fr\/wp-json\/wp\/v2\/media\/302985"}],"wp:attachment":[{"href":"https:\/\/www.europesays.com\/fr\/wp-json\/wp\/v2\/media?parent=302984"}],"wp:term":[{"taxonomy":"category","embeddable":true,"href":"https:\/\/www.europesays.com\/fr\/wp-json\/wp\/v2\/categories?post=302984"},{"taxonomy":"post_tag","embeddable":true,"href":"https:\/\/www.europesays.com\/fr\/wp-json\/wp\/v2\/tags?post=302984"}],"curies":[{"name":"wp","href":"https:\/\/api.w.org\/{rel}","templated":true}]}}