{"id":302988,"date":"2025-08-07T14:55:13","date_gmt":"2025-08-07T14:55:13","guid":{"rendered":"https:\/\/www.europesays.com\/fr\/302988\/"},"modified":"2025-08-07T14:55:13","modified_gmt":"2025-08-07T14:55:13","slug":"paris-un-employe-dhotel-confond-chlore-et-acide-un-gaz-toxique-sechappe-de-la-piscine","status":"publish","type":"post","link":"https:\/\/www.europesays.com\/fr\/302988\/","title":{"rendered":"Paris\u00a0: un employ\u00e9 d\u2019h\u00f4tel confond chlore et acide, un gaz toxique s\u2019\u00e9chappe de la piscine"},"content":{"rendered":"<p class=\"paragraph text_align_left lp-f-body-02\">L\u2019erreur aurait pu virer au drame. Ce mercredi 6 ao\u00fbt, peu avant 16 heures, les services de secours sont appel\u00e9s au 23, rue Ch\u00e2teau-Landon, dans le Xe arrondissement de Paris, pour \u00ab le d\u00e9gagement d\u2019un gaz toxique \u00bb ayant pour origine la piscine priv\u00e9e du <a href=\"https:\/\/www.leparisien.fr\/paris-75\/spa-rooftop-jardin-ces-nouveaux-hotels-haut-de-gamme-a-paris-qui-jouent-la-carte-de-lauthenticite-10-01-2023-7YHC5SDSE5HQXKEJRW5Q6JRBYE.php\" target=\"_blank\" rel=\"noreferrer nofollow noopener\">Bloom House<\/a>, \u00e9tablissement 4 \u00e9toiles ouvert en 2023. <\/p>\n<p class=\"paragraph text_align_left lp-f-body-02\">Selon une source polici\u00e8re, un employ\u00e9 de l\u2019h\u00f4tel a vers\u00e9 par m\u00e9garde un produit acide \u00e0 la place du chlore, habituellement utilis\u00e9 pour traiter l\u2019eau de la piscine priv\u00e9e. L\u2019employ\u00e9, premier expos\u00e9 \u00e0 cette dangereuse formule, a \u00e9t\u00e9 pris en charge et transport\u00e9 \u00e0 l\u2019h\u00f4pital pour y recevoir des soins. Son pronostic vital n\u2019est pas engag\u00e9.<\/p>\n<p>Protocole NRBC<\/p>\n<p class=\"paragraph text_align_left lp-f-body-02\">Face \u00e0 la <a href=\"https:\/\/www.leparisien.fr\/paris-75\/paris-un-homme-interpelle-pour-avoir-deverse-du-liquide-lacrymogene-a-la-gare-saint-lazare-19-11-2024-BUR3MVBWSFECLGFBGVXDZN2F4M.php\" target=\"_blank\" rel=\"noreferrer nofollow noopener\">nature chimique de l\u2019incident<\/a>, les sapeurs-pompiers ont d\u00e9clench\u00e9 le protocole NRBC (nucl\u00e9aire, radiologique, biologique et chimique) pour s\u00e9curiser les lieux et proc\u00e9der \u00e0 la vidange du bassin contamin\u00e9. Une op\u00e9ration qui n\u2019a pas \u00e9t\u00e9 sans cons\u00e9quence puisque deux sapeurs-pompiers, incommod\u00e9s par les \u00e9manations toxiques, ont \u00e9t\u00e9 conduits \u00e0 l\u2019h\u00f4pital militaire Percy de Clamart (Hauts-de-Seine) pour des soins.<\/p>\n<p class=\"paragraph text_align_left lp-f-body-02\">Au sein de l\u2019h\u00f4tel qui propose aussi une offre spa, \u00ab trois personnes pr\u00e9sentes ont subi des br\u00fblures cutan\u00e9es apr\u00e8s contact avec l\u2019eau \u00bb contamin\u00e9e, pr\u00e9cise la m\u00eame source polici\u00e8re. L\u2019une d\u2019entre elles a \u00e9t\u00e9 transport\u00e9e \u00e0 l\u2019h\u00f4pital, les deux autres ont \u00e9t\u00e9 soign\u00e9es sur place.<\/p>\n<p class=\"paragraph text_align_left lp-f-body-02\">Le laboratoire central de la pr\u00e9fecture de police de Paris s\u2019est rendu sur les lieux. Le protocole NRBC et le p\u00e9rim\u00e8tre de s\u00e9curit\u00e9 qui a entra\u00een\u00e9 des restrictions de circulation dans l\u2019apr\u00e8s-midi ont, eux, \u00e9t\u00e9 lev\u00e9s peu avant 21 heures ce mercredi.<\/p>\n<p class=\"paragraph text_align_left lp-f-body-02\">Une entreprise sp\u00e9cialis\u00e9e s\u2019est rendue \u00e0 l\u2019h\u00f4tel tard dans la soir\u00e9e pour r\u00e9cup\u00e9rer les bidons d\u2019<a href=\"https:\/\/www.leparisien.fr\/hauts-de-seine-92\/vaucresson-le-lycee-toulouse-lautrec-evacue-apres-la-decouverte-dun-produit-hautement-explosif-03-07-2025-ISES5PBDOFEQHE4TGELFSVVB2Q.php\" target=\"_blank\" rel=\"noreferrer nofollow noopener\">acide<\/a> et le responsable du site est rest\u00e9 toute la nuit aupr\u00e8s de ses \u00e9quipes. La vie de l\u2019h\u00f4tel, qui affiche complet ce jeudi, a repris un cours normal, souffle-t-on au sein de l\u2019\u00e9tablissement.<\/p>\n<p class=\"paragraph text_align_left lp-f-body-02\">Une enqu\u00eate a \u00e9t\u00e9 ouverte, ajoute une seconde source polici\u00e8re. Celle-ci a \u00e9t\u00e9 confi\u00e9e au commissariat du Xe arrondissement.<\/p>\n","protected":false},"excerpt":{"rendered":"L\u2019erreur aurait pu virer au drame. Ce mercredi 6 ao\u00fbt, peu avant 16 heures, les services de secours&hellip;\n","protected":false},"author":2,"featured_media":302989,"comment_status":"","ping_status":"","sticky":false,"template":"","format":"standard","meta":{"footnotes":""},"categories":[1888],"tags":[11,1777,674,1011,27,1944,12,626,25],"class_list":{"0":"post-302988","1":"post","2":"type-post","3":"status-publish","4":"format-standard","5":"has-post-thumbnail","7":"category-paris","8":"tag-actualites","9":"tag-eu","10":"tag-europe","11":"tag-fr","12":"tag-france","13":"tag-ma-ville","14":"tag-news","15":"tag-paris","16":"tag-republique-francaise"},"share_on_mastodon":{"url":"https:\/\/pubeurope.com\/@fr\/114988064976867765","error":""},"_links":{"self":[{"href":"https:\/\/www.europesays.com\/fr\/wp-json\/wp\/v2\/posts\/302988","targetHints":{"allow":["GET"]}}],"collection":[{"href":"https:\/\/www.europesays.com\/fr\/wp-json\/wp\/v2\/posts"}],"about":[{"href":"https:\/\/www.europesays.com\/fr\/wp-json\/wp\/v2\/types\/post"}],"author":[{"embeddable":true,"href":"https:\/\/www.europesays.com\/fr\/wp-json\/wp\/v2\/users\/2"}],"replies":[{"embeddable":true,"href":"https:\/\/www.europesays.com\/fr\/wp-json\/wp\/v2\/comments?post=302988"}],"version-history":[{"count":0,"href":"https:\/\/www.europesays.com\/fr\/wp-json\/wp\/v2\/posts\/302988\/revisions"}],"wp:featuredmedia":[{"embeddable":true,"href":"https:\/\/www.europesays.com\/fr\/wp-json\/wp\/v2\/media\/302989"}],"wp:attachment":[{"href":"https:\/\/www.europesays.com\/fr\/wp-json\/wp\/v2\/media?parent=302988"}],"wp:term":[{"taxonomy":"category","embeddable":true,"href":"https:\/\/www.europesays.com\/fr\/wp-json\/wp\/v2\/categories?post=302988"},{"taxonomy":"post_tag","embeddable":true,"href":"https:\/\/www.europesays.com\/fr\/wp-json\/wp\/v2\/tags?post=302988"}],"curies":[{"name":"wp","href":"https:\/\/api.w.org\/{rel}","templated":true}]}}