{"id":302990,"date":"2025-08-07T14:56:16","date_gmt":"2025-08-07T14:56:16","guid":{"rendered":"https:\/\/www.europesays.com\/fr\/302990\/"},"modified":"2025-08-07T14:56:16","modified_gmt":"2025-08-07T14:56:16","slug":"les-spectacles-et-pieces-de-theatre-a-ne-pas-manquer-ce-week-end-du-8-au-10-aout-2025","status":"publish","type":"post","link":"https:\/\/www.europesays.com\/fr\/302990\/","title":{"rendered":"Les spectacles et pi\u00e8ces de th\u00e9\u00e2tre \u00e0 ne pas manquer ce week-end du 8 au 10\u00a0ao\u00fbt 2025"},"content":{"rendered":"<p>Un week-end de <a href=\"https:\/\/www.20minutes.fr\/dossier\/spectacle\" class=\"color-ultramarine c-link\" target=\"_blank\" rel=\"noopener\">spectacles <\/a>\u00e0 prix mini\u00a0! Th\u00e9\u00e2tre, <a href=\"https:\/\/www.20minutes.fr\/dossier\/danse\" class=\"color-ultramarine c-link\" target=\"_blank\" rel=\"noopener\">danse<\/a>, stand-up\u2026 il y en a pour tous les go\u00fbts, et gr\u00e2ce \u00e0 TicketNunc, profitez d\u2019offres de derni\u00e8re minute, entre 24 et 72 heures avant la repr\u00e9sentation.<\/p>\n<p><a href=\"https:\/\/www.20minutes.fr\/dossier\/theatre\" class=\"color-ultramarine c-link\" target=\"_blank\" rel=\"noopener\">Th\u00e9\u00e2tre <\/a>contemporain, stand-up d\u00e9capant, shows de danse ou exp\u00e9riences immersives\u00a0: d\u00e9couvrez notre s\u00e9lection pour un week-end 100\u00a0% culturel, sans faire exploser le budget.<\/p>\n<p>Mais ne tra\u00eenez pas trop, les places sont limit\u00e9es et partent vite\u00a0!<\/p>\n<p>Cyrano de Bergerac<img decoding=\"async\" alt=\"Cyrano de Bergerac\" class=\"c-img\" loading=\"lazy\" fetchpriority=\"auto\" width=\"718\"  src=\"https:\/\/img.20mn.fr\/ZF1L1qkyQsyBYrfezEQ9mik\/718x0\" \/>Cyrano de Bergerac\u2002-\u00a0TicketNunc<\/p>\n<p>Tout le monde se trompe sur Cyrano. Ce n\u2019est pas un roc in\u00e9branlable, mais un \u00eatre complexe\u00a0: friable, sensible, entier, brillant, fid\u00e8le, \u00e9perdu\u2026 Abandonn\u00e9 par les gr\u00e2ces, mais toujours flamboyant d\u2019\u00e2me et de c\u0153ur. \u00c0 c\u00f4t\u00e9 de lui, on para\u00eet tous un peu ternes. Reprendre ce monument du th\u00e9\u00e2tre, c\u2019est un sacr\u00e9 pari. Mais pour \u00c9douard Baer, amoureux des mots, de la langue, de la po\u00e9sie, c\u2019est presque une \u00e9vidence. Sous la direction d\u2019Anne Kessler, 14 com\u00e9diens donneront vie \u00e0 ce chef-d\u2019\u0153uvre o\u00f9 le tragique touche au sublime, port\u00e9 par une langue hors du temps.<\/p>\n<ul>\n<li>Lieu\u00a0: Th\u00e9\u00e2tre Antoine, 14 Boulevard de Strasbourg, 75010 Paris<\/li>\n<\/ul>\n<p><a href=\"https:\/\/www.ticketnunc.com\/spectacles\/cyrano-de-bergerac-theatre-antoine?utm_source=20_minutes&amp;utm_medium=articles&amp;utm_campaign=article_20_minutes\" class=\"c-link c-btn c-btn--primary\" target=\"_blank\" rel=\"noopener\">Je prends ma place<\/a>Les Gros patinent bien<img decoding=\"async\" alt=\"Les Gros patinent bien\" class=\"c-img\" loading=\"lazy\" fetchpriority=\"auto\" width=\"718\"  src=\"https:\/\/img.20mn.fr\/Ba0TNrw3Q4a8UnbBbKbuFyk\/718x0\" \/>Les Gros patinent bien\u2002-\u00a0TicketNunc<\/p>\n<p>Un spectacle fait de bouts de cartons, de patins, de cornemuses et d\u2019un type en costard fig\u00e9\u00a0? Oui, c\u2019est compl\u00e8tement barr\u00e9. Et c\u2019est \u00e7a qui est g\u00e9nial. Apr\u00e8s Bigre, Pierre Guillois et Olivier Martin-Salvan remettent \u00e7a avec un road trip visuel totalement fou. Une \u00e9pop\u00e9e burlesque \u00e0 pleurer de rire, entre po\u00e9sie loufoque et cabaret survitamin\u00e9. Franchement, laissez-vous embarquer.<\/p>\n<ul>\n<li>Lieu\u00a0: La P\u00e9pini\u00e8re Th\u00e9\u00e2tre, 7 rue Louis le Grand, 75002 PARIS<\/li>\n<\/ul>\n<p><a href=\"https:\/\/www.ticketnunc.com\/spectacles\/les-gros-patinent-bien?utm_source=20_minutes&amp;utm_medium=articles&amp;utm_campaign=article_20_minutes\" target=\"_blank\" class=\"c-link c-btn c-btn--primary\" rel=\"noopener\">Je prends ma place<\/a>Le Mythe de Sisyphe<img decoding=\"async\" alt=\"Le Mythe de Sisyphe\" class=\"c-img\" loading=\"lazy\" fetchpriority=\"auto\" width=\"718\"  src=\"https:\/\/img.20mn.fr\/_T5Mh6iFQsWsHOeeNHdHoyk\/718x0\" \/>Le Mythe de Sisyphe\u2002-\u00a0TicketNunc<\/p>\n<p>Sisyphe, le rocher, l\u2019\u00e9ternel recommencement. On conna\u00eet. Mais quand Camus s\u2019en empare, \u00e7a devient une r\u00e9flexion mordante sur l\u2019absurde et la condition humaine. Sur sc\u00e8ne, Pierre Martot donne corps \u00e0 ce texte culte avec une sobri\u00e9t\u00e9 pleine de force. C\u2019est du th\u00e9\u00e2tre classique, oui. Mais de celui qui vous laisse secou\u00e9.<\/p>\n<ul>\n<li>Lieu\u00a0: Th\u00e9\u00e2tre Essa\u00efon, 6 rue Pierre au Lard, 75004 Paris<\/li>\n<\/ul>\n<p><a href=\"https:\/\/www.ticketnunc.com\/spectacles\/le-mythe-de-sisyphe?utm_source=20_minutes&amp;utm_medium=articles&amp;utm_campaign=article_20_minutes\" target=\"_blank\" class=\"c-link c-btn c-btn--primary\" rel=\"noopener\">Je prends ma place<\/a>Oublie-moi<img decoding=\"async\" alt=\"Oublie-moi\" class=\"c-img\" loading=\"lazy\" fetchpriority=\"auto\" width=\"718\"  src=\"https:\/\/img.20mn.fr\/cHUbCktwQIiiN1ZTLBpwRCk\/718x0\" \/>Oublie-moi\u2002-\u00a0TicketNunc<\/p>\n<p>Jeanne et Arthur. Une histoire d\u2019amour. Une belle. Jusqu\u2019au jour o\u00f9 Jeanne demande \u00e0 Arthur\u2026 d\u2019aller chercher du lait et un timbre. Et l\u00e0, tout bascule. \u00ab\u00a0Une histoire d\u2019amour\u00a0\u00bb, c\u2019est un bijou de pi\u00e8ce, aussi dr\u00f4le que bouleversante, multi-prim\u00e9e aux Moli\u00e8res. Port\u00e9e par Marie-Julie Baup et Thierry Lopez, elle a d\u00e9j\u00e0 conquis plus de 150 000 spectateurs. Une p\u00e9pite \u00e0 voir, et \u00e0 ne surtout pas oublier.<\/p>\n<ul>\n<li>Lieu\u00a0: La P\u00e9pini\u00e8re Th\u00e9\u00e2tre, 7 rue Louis le Grand, 75002 PARIS<\/li>\n<\/ul>\n<p><a href=\"https:\/\/www.ticketnunc.com\/spectacles\/oublie-moi?utm_source=20_minutes&amp;utm_medium=article&amp;utm_campaign=article_20_minutes\" target=\"_blank\" class=\"c-link c-btn c-btn--primary\" rel=\"noopener\">Je prends ma place<\/a>Je m\u2019appelle Georges\u2026 Et vous\u00a0?<img decoding=\"async\" alt=\"JE M'APPELLE GEORGES ... ET VOUS ?\" class=\"c-img\" loading=\"lazy\" fetchpriority=\"auto\" width=\"718\"  src=\"https:\/\/img.20mn.fr\/9Yob__BOToa7ZAPDi80ksCk\/718x0\" \/>JE M&rsquo;APPELLE GEORGES &#8230; ET VOUS ?\u2002-\u00a0TicketNunc<\/p>\n<p>Il en est convaincu\u00a0: sa moiti\u00e9 s\u2019appelle Emilie. Alors Georges part \u00e0 sa recherche. Le probl\u00e8me\u00a0? Tout le monde pense qu\u2019il d\u00e9bloque. Entre com\u00e9die romantique et d\u00e9lire \u00e0 la Semp\u00e9, cette pi\u00e8ce d\u00e9jant\u00e9e explore l\u2019amour, les pr\u00e9noms, et un peu notre \u00e9poque. Cinq com\u00e9diens survolt\u00e9s, un d\u00e9cor BD et une nomination aux Moli\u00e8res.<\/p>\n<ul>\n<li>Lieu\u00a0: Com\u00e9die Bastille, 5 rue Nicolas Appert, 75011 Paris<\/li>\n<\/ul>\n<p><a href=\"https:\/\/www.ticketnunc.com\/spectacles\/je-mappelle-georges-et-vous?utm_source=20_minutes&amp;utm_medium=articles&amp;utm_campaign=article_20_minutes\" target=\"_blank\" class=\"c-link c-btn c-btn--primary\" rel=\"noopener\">Je prends ma place<\/a>Soleil<img decoding=\"async\" alt=\"Soleil\" class=\"c-img\" loading=\"lazy\" fetchpriority=\"auto\" width=\"718\"  src=\"https:\/\/img.20mn.fr\/RDjCHzuRTGuegtZB_doW-yk\/718x0\" \/>Soleil\u2002-\u00a0TicketNunc<\/p>\n<p>Raymond Carver, c\u2019est la classe moyenne am\u00e9ricaine, ses drames du quotidien, ses silences lourds et ses instants suspendus. Dans Soleil, le metteur en sc\u00e8ne Armel Roussel en fait un parcours sensible et immersif\u00a0: 12 nouvelles, 12 sc\u00e8nes \u00e0 explorer en d\u00e9ambulation dans le th\u00e9\u00e2tre. Cuisine, salon, antichambre\u2026 Chaque lieu accueille un petit bout d\u2019humanit\u00e9, brut et touchant. Amour, solitude, d\u00e9sir, deuil\u2026 c\u2019est la vie, sans filtre. Et avec une vingtaine d\u2019acteurs et musiciens venus du monde entier pour vous guider, cette exp\u00e9rience s\u2019annonce comme une grande f\u00eate th\u00e9\u00e2trale.<\/p>\n<ul>\n<li>Lieu\u00a0: Th\u00e9\u00e2tre de la Temp\u00eate, Route du Champ de manoeuvre, 75012 Paris<\/li>\n<\/ul>\n<p><a href=\"https:\/\/www.ticketnunc.com\/spectacles\/oublie-moi?utm_source=20_minutes&amp;utm_medium=article&amp;utm_campaign=article_20_minutes\" target=\"_blank\" class=\"c-link c-btn c-btn--primary\" rel=\"noopener\">Je prends ma place<\/a>aymond Carver, c\u2019est la classe moyenne am\u00e9ricaine, ses drames du quotidien, ses silences lourds et ses instants suspendus. Dans Soleil, le metteur en sc\u00e8ne Armel Roussel en fait un parcours sensible et immersif : 12 nouvelles, 12 sc\u00e8nes \u00e0 explorer en d\u00e9ambulation dans le th\u00e9\u00e2tre. Cuisine, salon, antichambre\u2026 Chaque lieu accueille un petit bout d\u2019humanit\u00e9, brut et touchant. Amour, solitude, d\u00e9sir, deuil\u2026 c\u2019est la vie, sans filtre. Et avec une vingtaine d\u2019acteurs et musiciens venus du monde entier pour vous guider, cette exp\u00e9rience s\u2019annonce comme une grande f\u00eate th\u00e9\u00e2trale.Lieu : Th\u00e9\u00e2tre de la Temp\u00eate, Route du Champ de manoeuvre, 75012 Paris<a href=\"\" class=\"c-link c-btn c-btn--primary\">Je prends ma place<\/a><\/p>\n<p>Six spectacles et pi\u00e8ces de th\u00e9\u00e2tre pour tous les go\u00fbts\u00a0! Que vous ayez envie de frissons, d\u2019\u00e9merveillement ou d\u2019un bon fou rire, Paris a ce qu\u2019il vous faut. Ce week-end, ne manquez pas ces repr\u00e9sentations \u00e0 petit prix\u00a0: r\u00e9servez d\u00e8s maintenant sur Ticketnunc en <a href=\"https:\/\/www.ticketnunc.com\/?utm_source=article&amp;utm_medium=20_minutes&amp;utm_campaign=article_20minutes\" target=\"_blank\" class=\"color-ultramarine c-link\" rel=\"noopener\">cliquant ici<\/a>\u00a0!<\/p>\n","protected":false},"excerpt":{"rendered":"Un week-end de spectacles \u00e0 prix mini\u00a0! Th\u00e9\u00e2tre, danse, stand-up\u2026 il y en a pour tous les go\u00fbts,&hellip;\n","protected":false},"author":2,"featured_media":302991,"comment_status":"","ping_status":"","sticky":false,"template":"","format":"standard","meta":{"footnotes":""},"categories":[1888],"tags":[11,58,1777,674,1011,27,662,1393,12,626,25,3140,1347],"class_list":{"0":"post-302990","1":"post","2":"type-post","3":"status-publish","4":"format-standard","5":"has-post-thumbnail","7":"category-paris","8":"tag-actualites","9":"tag-divertissement","10":"tag-eu","11":"tag-europe","12":"tag-fr","13":"tag-france","14":"tag-ile-de-france","15":"tag-loisirs","16":"tag-news","17":"tag-paris","18":"tag-republique-francaise","19":"tag-spectacle","20":"tag-theatre"},"share_on_mastodon":{"url":"https:\/\/pubeurope.com\/@fr\/114988069645013068","error":""},"_links":{"self":[{"href":"https:\/\/www.europesays.com\/fr\/wp-json\/wp\/v2\/posts\/302990","targetHints":{"allow":["GET"]}}],"collection":[{"href":"https:\/\/www.europesays.com\/fr\/wp-json\/wp\/v2\/posts"}],"about":[{"href":"https:\/\/www.europesays.com\/fr\/wp-json\/wp\/v2\/types\/post"}],"author":[{"embeddable":true,"href":"https:\/\/www.europesays.com\/fr\/wp-json\/wp\/v2\/users\/2"}],"replies":[{"embeddable":true,"href":"https:\/\/www.europesays.com\/fr\/wp-json\/wp\/v2\/comments?post=302990"}],"version-history":[{"count":0,"href":"https:\/\/www.europesays.com\/fr\/wp-json\/wp\/v2\/posts\/302990\/revisions"}],"wp:featuredmedia":[{"embeddable":true,"href":"https:\/\/www.europesays.com\/fr\/wp-json\/wp\/v2\/media\/302991"}],"wp:attachment":[{"href":"https:\/\/www.europesays.com\/fr\/wp-json\/wp\/v2\/media?parent=302990"}],"wp:term":[{"taxonomy":"category","embeddable":true,"href":"https:\/\/www.europesays.com\/fr\/wp-json\/wp\/v2\/categories?post=302990"},{"taxonomy":"post_tag","embeddable":true,"href":"https:\/\/www.europesays.com\/fr\/wp-json\/wp\/v2\/tags?post=302990"}],"curies":[{"name":"wp","href":"https:\/\/api.w.org\/{rel}","templated":true}]}}