{"id":302996,"date":"2025-08-07T14:59:10","date_gmt":"2025-08-07T14:59:10","guid":{"rendered":"https:\/\/www.europesays.com\/fr\/302996\/"},"modified":"2025-08-07T14:59:10","modified_gmt":"2025-08-07T14:59:10","slug":"2-300-scenaristes-americains-denoncent-lassaut-autoritaire-de-donald-trump-contre-la-liberte-dexpression-liberation","status":"publish","type":"post","link":"https:\/\/www.europesays.com\/fr\/302996\/","title":{"rendered":"2\u00a0300 sc\u00e9naristes am\u00e9ricains d\u00e9noncent \u00abl\u2019assaut autoritaire\u00bb de Donald Trump contre la libert\u00e9 d\u2019expression \u2013 Lib\u00e9ration"},"content":{"rendered":"<p class=\"sc-ksZaOG ehjQrN text-element\">\u00abNotre travail et nos coll\u00e8gues sont menac\u00e9s\u00bb, s\u2019inqui\u00e8tent quelque 2 300 auteurs am\u00e9ricains dans <a href=\"https:\/\/www.wgaeast.org\/get-involved\/free-speech-letter\/\" target=\"_blank\" rel=\"nofollow noopener\" title=\"https:\/\/www.wgaeast.org\/get-involved\/free-speech-letter\/\">une lettre ouverte<\/a> mise en ligne mardi 5 ao\u00fbt. Des membres de la <a href=\"https:\/\/www.liberation.fr\/culture\/cinema\/fin-de-la-greve-des-scenaristes-a-hollywood-de-gros-changements-et-quelques-manquements-20230927_UVKDANMBLFARHCZNJL3LIEOVQQ\/\" target=\"_blank\" rel=\"nofollow noopener\" title=\"https:\/\/www.liberation.fr\/culture\/cinema\/fin-de-la-greve-des-scenaristes-a-hollywood-de-gros-changements-et-quelques-manquements-20230927_UVKDANMBLFARHCZNJL3LIEOVQQ\/\">Writers Guild of America<\/a>, le syndicat des sc\u00e9naristes et des journalistes am\u00e9ricains, s\u2019insurgent de <a href=\"https:\/\/www.liberation.fr\/culture\/arts\/un-climat-de-peur-et-dautocensure-sinstalle-dans-tout-le-milieu-culturel-des-etats-unis-de-donald-trump-20250405_XYYS4GKXUVFO3HR543MT25EWOY\/\" target=\"_blank\" rel=\"nofollow noopener\" title=\"https:\/\/www.liberation.fr\/culture\/arts\/un-climat-de-peur-et-dautocensure-sinstalle-dans-tout-le-milieu-culturel-des-etats-unis-de-donald-trump-20250405_XYYS4GKXUVFO3HR543MT25EWOY\/\">\u00abl\u2019assaut autoritaire sans pr\u00e9c\u00e9dent\u00bb men\u00e9 par Donald Trump<\/a> contre la libert\u00e9 d\u2019expression. Les signataires, dont Spike Lee, Adam McKay ou encore Lilly Wachowski, d\u00e9noncent des \u00abtentatives anti-am\u00e9ricaines visant \u00e0 restreindre le type d\u2019histoires et de blagues autoris\u00e9es, \u00e0 faire taire la critique et la dissidence\u00bb. La lettre pointe notamment contre les \u00abpoursuites infond\u00e9es contre des m\u00e9dias\u00bb que multiplie Donald Trump en \u00ables utilisant comme monnaie d\u2019\u00e9change contre des pots-de-vin\u00bb. <\/p>\n<p class=\"sc-ksZaOG ehjQrN text-element\">Fin juillet, l\u2019administration Trump a autoris\u00e9 le <a href=\"https:\/\/www.liberation.fr\/culture\/lavenir-de-south-park-menace-un-sac-de-noeuds-juridique-entre-paramount-global-et-skydance-20250717_Q6TLDEBGFVEJRKFZLBDGSJQN3E\/\" target=\"_blank\" rel=\"nofollow noopener\" title=\"https:\/\/www.liberation.fr\/culture\/lavenir-de-south-park-menace-un-sac-de-noeuds-juridique-entre-paramount-global-et-skydance-20250717_Q6TLDEBGFVEJRKFZLBDGSJQN3E\/\">rachat de la soci\u00e9t\u00e9 de production Paramount Global<\/a>, d\u00e9tentrice de la cha\u00eene de t\u00e9l\u00e9vision CBS, par Skydance sous condition <a href=\"https:\/\/www.liberation.fr\/international\/amerique\/trump-obtient-des-changements-editoriaux-chez-cbs-en-echange-du-feu-vert-au-rachat-de-paramount-20250725_ATK7ON5UTZDI5AQI5LP5EE4JBA\/\" target=\"_blank\" rel=\"nofollow noopener\" title=\"https:\/\/www.liberation.fr\/international\/amerique\/trump-obtient-des-changements-editoriaux-chez-cbs-en-echange-du-feu-vert-au-rachat-de-paramount-20250725_ATK7ON5UTZDI5AQI5LP5EE4JBA\/\">d\u2019ajustements \u00e9ditoriaux.<\/a> L\u2019accord est intervenu au terme d\u2019un contentieux judiciaire entre le groupe et Donald Trump : le milliardaire reprochait \u00e0 la soci\u00e9t\u00e9 m\u00e8re de CBS d\u2019avoir modifi\u00e9 une interview avec Kamala Harris diffus\u00e9e en octobre dernier, dans l\u2019\u00e9mission 60 minutes, pour \u00abfaire pencher la balance en faveur du Parti d\u00e9mocrate\u00bb. En plus de la fusion avec Skydance, Paramount a mis fin au proc\u00e8s intent\u00e9 par le pr\u00e9sident am\u00e9ricain en versant 16 millions de dollars \u00e0 destination de la future biblioth\u00e8que du locataire de la Maison Blanche.<\/p>\n<p class=\"sc-ksZaOG ehjQrN text-element\">Cet arrangement avait \u00e9t\u00e9 qualifi\u00e9 de \u00abgros pot-de-vin\u00bb par l\u2019animateur <a href=\"https:\/\/www.liberation.fr\/international\/amerique\/aux-etats-unis-larret-du-late-show-de-stephen-colbert-fait-polemique-20250718_IJ2SOUFRGRHG7MQK44LDXRJAVY\/\" target=\"_blank\" rel=\"nofollow noopener\" title=\"https:\/\/www.liberation.fr\/international\/amerique\/aux-etats-unis-larret-du-late-show-de-stephen-colbert-fait-polemique-20250718_IJ2SOUFRGRHG7MQK44LDXRJAVY\/\">Stephen Colbert<\/a>, qui a vu dans la foul\u00e9e son \u00e9mission, <a href=\"https:\/\/www.liberation.fr\/international\/amerique\/dans-the-late-show-kamala-harris-dit-faire-une-pause-dans-sa-carriere-politique-et-deplore-la-capitulation-face-a-donald-trump-20250801_KCIEATKZ6BDXPL554OQYKBE5ZQ\/\" target=\"_blank\" rel=\"nofollow noopener\" title=\"https:\/\/www.liberation.fr\/international\/amerique\/dans-the-late-show-kamala-harris-dit-faire-une-pause-dans-sa-carriere-politique-et-deplore-la-capitulation-face-a-donald-trump-20250801_KCIEATKZ6BDXPL554OQYKBE5ZQ\/\">The Late Show<\/a>, \u00eatre annul\u00e9e par la cha\u00eene apr\u00e8s plus de trente ans d\u2019existence. Le porte-parole de la Maison Blanche, Taylor Rogers, a affirm\u00e9 au journal am\u00e9ricain <a href=\"https:\/\/variety.com\/2025\/tv\/news\/wga-letter-trump-authoritarian-assault-on-free-speech-1236478976\/\" target=\"_blank\" rel=\"nofollow noopener\" title=\"https:\/\/variety.com\/2025\/tv\/news\/wga-letter-trump-authoritarian-assault-on-free-speech-1236478976\/\">Variety<\/a> que l\u2019\u00e9mission avait \u00e9t\u00e9 supprim\u00e9e car elle perdait plus de 40 millions de dollars par an : \u00abToute entreprise sens\u00e9e annulerait la production d\u2019un produit en difficult\u00e9 et c\u2019est exactement ce que faisait l\u2019\u00e9mission de Colbert. Le pr\u00e9sident Trump a raison : les Am\u00e9ricains ordinaires ne veulent pas regarder l\u2019\u00e9mission de Colbert, sans talent et d\u00e9ficitaire.\u00bb<\/p>\n<p class=\"sc-ksZaOG ehjQrN text-element\">Pour les signataires de la lettre ouverte, toutefois, \u00abTrump appelle r\u00e9guli\u00e8rement \u00e0 l\u2019annulation des \u00e9missions d\u2019information et de divertissements qui le critiquent. Et pourtant, Paramount nous demande toujours de croire que l\u2019annulation du Late Show avec Stephen Colbert n\u2019\u00e9tait pas une question de politique ou d\u2019approbation de fusion\u00bb. \u00abIl est alarmant de constater que la majeure partie du gouvernement f\u00e9d\u00e9ral s\u2019est d\u00e9sormais jointe \u00e0 ces attaques\u00bb, ajoutent-ils, faisant allusion aux positions des <a href=\"https:\/\/www.liberation.fr\/international\/amerique\/au-congres-americain-la-droite-trumpiste-face-au-defi-de-parler-dune-seule-voix-20250103_H4CEOCUXBVBKPD6UFHZAHDVPGM\/\" target=\"_blank\" rel=\"nofollow noopener\" title=\"https:\/\/www.liberation.fr\/international\/amerique\/au-congres-americain-la-droite-trumpiste-face-au-defi-de-parler-dune-seule-voix-20250103_H4CEOCUXBVBKPD6UFHZAHDVPGM\/\">R\u00e9publicains du Congr\u00e8s<\/a> et du pr\u00e9sident de la Commission f\u00e9d\u00e9rale des communications (FCC), <a href=\"https:\/\/www.liberation.fr\/international\/amerique\/qui-est-brendan-carr-le-combattant-de-la-liberte-dexpression-choisi-par-trump-pour-presider-la-commission-federale-des-communications-20241118_YXX4Y77TRNAVRCD7S6QMF234JQ\/\" target=\"_blank\" rel=\"nofollow noopener\" title=\"https:\/\/www.liberation.fr\/international\/amerique\/qui-est-brendan-carr-le-combattant-de-la-liberte-dexpression-choisi-par-trump-pour-presider-la-commission-federale-des-communications-20241118_YXX4Y77TRNAVRCD7S6QMF234JQ\/\">Brendan Carr<\/a>, agence ind\u00e9pendante du gouvernement en charge du contenu des \u00e9missions de radio, t\u00e9l\u00e9vision et internet.<\/p>\n<p class=\"sc-ksZaOG ehjQrN text-element\">La lettre accuse les \u00e9lus d\u2019avoir \u00abcollabor\u00e9\u00bb avec l\u2019administration Trump pour couper les vivres \u00e0 la Corporation for Public Broadcasting, un organisme de soutien financier aux m\u00e9dias et \u00e0 l\u2019audiovisuel public, dans le but de \u00abr\u00e9duire \u00e0 silence PBS et NPR\u00bb, des r\u00e9seaux de t\u00e9l\u00e9visions qui cumulent \u00e0 eux deux plus de 1 200 stations. La Corporation for Public Broadcasting a annonc\u00e9 le 1er ao\u00fbt sa fermeture, apr\u00e8s cinquante-sept ans de fonctionnement. Une annonce in\u00e9vitable apr\u00e8s la d\u00e9cision de la Chambre des repr\u00e9sentants de supprimer 1,1 milliard de dollars de financement sur deux ans. Les sc\u00e9naristes appellent alors les \u00e9lus et \u00abdirigeants de l\u2019industrie \u00e0 r\u00e9sister \u00e0 ces exc\u00e8s\u00bb et invitent \u00abchaque personne pr\u00eate \u00e0 se battre pour un avenir libre et d\u00e9mocratique, \u00e0 faire entendre sa voix\u00bb.<\/p>\n<p class=\"sc-ksZaOG ehjQrN text-element\">\u00abCe n\u2019est certes pas la premi\u00e8re fois que la libert\u00e9 d\u2019expression est attaqu\u00e9e dans ce pays, mais elle demeure un droit, car des g\u00e9n\u00e9rations d\u2019Am\u00e9ricains se sont consacr\u00e9es \u00e0 sa protection, conclut la lettre. Cette p\u00e9riode de la vie am\u00e9ricaine ne durera pas \u00e9ternellement, et lorsqu\u2019elle sera termin\u00e9e, le monde se souviendra de ceux qui ont eu le courage de s\u2019exprimer.\u00bb<\/p>\n","protected":false},"excerpt":{"rendered":"\u00abNotre travail et nos coll\u00e8gues sont menac\u00e9s\u00bb, s\u2019inqui\u00e8tent quelque 2 300 auteurs am\u00e9ricains dans une lettre ouverte mise&hellip;\n","protected":false},"author":2,"featured_media":302997,"comment_status":"","ping_status":"","sticky":false,"template":"","format":"standard","meta":{"footnotes":""},"categories":[1589],"tags":[11,75,73,1866,12,1864,1865,1863,308],"class_list":{"0":"post-302996","1":"post","2":"type-post","3":"status-publish","4":"format-standard","5":"has-post-thumbnail","7":"category-etats-unis","8":"tag-actualites","9":"tag-donald-trump","10":"tag-etats-unis","11":"tag-etats-unis-damerique","12":"tag-news","13":"tag-united-states","14":"tag-united-states-of-america","15":"tag-us","16":"tag-usa"},"share_on_mastodon":{"url":"https:\/\/pubeurope.com\/@fr\/114988080453942189","error":""},"_links":{"self":[{"href":"https:\/\/www.europesays.com\/fr\/wp-json\/wp\/v2\/posts\/302996","targetHints":{"allow":["GET"]}}],"collection":[{"href":"https:\/\/www.europesays.com\/fr\/wp-json\/wp\/v2\/posts"}],"about":[{"href":"https:\/\/www.europesays.com\/fr\/wp-json\/wp\/v2\/types\/post"}],"author":[{"embeddable":true,"href":"https:\/\/www.europesays.com\/fr\/wp-json\/wp\/v2\/users\/2"}],"replies":[{"embeddable":true,"href":"https:\/\/www.europesays.com\/fr\/wp-json\/wp\/v2\/comments?post=302996"}],"version-history":[{"count":0,"href":"https:\/\/www.europesays.com\/fr\/wp-json\/wp\/v2\/posts\/302996\/revisions"}],"wp:featuredmedia":[{"embeddable":true,"href":"https:\/\/www.europesays.com\/fr\/wp-json\/wp\/v2\/media\/302997"}],"wp:attachment":[{"href":"https:\/\/www.europesays.com\/fr\/wp-json\/wp\/v2\/media?parent=302996"}],"wp:term":[{"taxonomy":"category","embeddable":true,"href":"https:\/\/www.europesays.com\/fr\/wp-json\/wp\/v2\/categories?post=302996"},{"taxonomy":"post_tag","embeddable":true,"href":"https:\/\/www.europesays.com\/fr\/wp-json\/wp\/v2\/tags?post=302996"}],"curies":[{"name":"wp","href":"https:\/\/api.w.org\/{rel}","templated":true}]}}