{"id":303000,"date":"2025-08-07T15:01:13","date_gmt":"2025-08-07T15:01:13","guid":{"rendered":"https:\/\/www.europesays.com\/fr\/303000\/"},"modified":"2025-08-07T15:01:13","modified_gmt":"2025-08-07T15:01:13","slug":"universitaires-assieges-le-nouveau-maccarthysme-de-la-critique-disrael-aux-etats-unis-en-allemagne-et-en-israel","status":"publish","type":"post","link":"https:\/\/www.europesays.com\/fr\/303000\/","title":{"rendered":"Universitaires assi\u00e9g\u00e9s\u00a0: le nouveau maccarthysme de la critique d\u2019Isra\u00ebl aux \u00c9tats-Unis, en Allemagne et en Isra\u00ebl"},"content":{"rendered":"<p>\u00c0 J\u00e9rusalem, une professeure a \u00e9t\u00e9 emmen\u00e9e menott\u00e9e pour avoir critiqu\u00e9 la guerre que son gouvernement m\u00e8ne \u00e0 Gaza. Aux \u00c9tats-Unis, deux pr\u00e9sidentes d\u2019universit\u00e9 ont d\u00fb d\u00e9missionner sous la pression de donateurs oppos\u00e9s aux manifestations pro-palestiniennes. En Allemagne, une chaire de professeur invit\u00e9 a \u00e9t\u00e9 annul\u00e9e apr\u00e8s qu\u2019une universitaire juive am\u00e9ricaine a sign\u00e9 une lettre appelant <a href=\"https:\/\/www.humanite.fr\/monde\/cambodge\/apres-cinq-jours-daffrontements-sanglants-le-cambodge-et-la-thailande-conviennent-dun-cessez-le-feu\" target=\"_blank\" rel=\"noopener\">\u00e0 un cessez-le-feu<\/a>. Dans ces trois contextes nationaux \u2014 Isra\u00ebl, les \u00c9tats-Unis et l\u2019Allemagne \u2014 un nouveau maccarthysme vise les universitaires critiques de la politique isra\u00e9lienne.<\/p>\n<p>Depuis l\u2019attaque du Hamas le 7\u00a0octobre 2023 et <a href=\"https:\/\/www.humanite.fr\/monde\/aide-humanitaire\/famine-a-gaza-contraint-par-larmee-israelienne-demprunter-des-routes-dangereuses-un-camion-humanitaire-se-renverse-et-tue-20-palestiniens\" target=\"_blank\" rel=\"noopener\">la guerre men\u00e9e par Isra\u00ebl \u00e0 Gaza<\/a>, les universitaires critiques d\u2019Isra\u00ebl font face \u00e0 une r\u00e9pression grandissante. Dans ces trois pays, le simple fait de r\u00e9clamer un cessez-le-feu ou de t\u00e9moigner de la compassion pour les civils palestiniens peut entra\u00eener des repr\u00e9sailles professionnelles, des menaces judiciaires, l\u2019opprobre public, la censure, des menaces d\u2019expulsion \u2014 voire l\u2019emprisonnement.<\/p>\n<p>Nous sommes deux universitaires isra\u00e9liennes, l\u2019une en Isra\u00ebl, l\u2019autre aux \u00c9tats-Unis, cette derni\u00e8re en lien \u00e9troit avec le monde acad\u00e9mique allemand. Les \u00c9tats-Unis et l\u2019Allemagne apportent un soutien politique et militaire constant \u00e0 Isra\u00ebl, mais celles et ceux qui remettent en cause ce soutien paient un prix \u00e9lev\u00e9. Les accusations d\u2019antis\u00e9mitisme, de haine ou de trahison ciblent aussi bien des chercheurs juifs qu\u2019arabes, mais frappent plus durement encore les Palestiniens, les musulmans, les voix minoritaires.<\/p>\n<p>Aux \u00c9tats-Unis, des professeurs licenci\u00e9s et des \u00e9tudiants internationaux menac\u00e9s d\u2019expulsion<\/p>\n<p>\u00c0 Harvard et \u00e0 l\u2019Universit\u00e9 de Pennsylvanie, Claudine Gay et Liz Magill ont d\u00fb d\u00e9missionner sous la pression politique et financi\u00e8re, accus\u00e9es d\u2019avoir \u00e9t\u00e9 trop indulgentes envers des manifestations pro-palestiniennes. Des professeurs ont \u00e9t\u00e9 licenci\u00e9s, et des \u00e9tudiants internationaux ainsi qu\u2019un universitaire ont \u00e9t\u00e9 menac\u00e9s d\u2019expulsion pour leurs prises de position pro-palestiniennes.<\/p>\n<p>De plus, la d\u00e9finition de l\u2019IHRA <a href=\"https:\/\/www.humanite.fr\/monde\/antisemitisme\/affaire-vueling-incivilites-ou-antisemitisme-deux-versions-pour-un-debarquement-mediatise\" target=\"_blank\" rel=\"noopener\">de l\u2019antis\u00e9mitisme<\/a>, adopt\u00e9e dans nombre d\u2019universit\u00e9s, confond critique d\u2019Isra\u00ebl et antis\u00e9mitisme, en particulier lorsqu\u2019elle assimile l\u2019antisionisme \u00e0 de la haine et de la violence. Le climat sur les campus s\u2019est glac\u00e9\u00a0: des enseignants sont surveill\u00e9s, r\u00e9primand\u00e9s ou sanctionn\u00e9s pour leurs recherches ou leurs enseignements critiques portant sur Isra\u00ebl ou la Palestine, des \u00e9tudiants s\u2019autocensurent \u2013 le silence s\u2019installe.<\/p>\n<p>En Allemagne, la lutte contre l\u2019antis\u00e9mitisme instrumentalis\u00e9e pour \u00e9touffer la critique d\u2019Isra\u00ebl<\/p>\n<p>En Allemagne, o\u00f9 la lutte <a href=\"https:\/\/www.humanite.fr\/monde\/antisemitisme\/affaire-vueling-incivilites-ou-antisemitisme-deux-versions-pour-un-debarquement-mediatise\" target=\"_blank\" rel=\"noopener\">contre l\u2019antis\u00e9mitisme<\/a> est une priorit\u00e9 nationale, cet engagement est instrumentalis\u00e9 pour \u00e9touffer la critique d\u2019Isra\u00ebl. L\u2019histoire de la Shoah, la culpabilit\u00e9 allemande et la notion de Staatsr\u00e4son \u2014 qui fait du soutien \u00e0 Isra\u00ebl un imp\u00e9ratif moral et politique \u2014 sont invoqu\u00e9es pour d\u00e9l\u00e9gitimer toute forme de solidarit\u00e9 avec les Palestiniens.<\/p>\n<p>En 2019, <a href=\"https:\/\/www.humanite.fr\/monde\/bundestag\/allemagne-le-nouveau-parlement-inaugure-par-gregor-gysi-figure-historique-de-die-linke\" target=\"_blank\" rel=\"noopener\">le Bundestag<\/a> a qualifi\u00e9 le mouvement BDS d\u2019\u00ab\u00a0antis\u00e9mite\u00a0\u00bb\u00a0; depuis, des universitaires ont perdu des financements ou des invitations pour avoir d\u00e9fendu les droits des Palestiniens. Depuis le 7\u00a0octobre, on demande aux candidats \u00e0 des postes acad\u00e9miques de renier le BDS ou d\u2019approuver la d\u00e9finition IHRA comme condition d\u2019embauche ou de financement.<\/p>\n<p>Le soutien inconditionnel \u00e0 Isra\u00ebl est \u00e9rig\u00e9 en devoir moral\u00a0; les voix critiques sont per\u00e7ues comme une atteinte au consensus moral et politique. L\u2019universitaire juive am\u00e9ricaine Amy Kaplan a ainsi vu son poste de professeur invit\u00e9 annul\u00e9 \u00e0 l\u2019universit\u00e9 de Hambourg apr\u00e8s avoir sign\u00e9 une lettre appelant \u00e0 un cessez-le-feu.<\/p>\n<p>En Isra\u00ebl, toute voix critique est r\u00e9prim\u00e9e au nom de la s\u00e9curit\u00e9 nationale et de la loyaut\u00e9 envers l\u2019\u00c9tat<\/p>\n<p><a href=\"https:\/\/www.humanite.fr\/monde\/donald-trump\/pour-proteger-ses-alliances-avec-israel-la-russie-et-le-salvador-ladministration-trump-censure-les-rapports-diplomatiques-sur-les-droits-humains\" target=\"_blank\" rel=\"noopener\">En Isra\u00ebl, toute voix critique est r\u00e9prim\u00e9e au nom de la s\u00e9curit\u00e9 nationale<\/a> et de la loyaut\u00e9 envers l\u2019\u00c9tat. Exprimer de la compassion pour les Palestiniens ou critiquer la guerre est per\u00e7u comme une trahison. Nadera Shalhoub-Kevorkian, universitaire palestinienne citoyenne d\u2019Isra\u00ebl, a \u00e9t\u00e9 arr\u00eat\u00e9e apr\u00e8s avoir critiqu\u00e9 la guerre \u00e0 Gaza \u2013 une premi\u00e8re pour une universitaire isra\u00e9lienne.<\/p>\n<p>D\u2019autres enseignants ont \u00e9t\u00e9 suspendus ou licenci\u00e9s pour avoir exprim\u00e9 des positions pro-palestiniennes. De nouvelles ordonnances d\u2019urgence promulgu\u00e9es apr\u00e8s le 7\u00a0octobre restreignent encore la libert\u00e9 d\u2019expression, en assimilant la critique \u00e0 l\u2019incitation. La loi \u00ab\u00a0Nakba\u00a0\u00bb de 2011 autorise le gouvernement \u00e0 r\u00e9duire les subventions des institutions qui comm\u00e9morent la catastrophe palestinienne de 1948. La fronti\u00e8re entre dissidence et criminalit\u00e9 s\u2019efface.<\/p>\n<p>La libert\u00e9 acad\u00e9mique, pierre angulaire de la vie d\u00e9mocratique<\/p>\n<p>La libert\u00e9 acad\u00e9mique n\u2019est pas un luxe de tour d\u2019ivoire\u00a0; elle est une pierre angulaire de la vie d\u00e9mocratique. Quand des professeurs sont licenci\u00e9s et des \u00e9tudiants sanctionn\u00e9s pour s\u2019\u00eatre exprim\u00e9s, ce n\u2019est pas qu\u2019un probl\u00e8me universitaire \u2013 c\u2019est un probl\u00e8me d\u00e9mocratique. <a href=\"https:\/\/www.humanite.fr\/monde\/donald-trump\/pour-proteger-ses-alliances-avec-israel-la-russie-et-le-salvador-ladministration-trump-censure-les-rapports-diplomatiques-sur-les-droits-humains\" target=\"_blank\" rel=\"noopener\">La r\u00e9pression de la critique d\u2019Isra\u00ebl<\/a> s\u2019inscrit dans une \u00e9rosion plus vaste de l\u2019espace public. Message gla\u00e7ant\u00a0: certaines v\u00e9rit\u00e9s doivent rester cach\u00e9es.<\/p>\n<p>Paradoxalement, l\u2019acharnement de cette r\u00e9pression prouve l\u2019importance de nos id\u00e9es\u00a0: si elles \u00e9taient insignifiantes, nul ne chercherait autant \u00e0 les faire taire.<\/p>\n<p>Universitaires, \u00e9tudiants, artistes\u00a0: <a href=\"https:\/\/www.humanite.fr\/monde\/donald-trump\/pour-proteger-ses-alliances-avec-israel-la-russie-et-le-salvador-ladministration-trump-censure-les-rapports-diplomatiques-sur-les-droits-humains\" target=\"_blank\" rel=\"noopener\">faisons front commun et refusons l\u2019intimidation<\/a>. Exigeons le droit de questionner et de nous exprimer sans crainte. Le nouveau maccarthysme ne r\u00e9ussira que si nous laissons la peur l\u2019emporter\u00a0; il \u00e9chouera si nous r\u00e9pondons par une solidarit\u00e9 internationale.<\/p>\n<p>Aujourd\u2019hui, l\u2019universitaire est vis\u00e9 \u2014 comme le sont journalistes, avocats, artistes et toutes celles et ceux qui osent penser, cr\u00e9er ou t\u00e9moigner. Prenons la parole non seulement pour nous-m\u00eames, mais pour un espace public plus juste et honn\u00eate. Quand nous parlons d\u2019une seule voix, nous faisons plus que r\u00e9sister \u2013 nous \u00e9largissons le champ du possible.<\/p>\n<p>Katharina Galor enseigne les \u00e9tudes juives et le Moyen-Orient \u00e0 l\u2019Universit\u00e9 Brown, aux \u00c9tats-Unis. Elle a publi\u00e9 Out of Gaza\u00a0: A Tale of Love, Exile, and Friendship (Potomac Books, 2025), et ses recherches portent sur la culture visuelle, le patrimoine et le conflit isra\u00e9lo-palestinien.<\/p>\n<p>Noga Wolff enseigne au College of Management Academic Studies, en Isra\u00ebl. Elle a \u00e9crit sur les interpr\u00e9tations historiographiques de l\u2019antis\u00e9mitisme et s\u2019int\u00e9resse aux questions d\u2019identit\u00e9, de p\u00e9dagogie et de soci\u00e9t\u00e9 dans l\u2019Isra\u00ebl contemporain.<\/p>\n<p>Le journal des intelligences libres<\/p>\n<p>\u00ab C\u2019est par des informations \u00e9tendues et exactes que nous voudrions donner \u00e0 toutes les intelligences libres <strong>le moyen de comprendre et de juger elles-m\u00eames les \u00e9v\u00e9nements du monde<\/strong>. \u00bb<br \/>Tel \u00e9tait <strong>\u00ab\u00a0Notre but\u00a0\u00bb<\/strong>, comme l\u2019\u00e9crivait Jean Jaur\u00e8s dans le premier \u00e9ditorial de l\u2019Humanit\u00e9.<br \/><strong>120 ans plus tard, il n\u2019a pas chang\u00e9. <br \/>Gr\u00e2ce \u00e0 vous. <\/strong><br \/>Soutenez-nous\u00a0! Votre don sera d\u00e9fiscalis\u00e9\u00a0: donner 5\u20ac vous reviendra \u00e0 1.65\u20ac. Le prix d\u2019un caf\u00e9.<br \/><a href=\"https:\/\/www.humanite.fr\/lhumanite-cest-vous\" target=\"_blank\" rel=\"noopener\">Je veux en savoir plus\u00a0!<\/a><\/p>\n","protected":false},"excerpt":{"rendered":"\u00c0 J\u00e9rusalem, une professeure a \u00e9t\u00e9 emmen\u00e9e menott\u00e9e pour avoir critiqu\u00e9 la guerre que son gouvernement m\u00e8ne \u00e0&hellip;\n","protected":false},"author":2,"featured_media":303001,"comment_status":"","ping_status":"","sticky":false,"template":"","format":"standard","meta":{"footnotes":""},"categories":[1587],"tags":[11,672,1804,1805,1803,1777,674,1801,15130,15131,12,1802,38090],"class_list":{"0":"post-303000","1":"post","2":"type-post","3":"status-publish","4":"format-standard","5":"has-post-thumbnail","7":"category-allemagne","8":"tag-actualites","9":"tag-allemagne","10":"tag-bundesrepublik-deutschland","11":"tag-de","12":"tag-deutschland","13":"tag-eu","14":"tag-europe","15":"tag-germany","16":"tag-guerre-u00e0-gaza","17":"tag-israu00ebl-palestine","18":"tag-news","19":"tag-republique-federale-dallemagne","20":"tag-u00e9tat-de-palestine"},"share_on_mastodon":{"url":"https:\/\/pubeurope.com\/@fr\/114988088398706339","error":""},"_links":{"self":[{"href":"https:\/\/www.europesays.com\/fr\/wp-json\/wp\/v2\/posts\/303000","targetHints":{"allow":["GET"]}}],"collection":[{"href":"https:\/\/www.europesays.com\/fr\/wp-json\/wp\/v2\/posts"}],"about":[{"href":"https:\/\/www.europesays.com\/fr\/wp-json\/wp\/v2\/types\/post"}],"author":[{"embeddable":true,"href":"https:\/\/www.europesays.com\/fr\/wp-json\/wp\/v2\/users\/2"}],"replies":[{"embeddable":true,"href":"https:\/\/www.europesays.com\/fr\/wp-json\/wp\/v2\/comments?post=303000"}],"version-history":[{"count":0,"href":"https:\/\/www.europesays.com\/fr\/wp-json\/wp\/v2\/posts\/303000\/revisions"}],"wp:featuredmedia":[{"embeddable":true,"href":"https:\/\/www.europesays.com\/fr\/wp-json\/wp\/v2\/media\/303001"}],"wp:attachment":[{"href":"https:\/\/www.europesays.com\/fr\/wp-json\/wp\/v2\/media?parent=303000"}],"wp:term":[{"taxonomy":"category","embeddable":true,"href":"https:\/\/www.europesays.com\/fr\/wp-json\/wp\/v2\/categories?post=303000"},{"taxonomy":"post_tag","embeddable":true,"href":"https:\/\/www.europesays.com\/fr\/wp-json\/wp\/v2\/tags?post=303000"}],"curies":[{"name":"wp","href":"https:\/\/api.w.org\/{rel}","templated":true}]}}