{"id":303002,"date":"2025-08-07T15:02:10","date_gmt":"2025-08-07T15:02:10","guid":{"rendered":"https:\/\/www.europesays.com\/fr\/303002\/"},"modified":"2025-08-07T15:02:10","modified_gmt":"2025-08-07T15:02:10","slug":"la-finlande-championne-deurope-de-souverainete","status":"publish","type":"post","link":"https:\/\/www.europesays.com\/fr\/303002\/","title":{"rendered":"La Finlande championne d&rsquo;Europe de souverainet\u00e9"},"content":{"rendered":"<p><strong>En Finlande, les PME et les particuliers sont les plus engag\u00e9s dans la souverainet\u00e9. Dans d\u2019autres pays europ\u00e9ens, la prise de conscience augmente, mais l\u2019autonomie reste un id\u00e9al difficile \u00e0 r\u00e9aliser. <\/strong><\/p>\n<p>Quel pays europ\u00e9en affiche la plus grande ind\u00e9pendance num\u00e9rique ? Alors que la souverainet\u00e9 est <a href=\"https:\/\/itdaily.fr\/cloud\/\" rel=\"nofollow noopener\" target=\"_blank\">un th\u00e8me populaire<\/a> en Europe, l\u2019entreprise de logiciels open source Nextcloud s\u2019aventure \u00e0 r\u00e9pondre \u00e0 cette question. Le r\u00e9sultat est la premi\u00e8re version de l\u2019<a href=\"https:\/\/dsi.nextcloud.com\/\" rel=\"nofollow noopener\" target=\"_blank\">\u00ab indice de souverainet\u00e9 num\u00e9rique \u00bb<\/a>, qui classe les pays selon l\u2019utilisation d\u2019infrastructures logicielles auto-h\u00e9berg\u00e9es.  <\/p>\n<p>Sur la base de ce classement, la Finlande peut se proclamer premi\u00e8re championne europ\u00e9enne de la souverainet\u00e9 num\u00e9rique. L\u2019Allemagne et les Pays-Bas compl\u00e8tent le podium. La Belgique, le Royaume-Uni, l\u2019Italie, l\u2019Espagne et le Danemark se situent en dessous de la moyenne europ\u00e9enne.  <\/p>\n<p>Formule complexe<\/p>\n<p>L\u2019analyse de Nextcloud m\u00e9rite toutefois d\u2019\u00eatre nuanc\u00e9e. Nextcloud prend l\u2019utilisation d\u2019infrastructures logicielles auto-h\u00e9berg\u00e9es comme crit\u00e8re de souverainet\u00e9. Cela diff\u00e8re par exemple de la d\u00e9finition de l\u2019Union europ\u00e9enne, qui consid\u00e8re \u00e9galement l\u2019utilisation de solutions cloud purement europ\u00e9ennes comme souveraines.  <\/p>\n<p><a href=\"https:\/\/itdaily.fr\/nouvelles\/business\/ue-vend-du-vent-avec-souverainete\/?utm_medium=readmore&amp;utm_source=finlande-championne-europeenne-de-la-souverainete\" rel=\"ugc nofollow noopener\" id=\"readalso-block_2cfa5fd84bd28aeb032e0c8a6bbe4937\" class=\"readalso cube\" target=\"_blank\"><\/p>\n<p class=\"readalso-title\">lire aussi<\/p>\n<p>    L\u2019UE vend du vent avec sa strat\u00e9gie de souverainet\u00e9 num\u00e9rique<br \/>\n<\/a><\/p>\n<p>Un autre aspect est le calcul complexe utilis\u00e9 par Nextcloud. L\u2019entreprise a d\u2019abord litt\u00e9ralement compt\u00e9 le nombre de solutions auto-h\u00e9berg\u00e9es, de l\u2019h\u00e9bergement de fichiers \u00e0 la gestion de projets. Ensuite, ce nombre d\u2019impl\u00e9mentations visibles a \u00e9t\u00e9 converti en ratio pour 100 000 habitants, afin de minimiser l\u2019impact du facteur d\u00e9mographique.  <\/p>\n<p>L\u2019indice de Nextcloud est donc tout au plus relatif et compare la position des pays les uns par rapport aux autres. Seules les installations visibles ont \u00e9t\u00e9 prises en compte. L\u2019indice refl\u00e8te davantage le comportement des PME et des particuliers que celui des grandes entreprises et des gouvernements, admet l\u2019entreprise elle-m\u00eame.  <\/p>\n<p>La Finlande en t\u00eate, la Belgique \u00e0 la tra\u00eene<\/p>\n<p>Maintenant que vous comprenez les math\u00e9matiques complexes derri\u00e8re l\u2019indice, nous pouvons approfondir les r\u00e9sultats. La Finlande obtient le score le plus \u00e9lev\u00e9 de Nextcloud (64,30). Le pays scandinave est seul en t\u00eate en Europe : l\u2019Allemagne et les Pays-Bas suivent avec des scores respectifs de 53,85 et 36,62. Selon Nextcloud, bien qu\u2019il existe une prise de conscience de la souverainet\u00e9 chez nos voisins, la d\u00e9pendance \u00e0 la technologie \u00e9trang\u00e8re reste \u00e9lev\u00e9e.   <\/p>\n<p>L\u00e0 o\u00f9 il y a des leaders, il y a aussi des retardataires. Dans l\u2019ensemble, le score de souverainet\u00e9 est faible en Europe : la moyenne europ\u00e9enne est de 16,31. Plusieurs pays se situent largement en dessous de ce seuil, dont la Belgique avec un score de 7,15. Le Danemark et l\u2019Italie font encore moins bien avec 6,5.   <\/p>\n<p><a href=\"https:\/\/itdaily.fr\/nouvelles\/business\/gouvernement-danois-proscrire-microsoft\/?utm_medium=readmore&amp;utm_source=finlande-championne-europeenne-de-la-souverainete\" rel=\"ugc nofollow noopener\" id=\"readalso-block_a81e2f622d3d61e2c4b4ffab488d3f22\" class=\"readalso cube\" target=\"_blank\"><\/p>\n<p class=\"readalso-title\">lire aussi<\/p>\n<p>    Le gouvernement danois souhaite proscrire Microsoft<br \/>\n<\/a><\/p>\n<p>Si cette \u00e9tude peut nous apprendre quelque chose, c\u2019est que la souverainet\u00e9 <a href=\"https:\/\/itdaily.fr\/cloud\/\" rel=\"nofollow noopener\" target=\"_blank\">sonne bien sur le papier<\/a>, mais que sa traduction dans la pratique est difficile \u00e0 r\u00e9aliser. Les entreprises technologiques am\u00e9ricaines ont <a href=\"https:\/\/itdaily.fr\/cloud\/\" rel=\"nofollow noopener\" target=\"_blank\">un pied plus que solide<\/a> dans le paysage informatique europ\u00e9en et ne c\u00e9deront pas cette position facilement. Elles proposent aussi des solutions souveraines, mais Microsoft a r\u00e9cemment admis que c\u2019\u00e9tait plut\u00f4t <a href=\"https:\/\/itdaily.fr\/cloud\/\" rel=\"nofollow noopener\" target=\"_blank\">une promesse creuse<\/a>.  <\/p>\n","protected":false},"excerpt":{"rendered":"En Finlande, les PME et les particuliers sont les plus engag\u00e9s dans la souverainet\u00e9. Dans d\u2019autres pays europ\u00e9ens,&hellip;\n","protected":false},"author":2,"featured_media":303003,"comment_status":"","ping_status":"","sticky":false,"template":"","format":"standard","meta":{"footnotes":""},"categories":[1586],"tags":[11,1777,674,1011,27,12,44303,25,10532],"class_list":{"0":"post-303002","1":"post","2":"type-post","3":"status-publish","4":"format-standard","5":"has-post-thumbnail","7":"category-europe","8":"tag-actualites","9":"tag-eu","10":"tag-europe","11":"tag-fr","12":"tag-france","13":"tag-news","14":"tag-nextcloud","15":"tag-republique-francaise","16":"tag-souverainete"},"share_on_mastodon":{"url":"https:\/\/pubeurope.com\/@fr\/114988092194693931","error":""},"_links":{"self":[{"href":"https:\/\/www.europesays.com\/fr\/wp-json\/wp\/v2\/posts\/303002","targetHints":{"allow":["GET"]}}],"collection":[{"href":"https:\/\/www.europesays.com\/fr\/wp-json\/wp\/v2\/posts"}],"about":[{"href":"https:\/\/www.europesays.com\/fr\/wp-json\/wp\/v2\/types\/post"}],"author":[{"embeddable":true,"href":"https:\/\/www.europesays.com\/fr\/wp-json\/wp\/v2\/users\/2"}],"replies":[{"embeddable":true,"href":"https:\/\/www.europesays.com\/fr\/wp-json\/wp\/v2\/comments?post=303002"}],"version-history":[{"count":0,"href":"https:\/\/www.europesays.com\/fr\/wp-json\/wp\/v2\/posts\/303002\/revisions"}],"wp:featuredmedia":[{"embeddable":true,"href":"https:\/\/www.europesays.com\/fr\/wp-json\/wp\/v2\/media\/303003"}],"wp:attachment":[{"href":"https:\/\/www.europesays.com\/fr\/wp-json\/wp\/v2\/media?parent=303002"}],"wp:term":[{"taxonomy":"category","embeddable":true,"href":"https:\/\/www.europesays.com\/fr\/wp-json\/wp\/v2\/categories?post=303002"},{"taxonomy":"post_tag","embeddable":true,"href":"https:\/\/www.europesays.com\/fr\/wp-json\/wp\/v2\/tags?post=303002"}],"curies":[{"name":"wp","href":"https:\/\/api.w.org\/{rel}","templated":true}]}}