{"id":303004,"date":"2025-08-07T15:03:12","date_gmt":"2025-08-07T15:03:12","guid":{"rendered":"https:\/\/www.europesays.com\/fr\/303004\/"},"modified":"2025-08-07T15:03:12","modified_gmt":"2025-08-07T15:03:12","slug":"comparatif-ue-chine-radiographie-du-duel-entre-deux-puissances-economiques-aux-modeles-differents","status":"publish","type":"post","link":"https:\/\/www.europesays.com\/fr\/303004\/","title":{"rendered":"[Comparatif] UE\/Chine : radiographie du duel entre deux puissances \u00e9conomiques aux mod\u00e8les diff\u00e9rents"},"content":{"rendered":"<p>\t[Comparatif] UE\/Chine : radiographie du duel entre deux puissances \u00e9conomiques aux mod\u00e8les diff\u00e9rents &#8211; Touteleurope.eu<\/p>\n<p>\t\t<img decoding=\"async\" alt=\"fermer\" class=\"close-info\" src=\"https:\/\/www.touteleurope.eu\/wp-content\/themes\/toute_leurope\/assets\/images\/close-picto-blue.svg\"\/><\/p>\n<p>Touteleurope.eu est le site p\u00e9dagogique de r\u00e9f\u00e9rence sur les questions europ\u00e9ennes : <a href=\"https:\/\/www.touteleurope.eu\/qui-sommes-nous\/\" target=\"_blank\" rel=\"noopener\">Qui sommes-nous ?<\/a><\/p>\n<p><img decoding=\"async\" class=\"logo-pdf\" alt=\"Toute L'Europe \u2013 Comprendre l'Europe\" src=\"https:\/\/www.touteleurope.eu\/wp-content\/themes\/toute_leurope\/assets\/images\/logo-ttl.svg\"\/><\/p>\n","protected":false},"excerpt":{"rendered":"[Comparatif] UE\/Chine : radiographie du duel entre deux puissances \u00e9conomiques aux mod\u00e8les diff\u00e9rents &#8211; Touteleurope.eu Touteleurope.eu est le&hellip;\n","protected":false},"author":2,"featured_media":303005,"comment_status":"","ping_status":"","sticky":false,"template":"","format":"standard","meta":{"footnotes":""},"categories":[1586],"tags":[11,309,214,215,554,6969,33,8307,436,1777,674,1779,1011,27,12,6311,25,71,1778,364],"class_list":{"0":"post-303004","1":"post","2":"type-post","3":"status-publish","4":"format-standard","5":"has-post-thumbnail","7":"category-europe","8":"tag-actualites","9":"tag-chine","10":"tag-chomage","11":"tag-commerce","12":"tag-defense","13":"tag-demographie","14":"tag-economie","15":"tag-emissions-de-gaz-a-effet-de-serre","16":"tag-environnement","17":"tag-eu","18":"tag-europe","19":"tag-european-union","20":"tag-fr","21":"tag-france","22":"tag-news","23":"tag-pib","24":"tag-republique-francaise","25":"tag-sante","26":"tag-ue","27":"tag-union-europeenne"},"share_on_mastodon":{"url":"https:\/\/pubeurope.com\/@fr\/114988096232625375","error":""},"_links":{"self":[{"href":"https:\/\/www.europesays.com\/fr\/wp-json\/wp\/v2\/posts\/303004","targetHints":{"allow":["GET"]}}],"collection":[{"href":"https:\/\/www.europesays.com\/fr\/wp-json\/wp\/v2\/posts"}],"about":[{"href":"https:\/\/www.europesays.com\/fr\/wp-json\/wp\/v2\/types\/post"}],"author":[{"embeddable":true,"href":"https:\/\/www.europesays.com\/fr\/wp-json\/wp\/v2\/users\/2"}],"replies":[{"embeddable":true,"href":"https:\/\/www.europesays.com\/fr\/wp-json\/wp\/v2\/comments?post=303004"}],"version-history":[{"count":0,"href":"https:\/\/www.europesays.com\/fr\/wp-json\/wp\/v2\/posts\/303004\/revisions"}],"wp:featuredmedia":[{"embeddable":true,"href":"https:\/\/www.europesays.com\/fr\/wp-json\/wp\/v2\/media\/303005"}],"wp:attachment":[{"href":"https:\/\/www.europesays.com\/fr\/wp-json\/wp\/v2\/media?parent=303004"}],"wp:term":[{"taxonomy":"category","embeddable":true,"href":"https:\/\/www.europesays.com\/fr\/wp-json\/wp\/v2\/categories?post=303004"},{"taxonomy":"post_tag","embeddable":true,"href":"https:\/\/www.europesays.com\/fr\/wp-json\/wp\/v2\/tags?post=303004"}],"curies":[{"name":"wp","href":"https:\/\/api.w.org\/{rel}","templated":true}]}}