{"id":303011,"date":"2025-08-07T15:09:12","date_gmt":"2025-08-07T15:09:12","guid":{"rendered":"https:\/\/www.europesays.com\/fr\/303011\/"},"modified":"2025-08-07T15:09:12","modified_gmt":"2025-08-07T15:09:12","slug":"stade-rochelais-will-skelton-participera-au-rugby-championship-avec-laustralie-sud-ouest","status":"publish","type":"post","link":"https:\/\/www.europesays.com\/fr\/303011\/","title":{"rendered":"Stade Rochelais : Will Skelton participera au Rugby Championship avec l\u2019Australie &#8211; Sud Ouest"},"content":{"rendered":"<ol>\n<li><a href=\"https:\/\/news.google.com\/rss\/articles\/CBMi3AFBVV95cUxOSmxmUWdmcVljTG5rOFpsVXVFZEpGa3Nfd2RET05sc1oyaTU1X2dWSXliQ2Z2WnRqY04wLWE0S09jUWJQcm1YRDh0OUxTbFBpaEdXN0NzWVRiLWlMcWJlT2J5dmV2YnBSNzIyaTQ0aWhveE5BdVFjaFVWSzhvMUlDR0FrT05Xbk5VTW94RVNkc3hQYkJ4YVVyTGNsM1lURjJHQ3ZlUXVnR0hYQzY5b29PZjQ3TFpHM1JTUjRDZ0luelZKalNxeDN0dlZXbW1xYWFveldyMXVnU2hiTTJU?oc=5\" target=\"_blank\" rel=\"nofollow noopener\">Stade Rochelais : Will Skelton participera au Rugby Championship avec l\u2019Australie<\/a>&nbsp;&nbsp;Sud Ouest<\/li>\n<li><a href=\"https:\/\/news.google.com\/rss\/articles\/CBMi0gFBVV95cUxPUWs3SlNCY0FxNW5teXprdnZOZk9JblJjU1ZHaDVZamU1ZEt0N1ktVUoyMU9wN0lwbXRNdzBkZ050TE1CSml4UTJob2ZOajNaRWNlM1R1MDVRZmk3TThZNGVpR2VaRTc2aGQwQ2szSFJZaXRGSEd4YUNhTV9tMU5jUnhDR2l0SUp6NEFfb3RJN1NwcEFIeXZpQW5nOU92RzVLeEtJRmpyM0owdGJ1Z2hyODBpa2hGaExNVFgxSXlYd0l2QTREWlVFOFRCZFNlV0ZjVUE?oc=5\" target=\"_blank\" rel=\"nofollow noopener\">Stade Rochelais : le club est d\u00e9j\u00e0 \u00e0 la recherche d\u2019un joker m\u00e9dical, un poste inqui\u00e8te le staff<\/a>&nbsp;&nbsp;Quinze Mondial<\/li>\n<li><a href=\"https:\/\/news.google.com\/rss\/articles\/CBMigAFBVV95cUxPVjNJWExGdDBVS1VWSmRZYmdrSzhNczBPTENZYVhpenQzNngwb3oycTU0MXA0cTJwYkgwbXh1Nl92OXA2azktWjZST0RGS2NLLWNzRVZOLXZlNjEzNDY3ZFNlbFlWaVhCZVFDTFN6Wmp1dUNWUmZBQlROY0lUOTd4Qw?oc=5\" target=\"_blank\" rel=\"nofollow noopener\">La Rochelle en qu\u00eate d\u2019un joker m\u00e9dical en urgence !<\/a>&nbsp;&nbsp;Blog RCT<\/li>\n<li><a href=\"https:\/\/news.google.com\/rss\/articles\/CBMipgFBVV95cUxQTUZicWNLUC11dU9jNmNPMS1MdDc1SkwyWVYwR2JFd3lMRHFzRVFTX2haRnoycGcyVDVwOU9hYnk2VWt2eVBGaXo1clBwOXFmYzRrb3hVMWhOT0hfNU51WWhhazVWYXFXZzRWM3dvTmNyNVloY0NNR2ZxSmtqb2NMYkRYT0RnaE9Bbk9kQXpReDFkaTIwcEd6alRlbjZKSmpiNVROMWVn?oc=5\" target=\"_blank\" rel=\"nofollow noopener\">Le Stade Rochelais probablement priv\u00e9 de Will Skelton pour le d\u00e9but du Top 14 !<\/a>&nbsp;&nbsp;Blog RCT<\/li>\n<li><a href=\"https:\/\/news.google.com\/rss\/articles\/CBMi2wFBVV95cUxNRDBwMS1iaWdGN1hhM2ozalJnNEs1OEo4SHBySTB2YXVvR3FJM09KVzlsajdaNUtmbXItaHhZY1ZBUFJxN3VZbjFoR3gwNFdwQTltVFJhV2prNW9OU2doV0NOQ2szdDlFNWtPNnVDMzZwZmtlTkhZakxzczZ3Wk43MjRCQkxEUlpJLXU0V1VBdHpjLWlONUpRSU1aYl8zQ2VCTHIycEtFaEJtQ01LTllVTmsyVzhDNjV2S2NOUDlkNUNYb25xM2hrUXAwNlViekhRMllBSW5aRGRSVWM?oc=5\" target=\"_blank\" rel=\"nofollow noopener\">Stade Rochelais : le club va devoir g\u00e9rer un poste d\u00e9licat en 2026, entre blessures et fins de contrat !<\/a>&nbsp;&nbsp;Quinze Mondial<\/li>\n<\/ol>\n","protected":false},"excerpt":{"rendered":"Stade Rochelais : Will Skelton participera au Rugby Championship avec l\u2019Australie&nbsp;&nbsp;Sud Ouest Stade Rochelais : le club est&hellip;\n","protected":false},"author":2,"featured_media":303012,"comment_status":"","ping_status":"","sticky":false,"template":"","format":"standard","meta":{"footnotes":""},"categories":[1416],"tags":[1011,27,479,1468,60],"class_list":{"0":"post-303011","1":"post","2":"type-post","3":"status-publish","4":"format-standard","5":"has-post-thumbnail","7":"category-rugby","8":"tag-fr","9":"tag-france","10":"tag-rugby","11":"tag-rugby-football","12":"tag-sports"},"share_on_mastodon":{"url":"https:\/\/pubeurope.com\/@fr\/114988119660718292","error":""},"_links":{"self":[{"href":"https:\/\/www.europesays.com\/fr\/wp-json\/wp\/v2\/posts\/303011","targetHints":{"allow":["GET"]}}],"collection":[{"href":"https:\/\/www.europesays.com\/fr\/wp-json\/wp\/v2\/posts"}],"about":[{"href":"https:\/\/www.europesays.com\/fr\/wp-json\/wp\/v2\/types\/post"}],"author":[{"embeddable":true,"href":"https:\/\/www.europesays.com\/fr\/wp-json\/wp\/v2\/users\/2"}],"replies":[{"embeddable":true,"href":"https:\/\/www.europesays.com\/fr\/wp-json\/wp\/v2\/comments?post=303011"}],"version-history":[{"count":0,"href":"https:\/\/www.europesays.com\/fr\/wp-json\/wp\/v2\/posts\/303011\/revisions"}],"wp:featuredmedia":[{"embeddable":true,"href":"https:\/\/www.europesays.com\/fr\/wp-json\/wp\/v2\/media\/303012"}],"wp:attachment":[{"href":"https:\/\/www.europesays.com\/fr\/wp-json\/wp\/v2\/media?parent=303011"}],"wp:term":[{"taxonomy":"category","embeddable":true,"href":"https:\/\/www.europesays.com\/fr\/wp-json\/wp\/v2\/categories?post=303011"},{"taxonomy":"post_tag","embeddable":true,"href":"https:\/\/www.europesays.com\/fr\/wp-json\/wp\/v2\/tags?post=303011"}],"curies":[{"name":"wp","href":"https:\/\/api.w.org\/{rel}","templated":true}]}}