{"id":303013,"date":"2025-08-07T15:10:10","date_gmt":"2025-08-07T15:10:10","guid":{"rendered":"https:\/\/www.europesays.com\/fr\/303013\/"},"modified":"2025-08-07T15:10:10","modified_gmt":"2025-08-07T15:10:10","slug":"atp-cincinnati-jannik-sinner-veut-casser-son-image-les-gens-me-connaissent-comme-quelquun-de-serieux-sur-le-court-mais-dans-la-realite-ce-nest-pas-vraiment-le-cas-ce-nest-pas-parce-que-le","status":"publish","type":"post","link":"https:\/\/www.europesays.com\/fr\/303013\/","title":{"rendered":"ATP &#8211; Cincinnati > Jannik Sinner veut casser son image : \u00ab\u00a0Les gens me connaissent comme quelqu&rsquo;un de s\u00e9rieux sur le court, mais dans la r\u00e9alit\u00e9, ce n&rsquo;est pas vraiment le cas. Ce n&rsquo;est pas parce que les gens nous connaissent en tant que joueurs de tennis, qu&rsquo;ils savent vraiment comment nous vivons\u00a0\u00bb"},"content":{"rendered":"<p>R\u00e9put\u00e9 pour \u00eatre un joueur tr\u00e8s s\u00e9rieux et un peu froid, contrai\u00adre\u00adment \u00e0 son grand rival, Carlos Alcaraz, Jannik Sinner, et ses \u00e9quipes de commu\u00adni\u00adca\u00adtion, ont mani\u00adfes\u00adte\u00adment l\u2019in\u00adten\u00adtion de rem\u00e9\u00addier \u00e0 cela. C\u2019est en partie pour cela qu\u2019il a d\u00e9cid\u00e9 de cr\u00e9er sa propre cha\u00eene Youtube en d\u00e9but d\u2019ann\u00e9e.<\/p>\n<p>Interrog\u00e9 \u00e0 ce sujet lors de sa conf\u00e9\u00adrence de presse d\u2019avant tournoi \u00e0 Cincinnati, l\u2019ac\u00adtuel num\u00e9ro 1 mondial n\u2019a pas cach\u00e9 une volont\u00e9 de d\u00e9ve\u00adlopper un contenu diff\u00e9\u00adrent de l\u2019image qu\u2019il peut renvoyer sur un court de tennis.\u00a0<\/p>\n<p><strong>\u00ab\u202fCe n\u2019est pas parce que les gens nous connaissent en tant que joueurs de tennis, qu\u2019ils savent vrai\u00adment comment nous vivons. Je crois que chaque joueur est diff\u00e9\u00adrent dans sa fa\u00e7on de vivre le sport et, dans ce cas, le tennis. Les gens me connaissent comme quel\u00adqu\u2019un de s\u00e9rieux sur le court, mais ce n\u2019est pas vrai\u00adment le cas. J\u2019aime m\u2019en\u00adtourer de bonnes personnes et profiter de mon temps. C\u2019\u00e9tait agr\u00e9able de voir ma famille \u00e0 Wimbledon. Nous allons sortir diff\u00e9\u00adrents types de vid\u00e9os de ce que nous avons fait pendant les trois mois o\u00f9 je n\u2019ai pas pu jouer de tour\u00adnois. J\u2019esp\u00e8re que les gens appr\u00e9\u00adcie\u00adront et qu\u2019ils appren\u00addront \u00e0 mieux me conna\u00eetre.\u202f\u00bb<\/strong><\/p>\n<p class=\"post-published-date\" style=\"color: silver; font-size: 75%; text-align: left;\">Publi\u00e9 le jeudi 7 ao\u00fbt 2025 \u00e0 14:55<\/p>\n","protected":false},"excerpt":{"rendered":"R\u00e9put\u00e9 pour \u00eatre un joueur tr\u00e8s s\u00e9rieux et un peu froid, contrai\u00adre\u00adment \u00e0 son grand rival, Carlos Alcaraz,&hellip;\n","protected":false},"author":2,"featured_media":177868,"comment_status":"","ping_status":"","sticky":false,"template":"","format":"standard","meta":{"footnotes":""},"categories":[1415],"tags":[1744,1011,27,2127,60,1467],"class_list":{"0":"post-303013","1":"post","2":"type-post","3":"status-publish","4":"format-standard","5":"has-post-thumbnail","7":"category-tennis","8":"tag-alcaraz","9":"tag-fr","10":"tag-france","11":"tag-sinner","12":"tag-sports","13":"tag-tennis"},"share_on_mastodon":{"url":"https:\/\/pubeurope.com\/@fr\/114988123627638502","error":""},"_links":{"self":[{"href":"https:\/\/www.europesays.com\/fr\/wp-json\/wp\/v2\/posts\/303013","targetHints":{"allow":["GET"]}}],"collection":[{"href":"https:\/\/www.europesays.com\/fr\/wp-json\/wp\/v2\/posts"}],"about":[{"href":"https:\/\/www.europesays.com\/fr\/wp-json\/wp\/v2\/types\/post"}],"author":[{"embeddable":true,"href":"https:\/\/www.europesays.com\/fr\/wp-json\/wp\/v2\/users\/2"}],"replies":[{"embeddable":true,"href":"https:\/\/www.europesays.com\/fr\/wp-json\/wp\/v2\/comments?post=303013"}],"version-history":[{"count":0,"href":"https:\/\/www.europesays.com\/fr\/wp-json\/wp\/v2\/posts\/303013\/revisions"}],"wp:featuredmedia":[{"embeddable":true,"href":"https:\/\/www.europesays.com\/fr\/wp-json\/wp\/v2\/media\/177868"}],"wp:attachment":[{"href":"https:\/\/www.europesays.com\/fr\/wp-json\/wp\/v2\/media?parent=303013"}],"wp:term":[{"taxonomy":"category","embeddable":true,"href":"https:\/\/www.europesays.com\/fr\/wp-json\/wp\/v2\/categories?post=303013"},{"taxonomy":"post_tag","embeddable":true,"href":"https:\/\/www.europesays.com\/fr\/wp-json\/wp\/v2\/tags?post=303013"}],"curies":[{"name":"wp","href":"https:\/\/api.w.org\/{rel}","templated":true}]}}