{"id":303016,"date":"2025-08-07T15:13:20","date_gmt":"2025-08-07T15:13:20","guid":{"rendered":"https:\/\/www.europesays.com\/fr\/303016\/"},"modified":"2025-08-07T15:13:20","modified_gmt":"2025-08-07T15:13:20","slug":"un-jeune-pilote-charentais-de-sport-mecanique-a-echelle-reduite-vise-les-championnats-deurope-junior","status":"publish","type":"post","link":"https:\/\/www.europesays.com\/fr\/303016\/","title":{"rendered":"Un jeune pilote charentais de sport m\u00e9canique \u00e0 \u00e9chelle r\u00e9duite vise les championnats d\u2019Europe junior"},"content":{"rendered":"<blockquote><p>\u00ab\u00a0\u00c0 l\u2019\u00e2ge de 2\u00a0ans, je faisais d\u00e9j\u00e0 des courses dans la maison.\u00a0\u00bb<\/p><\/blockquote>\n<p>\u00ab\u00a0L\u2019exp\u00e9rience des grands rendez-vous l\u2019a fait grandir\u00a0\u00bb, explique sa m\u00e8re qui suit, comme le reste de la famille, toutes les comp\u00e9titions. En 2023, c\u2019\u00e9tait le Portugal, en 2024, l\u2019Italie, en 2026, \u00ab\u00a0nous aurons la chance de rester en France\u00a0\u00bb, se r\u00e9jouit Fabien. Passionn\u00e9 depuis tout petit\u00a0: \u00ab\u00a0A l\u2019\u00e2ge de 2\u00a0ans, je faisais d\u00e9j\u00e0 des courses dans la maison. \u00c0\u00a08\u00a0ans, je participais \u00e0 ma premi\u00e8re course.\u00a0\u00bb<\/p>\n<p>    La r\u00e9daction vous conseille<\/p>\n<p>De p\u00e8re en fils<\/p>\n<p>Cette passion lui a \u00e9t\u00e9 transmise par son p\u00e8re, lui-m\u00eame pilote dans sa jeunesse. De pilote, il est devenu le m\u00e9cano de Fabien, l\u2019ing\u00e9nieur, le coach mental, le pr\u00e9parateur. Parce qu\u2019il ne peut pas piloter seul. Perch\u00e9 du haut de son poste de pilotage entre 1,50\u00a0m et 3, 50\u00a0m, il g\u00e8re la course en elle-m\u00eame, au volant de sa radio \u00e0 volant, autrement dit de sa t\u00e9l\u00e9commande. Avec le m\u00e9cano, en relation radio, qui l\u2019assiste, pourvoit, comme en Formule 1, \u00e0 la m\u00e9canique. Et qui pr\u00e9voit les arr\u00eats au stand pour faire le plein de carburant et changer les pneus. Aussi, il lui transmet le moindre obstacle sur la piste sur laquelle circulent douze concurrents.<\/p>\n<p>De grande connivence, les Baranger p\u00e8re et fils affrontent la piste avec professionnalisme et habilet\u00e9. Il en faut pour dompter des bolides dont les moteurs de 3,5\u00a0cm\u00b3 les propulsent \u00e0 125\u00a0km\/h en moins de trente secondes.<\/p>\n<p>L\u2019Europe en ligne de mire<\/p>\n<p>En plus de la connaissance en m\u00e9canique, ce sport m\u00e9canique \u00e0 \u00e9chelle r\u00e9duite demande une grande concentration et un pilotage d\u2019une grande pr\u00e9cision. La pratique de plusieurs sports au lyc\u00e9e o\u00f9 Fabien est pensionnaire lui a permis \u00ab\u00a0d\u2019acqu\u00e9rir concentration, endurance, adresse\u00a0\u00bb, confie sa m\u00e8re.<\/p>\n<p>Lyc\u00e9en en \u00ab\u00a0Management \u2013 Gestion\u00a0\u00bb, Fabien sait que ce sera tr\u00e8s dur de vivre de cette passion, il s\u2019assure d\u2019une bonne formation au cas o\u00f9. \u00ab\u00a0Avec une t\u00eate bien pleine dans un corps bien fait\u00a0\u00bb, le jeune Charentais a \u00e9t\u00e9 rep\u00e9r\u00e9 et enr\u00f4l\u00e9 en \u00e9quipe de France junior depuis 2022, ann\u00e9e d\u2019une quatri\u00e8me place au championnat de France national. L\u2019ann\u00e9e suivante, sa pr\u00e9cocit\u00e9 lui vaut un quart de finale du championnat d\u2019Europe, un titre de champion de France national et un titre de champion de ligue. En 2024, les bons classements lui sourient. Sur le circuit de Locorotondo, Fabien termine 3e junior au championnat d\u2019Europe. Il est 7e au championnat de France \u00c9lite et champion de ligue.<\/p>\n<p>Tout naturellement, \u00e0 Halifax, il vise un titre de champion d\u2019Europe junior. Fabien est d\u00e9j\u00e0 concentr\u00e9 pour affronter trois jours d\u2019essais libres, un jour de qualification et les finales, o\u00f9 en 4 minutes, il faudra effectuer le plus grand nombre de tours.<\/p>\n","protected":false},"excerpt":{"rendered":"\u00ab\u00a0\u00c0 l\u2019\u00e2ge de 2\u00a0ans, je faisais d\u00e9j\u00e0 des courses dans la maison.\u00a0\u00bb \u00ab\u00a0L\u2019exp\u00e9rience des grands rendez-vous l\u2019a fait&hellip;\n","protected":false},"author":2,"featured_media":303017,"comment_status":"","ping_status":"","sticky":false,"template":"","format":"standard","meta":{"footnotes":""},"categories":[1412],"tags":[1451,1452,1453,1454,1455,1011,27,60],"class_list":{"0":"post-303016","1":"post","2":"type-post","3":"status-publish","4":"format-standard","5":"has-post-thumbnail","7":"category-f1","8":"tag-f1","9":"tag-formula-1","10":"tag-formula1","11":"tag-formule-1","12":"tag-formule1","13":"tag-fr","14":"tag-france","15":"tag-sports"},"share_on_mastodon":{"url":"https:\/\/pubeurope.com\/@fr\/114988135498006387","error":""},"_links":{"self":[{"href":"https:\/\/www.europesays.com\/fr\/wp-json\/wp\/v2\/posts\/303016","targetHints":{"allow":["GET"]}}],"collection":[{"href":"https:\/\/www.europesays.com\/fr\/wp-json\/wp\/v2\/posts"}],"about":[{"href":"https:\/\/www.europesays.com\/fr\/wp-json\/wp\/v2\/types\/post"}],"author":[{"embeddable":true,"href":"https:\/\/www.europesays.com\/fr\/wp-json\/wp\/v2\/users\/2"}],"replies":[{"embeddable":true,"href":"https:\/\/www.europesays.com\/fr\/wp-json\/wp\/v2\/comments?post=303016"}],"version-history":[{"count":0,"href":"https:\/\/www.europesays.com\/fr\/wp-json\/wp\/v2\/posts\/303016\/revisions"}],"wp:featuredmedia":[{"embeddable":true,"href":"https:\/\/www.europesays.com\/fr\/wp-json\/wp\/v2\/media\/303017"}],"wp:attachment":[{"href":"https:\/\/www.europesays.com\/fr\/wp-json\/wp\/v2\/media?parent=303016"}],"wp:term":[{"taxonomy":"category","embeddable":true,"href":"https:\/\/www.europesays.com\/fr\/wp-json\/wp\/v2\/categories?post=303016"},{"taxonomy":"post_tag","embeddable":true,"href":"https:\/\/www.europesays.com\/fr\/wp-json\/wp\/v2\/tags?post=303016"}],"curies":[{"name":"wp","href":"https:\/\/api.w.org\/{rel}","templated":true}]}}