{"id":303018,"date":"2025-08-07T15:14:10","date_gmt":"2025-08-07T15:14:10","guid":{"rendered":"https:\/\/www.europesays.com\/fr\/303018\/"},"modified":"2025-08-07T15:14:10","modified_gmt":"2025-08-07T15:14:10","slug":"cyclisme-tour-de-pologne-paul-magnier-soffre-la-4e-etape-paul-lapeira-conserve-le-jaune","status":"publish","type":"post","link":"https:\/\/www.europesays.com\/fr\/303018\/","title":{"rendered":"Cyclisme. Tour de Pologne &#8211; Paul Magnier s&rsquo;offre la 4e \u00e9tape, Paul Lapeira conserve le Jaune"},"content":{"rendered":"<p>Alors que l&rsquo;\u00e9tape de la veille avait \u00e9t\u00e9 marqu\u00e9 par un final chaotique, avec une lourde chute et la neutralisation des temps, retour au calme sur cette 4e \u00e9tape du <a href=\"https:\/\/www.cyclismactu.net\/..\/news-tour-de-pologne-route-la-3e-etape-faussee-paul-lapeira-a-chute-turner-vainqueur-89479.html\" target=\"_blank\" rel=\"nofollow noopener\"><strong>Tour de Pologne<\/strong><\/a>. En effet, ce sont les sprinteurs qui se sont jou\u00e9s la gagne ce jeudi Cieszyn, avec la victoire de <strong>Paul Magnier <\/strong>! Le Fran\u00e7ais de la <strong>Soudal Quick-Step<\/strong> a su \u00e9viter les pi\u00e8ges de ce final tr\u00e8s technique avant de faire parler sa puissance dans les 200 derniers m\u00e8tres et de venir chercher sa 1\u00e8re victoire en WorldTour. Malgr\u00e9 sa lourde chute de la veille, <strong>Paul Lapeira<\/strong> (Decathlon AG2R) est lui parvenu \u00e0 conserver son maillot jaune de leader.<\/p>\n<p>Vid\u00e9o &#8211; Paul Lapeira, vainqueur de la 2e \u00e9tape mardi Lire la suite de l&rsquo;article&#13;<\/p>\n<p>\u00a0<\/p>\n<p>&#13;<br \/>\nLe r\u00e9sum\u00e9&#13;<\/p>\n<p>Un trio 100\u202f% polonais forme l\u2019\u00e9chapp\u00e9e du jour d\u00e8s le d\u00e9but de l\u2019\u00e9tape, compos\u00e9 de<strong> Pawel Bernas<\/strong>, <strong>Michal Pomorski<\/strong>\u00a0(Pologne) et <strong>Filip Maciejuk <\/strong>(Red Bull &#8211; BORA &#8211; hansgrohe). \u00c0 environ 70 km de l\u2019arriv\u00e9e, <strong>Pomorski <\/strong>est distanc\u00e9. <strong>Timo Kielich<\/strong>\u00a0(Alpecin-Deceuninck), leader du classement de la montagne, revient alors sur le duo restant et a imm\u00e9diatement pris les points au sommet de la difficult\u00e9. L\u2019\u00e9cart avec le peloton reste faible (environ 1 minute) et \u00e0 50 km de l\u2019arriv\u00e9e, <strong>Bernas <\/strong>est d\u00e9croch\u00e9, ne laissant que <strong>Maciejuk <\/strong>et <strong>Kielich <\/strong>\u00e0 l\u2019avant. Ce dernier, apr\u00e8s avoir remport\u00e9 les deux sprints interm\u00e9diaires, a finalement lev\u00e9 le pied \u00e0 un peu plus de 40 km de l\u2019arriv\u00e9e, laissant <strong>Maciejuk <\/strong>seul en t\u00eate. Le Polonais tient jusqu\u2019\u00e0 16 km de l\u2019arriv\u00e9e, moment o\u00f9 <strong>Lorenzo Milesi <\/strong>(Movistar)\u00a0a fait la jonction. Ensemble, ils ont r\u00e9sist\u00e9 jusqu\u2019\u00e0 2,3 km de l\u2019arriv\u00e9e, avant d\u2019\u00eatre repris par le peloton.<\/p>\n<p>&#13;<\/p>\n<p>La victoire d\u2019\u00e9tape va donc se jouer au sprint et sur ce final en circuit compliqu\u00e9 et technique, beaucoup de sprinteurs sont mal plac\u00e9s ou fatigu\u00e9s et ne pourront pas disputer la victoire, \u00e0 l&rsquo;image d&rsquo;<strong>Olav Kooij<\/strong> (Visma | Lease a Bike). Toujours bien plac\u00e9, le Fran\u00e7ais <strong>Paul Magnier<\/strong>\u00a0lance t\u00f4t et est bien plus fort que tous ses adversaires et s&rsquo;impose \u00ab\u00a0facilement\u00a0\u00bb ! Sa premi\u00e8re victoire en WorldTour, devant <strong>Ben Turner <\/strong>(2e, INEOS Grenadiers) et <strong>Tim Torn Teutenberg <\/strong>(3e, Lidl-Trek).<\/p>\n<p>Tour de Pologne &#8211; Classement de la 4\u00e8 \u00e9tape Tour de Pologne &#8211; Classement g\u00e9n\u00e9ral provisoire apr\u00e8s la 4\u00e8 \u00e9tape<\/p>\n","protected":false},"excerpt":{"rendered":"Alors que l&rsquo;\u00e9tape de la veille avait \u00e9t\u00e9 marqu\u00e9 par un final chaotique, avec une lourde chute et&hellip;\n","protected":false},"author":2,"featured_media":303019,"comment_status":"","ping_status":"","sticky":false,"template":"","format":"standard","meta":{"footnotes":""},"categories":[1411],"tags":[1154,207,211,1011,27,209,60,210,43054,212,208,213],"class_list":{"0":"post-303018","1":"post","2":"type-post","3":"status-publish","4":"format-standard","5":"has-post-thumbnail","7":"category-cyclisme","8":"tag-cycling","9":"tag-cyclisme","10":"tag-ffc","11":"tag-fr","12":"tag-france","13":"tag-route","14":"tag-sports","15":"tag-tour-de-france","16":"tag-tour-de-pologne","17":"tag-uci","18":"tag-velo","19":"tag-world-tour"},"share_on_mastodon":{"url":"https:\/\/pubeurope.com\/@fr\/114988139429696412","error":""},"_links":{"self":[{"href":"https:\/\/www.europesays.com\/fr\/wp-json\/wp\/v2\/posts\/303018","targetHints":{"allow":["GET"]}}],"collection":[{"href":"https:\/\/www.europesays.com\/fr\/wp-json\/wp\/v2\/posts"}],"about":[{"href":"https:\/\/www.europesays.com\/fr\/wp-json\/wp\/v2\/types\/post"}],"author":[{"embeddable":true,"href":"https:\/\/www.europesays.com\/fr\/wp-json\/wp\/v2\/users\/2"}],"replies":[{"embeddable":true,"href":"https:\/\/www.europesays.com\/fr\/wp-json\/wp\/v2\/comments?post=303018"}],"version-history":[{"count":0,"href":"https:\/\/www.europesays.com\/fr\/wp-json\/wp\/v2\/posts\/303018\/revisions"}],"wp:featuredmedia":[{"embeddable":true,"href":"https:\/\/www.europesays.com\/fr\/wp-json\/wp\/v2\/media\/303019"}],"wp:attachment":[{"href":"https:\/\/www.europesays.com\/fr\/wp-json\/wp\/v2\/media?parent=303018"}],"wp:term":[{"taxonomy":"category","embeddable":true,"href":"https:\/\/www.europesays.com\/fr\/wp-json\/wp\/v2\/categories?post=303018"},{"taxonomy":"post_tag","embeddable":true,"href":"https:\/\/www.europesays.com\/fr\/wp-json\/wp\/v2\/tags?post=303018"}],"curies":[{"name":"wp","href":"https:\/\/api.w.org\/{rel}","templated":true}]}}