{"id":303020,"date":"2025-08-07T15:15:13","date_gmt":"2025-08-07T15:15:13","guid":{"rendered":"https:\/\/www.europesays.com\/fr\/303020\/"},"modified":"2025-08-07T15:15:13","modified_gmt":"2025-08-07T15:15:13","slug":"ex-girondins-une-offre-de-28me-refusee-pour-dilane-bakwa","status":"publish","type":"post","link":"https:\/\/www.europesays.com\/fr\/303020\/","title":{"rendered":"Ex-Girondins : une offre de 28M\u20ac refus\u00e9e pour Dilane Bakwa"},"content":{"rendered":"<p><img decoding=\"async\" src=\"https:\/\/www.europesays.com\/fr\/wp-content\/uploads\/2025\/08\/671_41623b7cc3ca59707564c99baa227e0b.jpg\" alt=\"Ex-Girondins : une offre de 28M\u20ac refus\u00e9e pour Dilane Bakwa\" class=\"img-responsive mt-3\"\/><\/p>\n<p class=\"text-center mb-3\" style=\"font-size: 14px\">\u00a9 Iconsport<\/p>\n<p style=\"text-align: justify;\">C&rsquo;est une information de <a href=\"https:\/\/www.lequipe.fr\/Football\/Actualites\/Mercato-strasbourg-refuse-28-m-et-8364-de-nottingham-forest-pour-dilane-bakwa\/1583638\" target=\"_blank\" rel=\"noopener\">L&rsquo;\u00c9quipe<\/a>. Le RC Strasbourg a refus\u00e9 une offre de 28M\u20ac de Nottingham Forest pour Dilane Bakwa.<\/p>\n<p style=\"text-align: justify;\">L&rsquo;ancien joueur de la formation Girondins de Bordeaux est sous contrat avec Strasbourg jusqu&rsquo;en 2027. Sa belle saison en Ligue 1 avec le club alsacien (6 buts, 9 passes d\u00e9cisives) attire les pr\u00e9tendants.<\/p>\n<p style=\"text-align: justify;\">L&rsquo;offre de Forest est de 24M\u20ac plus 4M\u20ac de bonus. Strasbourg voudrait au moins 30M\u20ac pour l\u00e2cher Bakwa.<\/p>\n<p><strong>Bordeaux a un oeil int\u00e9ress\u00e9<\/strong><\/p>\n<p style=\"text-align: justify;\">De leur c\u00f4t\u00e9, les Girondins de Bordeaux regardent attentivement ce transfert, car le club aquitain pourrait r\u00e9cup\u00e9rer une belle somme en indemnit\u00e9 de formation. Il a fr\u00e9quent\u00e9 la plaine des Sports du Haillan de 2015 \u00e0 2023. Cette indemnit\u00e9 est vers\u00e9e lorsqu&rsquo;un joueur professionnel est transf\u00e9r\u00e9 entre clubs de diff\u00e9rentes associations (Ici de FFF vers FA) avant la fin de la saison de son 23\u00e8me anniversaire.<\/p>\n<p style=\"text-align: justify;\">R\u00e9cemment, le <a href=\"https:\/\/www.webgirondins.com\/actualite-mercato-girondins-gatean-laborde-rapporte-une-belle-somme-a-bordeaux-129844\" target=\"_blank\" rel=\"noopener\">club de G\u00e9rard Lopez se pr\u00e9pare \u00e0 encaisser la somme de 140 000\u20ac<\/a> au titre du m\u00e9canisme de solidarit\u00e9 avec le transfert de Ga\u00ebtan Laborde en deuxi\u00e8me division en Arabie Saoudite \u00e0 Diriyah.<\/p>\n<p>\u00c0 lire aussi &gt;&gt;\u00a0<strong><a href=\"https:\/\/www.webgirondins.com\/actualite-girondins-n2-outsiders-favoris-promus-decouvrez-les-forces-du-groupe-a-face-aux-girondins-129821\" target=\"_blank\" rel=\"noopener\">D\u00e9couvrez ici notre s\u00e9rie de podcasts courts sur les effectifs des clubs de National 2 du groupe A.<\/a><\/strong><\/p>\n<p>Notre podcast court \u00e0 \u00e9couter :<\/p>\n<p style=\"text-align: justify;\">\u00a0<\/p>\n","protected":false},"excerpt":{"rendered":"\u00a9 Iconsport C&rsquo;est une information de L&rsquo;\u00c9quipe. Le RC Strasbourg a refus\u00e9 une offre de 28M\u20ac de Nottingham&hellip;\n","protected":false},"author":2,"featured_media":303021,"comment_status":"","ping_status":"","sticky":false,"template":"","format":"standard","meta":{"footnotes":""},"categories":[1410],"tags":[4255,44308,24997,1997,44307,7236,63,1011,27,1987,4924,5235,471,44306,60,969],"class_list":{"0":"post-303020","1":"post","2":"type-post","3":"status-publish","4":"format-standard","5":"has-post-thumbnail","7":"category-football","8":"tag-ancien","9":"tag-bakwa","10":"tag-bataille","11":"tag-bordeaux","12":"tag-dilane","13":"tag-espoir","14":"tag-football","15":"tag-fr","16":"tag-france","17":"tag-girondins","18":"tag-m","19":"tag-offre","20":"tag-pour","21":"tag-refusee","22":"tag-sports","23":"tag-transfert"},"share_on_mastodon":{"url":"https:\/\/pubeurope.com\/@fr\/114988143608424492","error":""},"_links":{"self":[{"href":"https:\/\/www.europesays.com\/fr\/wp-json\/wp\/v2\/posts\/303020","targetHints":{"allow":["GET"]}}],"collection":[{"href":"https:\/\/www.europesays.com\/fr\/wp-json\/wp\/v2\/posts"}],"about":[{"href":"https:\/\/www.europesays.com\/fr\/wp-json\/wp\/v2\/types\/post"}],"author":[{"embeddable":true,"href":"https:\/\/www.europesays.com\/fr\/wp-json\/wp\/v2\/users\/2"}],"replies":[{"embeddable":true,"href":"https:\/\/www.europesays.com\/fr\/wp-json\/wp\/v2\/comments?post=303020"}],"version-history":[{"count":0,"href":"https:\/\/www.europesays.com\/fr\/wp-json\/wp\/v2\/posts\/303020\/revisions"}],"wp:featuredmedia":[{"embeddable":true,"href":"https:\/\/www.europesays.com\/fr\/wp-json\/wp\/v2\/media\/303021"}],"wp:attachment":[{"href":"https:\/\/www.europesays.com\/fr\/wp-json\/wp\/v2\/media?parent=303020"}],"wp:term":[{"taxonomy":"category","embeddable":true,"href":"https:\/\/www.europesays.com\/fr\/wp-json\/wp\/v2\/categories?post=303020"},{"taxonomy":"post_tag","embeddable":true,"href":"https:\/\/www.europesays.com\/fr\/wp-json\/wp\/v2\/tags?post=303020"}],"curies":[{"name":"wp","href":"https:\/\/api.w.org\/{rel}","templated":true}]}}