{"id":303022,"date":"2025-08-07T15:16:11","date_gmt":"2025-08-07T15:16:11","guid":{"rendered":"https:\/\/www.europesays.com\/fr\/303022\/"},"modified":"2025-08-07T15:16:11","modified_gmt":"2025-08-07T15:16:11","slug":"elle-souffrait-en-realite-dune-maladie-auto-immune","status":"publish","type":"post","link":"https:\/\/www.europesays.com\/fr\/303022\/","title":{"rendered":"elle souffrait en r\u00e9alit\u00e9 d\u2019une maladie auto-immune"},"content":{"rendered":"<p>Si elle incarne un m\u00e9decin r\u00e9put\u00e9 dans <a data-i13n=\"cpos:1;pos:1\" href=\"https:\/\/fr.style.yahoo.com\/cetait-tellement-genant-je-ne-voulais-pas-le-faire-ellen-pompeo-revele-quelle-a-vraiment-pleure-pendant-cette-scene-de-greys-anatomy-qui-avait-scandalise-les-fans-140422210.html\" data-ylk=\"slk:la s\u00e9rie &quot;Grey&#039;s Anatomy&quot;;cpos:1;pos:1;elm:context_link;itc:0;sec:content-canvas;outcm:mb_qualified_link;_E:mb_qualified_link;ct:story;\" class=\"link  yahoo-link\" target=\"_blank\" rel=\"noopener\">la s\u00e9rie \u00ab\u00a0Grey&rsquo;s Anatomy\u00a0\u00bb<\/a>, et ce depuis plus de 13 ans, Camilla Luddington doit d\u00e9sormais \u00e0 son tour traverser des probl\u00e8mes de sant\u00e9. \u00c0 41 ans, l&rsquo;actrice, maman de deux enfants, vient d&rsquo;\u00eatre diagnostiqu\u00e9e d&rsquo;une maladie auto-immune m\u00e9connue du grand public : <a data-i13n=\"cpos:2;pos:1\" href=\"https:\/\/fr.style.yahoo.com\/thyro%C3%AFdite-hashimoto-causes-sympt%C3%B4mes-complications-130000247.html\" data-ylk=\"slk:la maladie d&#039;Hashimoto.;cpos:2;pos:1;elm:context_link;itc:0;sec:content-canvas;outcm:mb_qualified_link;_E:mb_qualified_link;ct:story;\" class=\"link  yahoo-link\" target=\"_blank\" rel=\"noopener\">la maladie d&rsquo;Hashimoto.<\/a><\/p>\n<p>\u00ab\u00a0Un peu flipp\u00e9e\u00a0\u00bb, elle \u00e9voque son diagnostic<\/p>\n<p>Dans le dernier \u00e9pisode de son podcast \u00ab\u00a0<a data-i13n=\"cpos:3;pos:1\" href=\"https:\/\/www.iheart.com\/podcast\/1119-call-it-what-it-is-170416047\/episode\/call-it-short-sweet-gaslighting-288749310\/\" rel=\"nofollow noopener\" target=\"_blank\" data-ylk=\"slk:Call It What It Is;cpos:3;pos:1;elm:context_link;itc:0;sec:content-canvas\" class=\"link \">Call It What It Is<\/a>\u00ab\u00a0, qu&rsquo;elle co-anime avec l&rsquo;actrice Jessica Capshaw, elle raconte : \u00ab\u00a0C&rsquo;est encore tr\u00e8s r\u00e9cent. Il y a deux mois et demi, j&rsquo;ai fait un bilan sanguin. Quand mes r\u00e9sultats sont revenus, mon m\u00e9decin m&rsquo;a dit : \u00ab\u00a0Tout va bien, \u00e0 part un petit truc\u00a0\u00bb.\u00a0\u00bb<\/p>\n<p>Une r\u00e9ponse angoissante pour Camilla Luddington, qui se souvient : \u00ab\u00a0J&rsquo;ai entendu les mots \u00ab\u00a0maladie auto-immune\u00a0\u00bb, et je me suis dit : \u00ab\u00a0Mais quoi ?\u00a0\u00bb. Puis il m&rsquo;a expliqu\u00e9 que j&rsquo;avais quelque chose qui s&rsquo;appelle la thyrodo\u00efdite d&rsquo;Hashimoto, et que ce n&rsquo;\u00e9tait pas si rare que \u00e7a. Mais j&rsquo;ai \u00e9t\u00e9 un peu flipp\u00e9e.\u00a0\u00bb<\/p>\n<p>Qu&rsquo;est-ce que la maladie d&rsquo;Hashimoto ?<\/p>\n<p>Selon le <a data-i13n=\"cpos:4;pos:1\" href=\"https:\/\/www.msdmanuals.com\/fr\/accueil\/troubles-hormonaux-et-m%C3%A9taboliques\/troubles-de-la-thyro%C3%AFde\/thyro%C3%AFdite-d-hashimoto\" rel=\"nofollow noopener\" target=\"_blank\" data-ylk=\"slk:manuel de sant\u00e9 MSD;cpos:4;pos:1;elm:context_link;itc:0;sec:content-canvas\" class=\"link \">manuel de sant\u00e9 MSD<\/a>, la maladie d&rsquo;Hashimoto, aussi appel\u00e9e thyrodo\u00efdite d&rsquo;Hashimoto ou thyro\u00efdite auto-immune, est \u00ab\u00a0une inflammation auto-immune chronique de la thyro\u00efde.\u00a0\u00bb \u00ab\u00a0La thyro\u00efdite d\u2019Hashimoto est due \u00e0 une r\u00e9action auto-immune par laquelle des anticorps de l\u2019organisme attaquent les cellules de la thyro\u00efde. En premier lieu, la thyro\u00efde peut fonctionner normalement, \u00eatre hypoactive (hypothyro\u00efdie) ou, dans de rares cas, hyperactive (<a data-i13n=\"cpos:5;pos:1\" href=\"https:\/\/fr.style.yahoo.com\/hyperthyro%C3%AFdie-principaux-signes-maladie-chez-195731461.html\" data-ylk=\"slk:hyperthyro\u00efdisme;cpos:5;pos:1;elm:context_link;itc:0;sec:content-canvas;outcm:mb_qualified_link;_E:mb_qualified_link;ct:story;\" class=\"link  yahoo-link\" target=\"_blank\" rel=\"noopener\">hyperthyro\u00efdisme<\/a>). La plupart des personnes finissent par d\u00e9velopper une hypothyro\u00efdie\u00a0\u00bb, pr\u00e9cise l&rsquo;ouvrage.<\/p>\n<p>En g\u00e9n\u00e9ral, l\u2019hypothyro\u00efdie provoque une fatigue et une incapacit\u00e9 \u00e0 supporter le froid, et les personnes qui en souffrent doivent prendre une hormone thyro\u00efdienne \u00e0 vie.<\/p>\n<p>Par ailleurs : \u00ab\u00a0La thyro\u00efdite d\u2019Hashimoto est plus fr\u00e9quente chez les femmes, surtout chez les femmes \u00e2g\u00e9es, et est souvent h\u00e9r\u00e9ditaire\u00a0\u00bb, pr\u00e9cise le manuel m\u00e9dical.<\/p>\n<p>De son c\u00f4t\u00e9, la <a data-i13n=\"cpos:6;pos:1\" href=\"https:\/\/my.clevelandclinic.org\/health\/diseases\/17665-hashimotos-disease\" rel=\"nofollow noopener\" target=\"_blank\" data-ylk=\"slk:clinique de Cleveland;cpos:6;pos:1;elm:context_link;itc:0;sec:content-canvas\" class=\"link \">clinique de Cleveland<\/a>, aux Etats-Unis, pr\u00e9cise que la maladie touche en moyenne 5 personnes sur 100, et que les femmes sont 10 fois plus concern\u00e9es que les hommes par cette pathologie.<\/p>\n<p>Un soulagement pour Camilla Luddington<\/p>\n<p>Malgr\u00e9 ses inqui\u00e9tudes initiales, l&rsquo;actrice a finalement \u00e9t\u00e9 heureuse de pouvoir mettre des mots sur les sympt\u00f4mes qu&rsquo;elle ressentait. \u00ab\u00a0Honn\u00eatement, j&rsquo;\u00e9tais soulag\u00e9e. J&rsquo;avais l&rsquo;impression d&rsquo;avoir la r\u00e9ponse \u00e0 un probl\u00e8me que je savais d\u00e9j\u00e0 que j&rsquo;avais. Et comme j&rsquo;ai des inqui\u00e9tudes li\u00e9es \u00e0 ma sant\u00e9, une partie de moi se demandait : \u00ab\u00a0Est-ce que je me fais des id\u00e9es ?\u00a0\u00bb.<\/p>\n<p>D&rsquo;autant qu&rsquo;elle pensait initialement que sa fatigue \u00e9tait li\u00e9e \u00e0 son \u00e2ge et \u00e0 sa maternit\u00e9. \u00ab\u00a0Je me suis dit : j&rsquo;ai deux enfants, j&rsquo;ai la quarantaine. C&rsquo;est \u00e7a, la quarantaine : j&rsquo;ai du travail, je suis peut-\u00eatre en p\u00e9rim\u00e9nopause\u00a0\u00bb, a-t-elle expliqu\u00e9. \u00ab\u00a0\u00c0 11 h, j&rsquo;avais envie de faire une sieste. Peu importe combien de sommeil j&rsquo;avais la veille. Impossible de tenir le coup toute la journ\u00e9e.\u00a0\u00bb<\/p>\n<p>D\u00e9sormais sous traitement, elle attend de voir comment les choses vont \u00e9voluer.<\/p>\n","protected":false},"excerpt":{"rendered":"Si elle incarne un m\u00e9decin r\u00e9put\u00e9 dans la s\u00e9rie \u00ab\u00a0Grey&rsquo;s Anatomy\u00a0\u00bb, et ce depuis plus de 13 ans,&hellip;\n","protected":false},"author":2,"featured_media":303023,"comment_status":"","ping_status":"","sticky":false,"template":"","format":"standard","meta":{"footnotes":""},"categories":[1359],"tags":[25969,44309,58,59,1011,27,6885,14164,973,7546,44310],"class_list":{"0":"post-303022","1":"post","2":"type-post","3":"status-publish","4":"format-standard","5":"has-post-thumbnail","7":"category-people","8":"tag-13-ans","9":"tag-camilla-luddington","10":"tag-divertissement","11":"tag-entertainment","12":"tag-fr","13":"tag-france","14":"tag-greys-anatomy","15":"tag-lactrice","16":"tag-people","17":"tag-problemes-de-sante","18":"tag-thyroidite-dhashimoto"},"share_on_mastodon":{"url":"https:\/\/pubeurope.com\/@fr\/114988147338247795","error":""},"_links":{"self":[{"href":"https:\/\/www.europesays.com\/fr\/wp-json\/wp\/v2\/posts\/303022","targetHints":{"allow":["GET"]}}],"collection":[{"href":"https:\/\/www.europesays.com\/fr\/wp-json\/wp\/v2\/posts"}],"about":[{"href":"https:\/\/www.europesays.com\/fr\/wp-json\/wp\/v2\/types\/post"}],"author":[{"embeddable":true,"href":"https:\/\/www.europesays.com\/fr\/wp-json\/wp\/v2\/users\/2"}],"replies":[{"embeddable":true,"href":"https:\/\/www.europesays.com\/fr\/wp-json\/wp\/v2\/comments?post=303022"}],"version-history":[{"count":0,"href":"https:\/\/www.europesays.com\/fr\/wp-json\/wp\/v2\/posts\/303022\/revisions"}],"wp:featuredmedia":[{"embeddable":true,"href":"https:\/\/www.europesays.com\/fr\/wp-json\/wp\/v2\/media\/303023"}],"wp:attachment":[{"href":"https:\/\/www.europesays.com\/fr\/wp-json\/wp\/v2\/media?parent=303022"}],"wp:term":[{"taxonomy":"category","embeddable":true,"href":"https:\/\/www.europesays.com\/fr\/wp-json\/wp\/v2\/categories?post=303022"},{"taxonomy":"post_tag","embeddable":true,"href":"https:\/\/www.europesays.com\/fr\/wp-json\/wp\/v2\/tags?post=303022"}],"curies":[{"name":"wp","href":"https:\/\/api.w.org\/{rel}","templated":true}]}}