{"id":303024,"date":"2025-08-07T15:17:32","date_gmt":"2025-08-07T15:17:32","guid":{"rendered":"https:\/\/www.europesays.com\/fr\/303024\/"},"modified":"2025-08-07T15:17:32","modified_gmt":"2025-08-07T15:17:32","slug":"insolite-une-replique-du-christ-redempteur-de-rio-trone-a-saint-romain-lachalm","status":"publish","type":"post","link":"https:\/\/www.europesays.com\/fr\/303024\/","title":{"rendered":"Insolite : une r\u00e9plique du Christ r\u00e9dempteur de Rio tr\u00f4ne \u00e0 Saint-Romain-Lachalm"},"content":{"rendered":"<p>\t\t\t\t\t\t\t\t\t\t\t\t\t\t\t\t\t\t\t\t\t\t\t\t\t\t\t\t\t\t\t\t\t\t\t\t\t\t\t\t\t\t\t\t\t\t\t\t\t\t\t\t\t\t\t\t\t\t\t\t\t\t\t<a href=\"https:\/\/www.lacommere43.fr\/component\/banners\/click\/1803.html\" target=\"_blank\" title=\"Tence Rural Master ao\u00fbt 2025\" rel=\"noopener\"><br \/>\n\t\t\t\t\t\t\t<img decoding=\"async\" loading=\"lazy\" src=\"https:\/\/www.europesays.com\/fr\/wp-content\/uploads\/2025\/08\/rural2025-5.gif\" alt=\"Tence Rural Master ao\u00fbt 2025\"\/><br \/>\n\t\t\t\t\t\t<\/a><\/p>\n<p>\t\t\t\t\t\t\t\t\t\t\t\t\t\t\t\t\t\t\t\t\t\t\t\t\t\t\t\t\t\t\t\t\t\t\t\t\t\t\t\t\t\t\t\t\t\t\t\t\t\t\t\t\t\t\t\t\t\t\t\t\t\t\t<a href=\"https:\/\/www.lacommere43.fr\/component\/banners\/click\/1802.html\" target=\"_blank\" title=\"Hugon Tourisme ao\u00fbt 2025\" rel=\"noopener\"><br \/>\n\t\t\t\t\t\t\t<img decoding=\"async\" loading=\"lazy\" src=\"https:\/\/www.europesays.com\/fr\/wp-content\/uploads\/2025\/08\/hugonaot.gif\" alt=\"Hugon Tourisme ao\u00fbt 2025\"\/><br \/>\n\t\t\t\t\t\t<\/a><\/p>\n<p><strong>Depuis lundi soir, les habitants de Saint-Romain-Lachalm ont eu la surprise de d\u00e9couvrir une imposante r\u00e9plique de la c\u00e9l\u00e8bre statue du Christ r\u00e9dempteur de Rio de Janeiro, install\u00e9e sur le rond-point principal de la commune.<\/strong><\/p>\n<p>Positionn\u00e9e avec soins au point culminant du giratoire, la statue semble observer les bras ouverts, comme si elle avait choisi elle-m\u00eame de s&rsquo;\u00e9tablir dans le village. Arriv\u00e9e sans annonce officielle, son installation a rapidement fait r\u00e9agir les passants, intrigu\u00e9s par cette apparition peu banale.<\/p>\n<p>Mais la statue n&rsquo;est pas totalement inconnue des San-Roumis. Elle avait d\u00e9j\u00e0 \u00e9t\u00e9 aper\u00e7ue ce week-end lors du d\u00e9fil\u00e9 des classes, install\u00e9e sur le char du Br\u00e9sil r\u00e9alis\u00e9 par la classe des 20 ans (<a href=\"https:\/\/www.lacommere43.fr\/pays-de-montfaucon\/item\/75957-saint-romain-lachalm-les-classes-en-5-ont-vu-du-pays-video.html\" target=\"_blank\" rel=\"noopener\">lire l&rsquo;article<\/a>). Sa r\u00e9apparition a donc d\u00e9clench\u00e9 autant de sourires que de photos.<\/p>\n<p>D\u00e9sormais, la commune pourrait \u00eatre rebaptis\u00e9e Saint-Rio-Lachalm.<\/p>\n","protected":false},"excerpt":{"rendered":"Depuis lundi soir, les habitants de Saint-Romain-Lachalm ont eu la surprise de d\u00e9couvrir une imposante r\u00e9plique de la&hellip;\n","protected":false},"author":2,"featured_media":303025,"comment_status":"","ping_status":"","sticky":false,"template":"","format":"standard","meta":{"footnotes":""},"categories":[1358],"tags":[2281,1348,1384,1385,1386,58,59,2282,1011,27,2280,2284,2285,2283],"class_list":{"0":"post-303024","1":"post","2":"type-post","3":"status-publish","4":"format-standard","5":"has-post-thumbnail","7":"category-arts-et-design","8":"tag-actualite-43","9":"tag-arts","10":"tag-arts-and-design","11":"tag-arts-et-design","12":"tag-design","13":"tag-divertissement","14":"tag-entertainment","15":"tag-faits-divers-auvergne","16":"tag-fr","17":"tag-france","18":"tag-information-haute-loire","19":"tag-infos-43","20":"tag-journal-haute-loire","21":"tag-la-commere-43"},"share_on_mastodon":{"url":"https:\/\/pubeurope.com\/@fr\/114988151232470586","error":""},"_links":{"self":[{"href":"https:\/\/www.europesays.com\/fr\/wp-json\/wp\/v2\/posts\/303024","targetHints":{"allow":["GET"]}}],"collection":[{"href":"https:\/\/www.europesays.com\/fr\/wp-json\/wp\/v2\/posts"}],"about":[{"href":"https:\/\/www.europesays.com\/fr\/wp-json\/wp\/v2\/types\/post"}],"author":[{"embeddable":true,"href":"https:\/\/www.europesays.com\/fr\/wp-json\/wp\/v2\/users\/2"}],"replies":[{"embeddable":true,"href":"https:\/\/www.europesays.com\/fr\/wp-json\/wp\/v2\/comments?post=303024"}],"version-history":[{"count":0,"href":"https:\/\/www.europesays.com\/fr\/wp-json\/wp\/v2\/posts\/303024\/revisions"}],"wp:featuredmedia":[{"embeddable":true,"href":"https:\/\/www.europesays.com\/fr\/wp-json\/wp\/v2\/media\/303025"}],"wp:attachment":[{"href":"https:\/\/www.europesays.com\/fr\/wp-json\/wp\/v2\/media?parent=303024"}],"wp:term":[{"taxonomy":"category","embeddable":true,"href":"https:\/\/www.europesays.com\/fr\/wp-json\/wp\/v2\/categories?post=303024"},{"taxonomy":"post_tag","embeddable":true,"href":"https:\/\/www.europesays.com\/fr\/wp-json\/wp\/v2\/tags?post=303024"}],"curies":[{"name":"wp","href":"https:\/\/api.w.org\/{rel}","templated":true}]}}