{"id":303026,"date":"2025-08-07T15:18:10","date_gmt":"2025-08-07T15:18:10","guid":{"rendered":"https:\/\/www.europesays.com\/fr\/303026\/"},"modified":"2025-08-07T15:18:10","modified_gmt":"2025-08-07T15:18:10","slug":"michel-caron-au-service-du-livre-et-des-autres-a-chailles","status":"publish","type":"post","link":"https:\/\/www.europesays.com\/fr\/303026\/","title":{"rendered":"Michel Caron au service du livre et des autres \u00e0 Chailles"},"content":{"rendered":"<p>Le Chaillois Michel Caron, 85\u00a0ans, est b\u00e9n\u00e9vole \u00e0 la m\u00e9diath\u00e8que Ir\u00e8ne-Frain depuis 1997. Sa femme\u00a0Francine, enseignante comme lui, a invit\u00e9 son mari \u00e0 la rejoindre, d\u00e8s sa retraite, comme b\u00e9n\u00e9vole au sein de la biblioth\u00e8que municipale, alors install\u00e9e dans l\u2019ancien logement de fonction de la directrice d\u2019\u00e9cole. Il se souvient tr\u00e8s exactement des propos de son \u00e9pouse\u00a0: \u00ab\u00a0Tu pourrais nous rejoindre \u00e0 la biblioth\u00e8que pour nous donner un coup de main.\u00a0\u00bb Vingt-huit\u00a0ans ont pass\u00e9 depuis et Michel Caron est toujours \u00e0 son poste de b\u00e9n\u00e9vole mais dans un autre l&#8230; <\/p>\n<p>    Cet article a \u00e9t\u00e9 tronqu\u00e9. Abonnez-vous pour lire l&rsquo;article complet sur notre site.<\/p>\n<p style=\"margin: 0 !important; padding: 0 !important; font-size: 12px !important;\">Cet article a \u00e9t\u00e9 tronqu\u00e9. Abonnez-vous pour lire l&rsquo;article complet.<\/p>\n<p>    <a href=\"https:\/\/www.lanouvellerepublique.fr\/abonnements\" style=\"display: inline-block; margin-top: 5px !important; padding: 6px 12px !important; background: #cb1c27; color: white; text-decoration: none; border-radius: 4px; font-size: 12px !important;\" target=\"_blank\" rel=\"noopener\"><br \/>\n      S&rsquo;abonner<br \/>\n    <\/a><\/p>\n","protected":false},"excerpt":{"rendered":"Le Chaillois Michel Caron, 85\u00a0ans, est b\u00e9n\u00e9vole \u00e0 la m\u00e9diath\u00e8que Ir\u00e8ne-Frain depuis 1997. Sa femme\u00a0Francine, enseignante comme lui,&hellip;\n","protected":false},"author":2,"featured_media":303027,"comment_status":"","ping_status":"","sticky":false,"template":"","format":"standard","meta":{"footnotes":""},"categories":[1357],"tags":[1379,44311,1674,58,59,1011,27,1380,3400],"class_list":{"0":"post-303026","1":"post","2":"type-post","3":"status-publish","4":"format-standard","5":"has-post-thumbnail","7":"category-livres","8":"tag-books","9":"tag-chailles","10":"tag-communes","11":"tag-divertissement","12":"tag-entertainment","13":"tag-fr","14":"tag-france","15":"tag-livres","16":"tag-solidarite"},"share_on_mastodon":{"url":"https:\/\/pubeurope.com\/@fr\/114988155123464509","error":""},"_links":{"self":[{"href":"https:\/\/www.europesays.com\/fr\/wp-json\/wp\/v2\/posts\/303026","targetHints":{"allow":["GET"]}}],"collection":[{"href":"https:\/\/www.europesays.com\/fr\/wp-json\/wp\/v2\/posts"}],"about":[{"href":"https:\/\/www.europesays.com\/fr\/wp-json\/wp\/v2\/types\/post"}],"author":[{"embeddable":true,"href":"https:\/\/www.europesays.com\/fr\/wp-json\/wp\/v2\/users\/2"}],"replies":[{"embeddable":true,"href":"https:\/\/www.europesays.com\/fr\/wp-json\/wp\/v2\/comments?post=303026"}],"version-history":[{"count":0,"href":"https:\/\/www.europesays.com\/fr\/wp-json\/wp\/v2\/posts\/303026\/revisions"}],"wp:featuredmedia":[{"embeddable":true,"href":"https:\/\/www.europesays.com\/fr\/wp-json\/wp\/v2\/media\/303027"}],"wp:attachment":[{"href":"https:\/\/www.europesays.com\/fr\/wp-json\/wp\/v2\/media?parent=303026"}],"wp:term":[{"taxonomy":"category","embeddable":true,"href":"https:\/\/www.europesays.com\/fr\/wp-json\/wp\/v2\/categories?post=303026"},{"taxonomy":"post_tag","embeddable":true,"href":"https:\/\/www.europesays.com\/fr\/wp-json\/wp\/v2\/tags?post=303026"}],"curies":[{"name":"wp","href":"https:\/\/api.w.org\/{rel}","templated":true}]}}