{"id":303028,"date":"2025-08-07T15:19:12","date_gmt":"2025-08-07T15:19:12","guid":{"rendered":"https:\/\/www.europesays.com\/fr\/303028\/"},"modified":"2025-08-07T15:19:12","modified_gmt":"2025-08-07T15:19:12","slug":"en-direct-meteo-six-nouveaux-departements-places-en-vigilance-orange-canicule-demain-onze-departements-sont-desormais-concernes-par-lalerte-decouvrez-la-carte","status":"publish","type":"post","link":"https:\/\/www.europesays.com\/fr\/303028\/","title":{"rendered":"EN DIRECT &#8211; M\u00e9t\u00e9o: Six nouveaux d\u00e9partements plac\u00e9s en vigilance orange canicule demain &#8211; Onze d\u00e9partements sont d\u00e9sormais concern\u00e9s par l&rsquo;alerte &#8211; D\u00e9couvrez la carte"},"content":{"rendered":"<p><strong>16h57: Le point sur ce que l&rsquo;on sait<\/strong><\/p>\n<p>Six d\u00e9partements de la moiti\u00e9 sud du pays vont s\u2019ajouter aux 5 d\u00e9j\u00e0 plac\u00e9s en vigilance orange \u00ab\u00a0canicule\u00a0\u00bb pour la journ\u00e9e de vendredi, qui marquera le d\u00e9but de la deuxi\u00e8me vague de chaleur en France cet \u00e9t\u00e9, a annonc\u00e9 jeudi M\u00e9t\u00e9o-France.<\/p>\n<p>La liste des d\u00e9partements en orange \u00ab\u00a0va \u00eatre compl\u00e9t\u00e9e\u00a0\u00bb par \u00ab\u00a0six autres d\u00e9partements qui sont le Lot, l\u2019Aveyron, la Loire, l\u2019Is\u00e8re, la Dr\u00f4me et l\u2019Ard\u00e8che\u00a0\u00bb, portant \u00e0 onze le nombre de d\u00e9partements touch\u00e9s, a annonc\u00e9 lors d\u2019une conf\u00e9rence de presse Olivier Caumont, permanencier de pr\u00e9vision pour l\u2019\u00e9tablissement public.<\/p>\n<p>Les pr\u00e9c\u00e9dents d\u00e9partements d\u00e9j\u00e0 annonc\u00e9s en vigilance orange \u00e9taient les Hautes-Pyr\u00e9n\u00e9es, la Haute-Garonne, le Tarn, le Tarn-et-Garonne et le Rh\u00f4ne. A ces d\u00e9partements s\u2019en ajoutent 24 autres de la moiti\u00e9 sud, plac\u00e9s pour leur part en vigilance jaune.<\/p>\n<p>\u00ab\u00a0A partir de ce jeudi les temp\u00e9ratures afficheront une hausse g\u00e9n\u00e9ralis\u00e9e, pr\u00e9mices d\u2019un \u00e9pisode caniculaire qui d\u00e9butera vendredi sur le sud-ouest et le centre-est. Les fortes chaleurs auront tendance \u00e0 s\u2019accentuer et \u00e0 s\u2019\u00e9tendre les jours suivants. Elles se poursuivront en d\u00e9but de semaine prochaine\u00a0\u00bb, indique M\u00e9t\u00e9o-France dans son bulletin de 16H00.<\/p>\n<p><strong>16h46:\u00a0<\/strong>\u00ab\u00a0A partir de demain va d\u00e9marrer la deuxi\u00e8me vague de chaleur de l\u2019\u00e9t\u00e9 2025 \u00e0 l\u2019\u00e9chelle de la France, qui sera la 51e vague de chaleur recens\u00e9e par M\u00e9t\u00e9o France depuis 1947\u00a0\u00bb, a pr\u00e9cis\u00e9 Fran\u00e7ois Jobard, pr\u00e9visionniste, \u00e9voquant \u00ab\u00a0un \u00e9pisode qui va surtout concerner dans un premier temps les r\u00e9gions sud et qui sera assez durable\u00a0\u00bb.<\/p>\n<p>\u00ab\u00a0A partir de ce jeudi les temp\u00e9ratures afficheront une hausse g\u00e9n\u00e9ralis\u00e9e, pr\u00e9mices d\u2019un \u00e9pisode caniculaire qui d\u00e9butera vendredi sur le sud-ouest et le centre-est. Les fortes chaleurs auront tendance \u00e0 s\u2019accentuer et \u00e0 s\u2019\u00e9tendre les jours suivants. Elles se poursuivront en d\u00e9but de semaine prochaine\u00a0\u00bb, indique M\u00e9t\u00e9o-France dans son bulletin de 16H00.<\/p>\n<p>\u00ab\u00a0Dans l\u2019apr\u00e8s-midi on attend de 36 \u00e0 38\u00b0C localement 39\u00b0C sur une grande partie est de l\u2019Occitanie et de 35 \u00e0 37\u00b0C (localement) 38\u00b0C dans le centre-est\u00a0\u00bb, pr\u00e9cise le bulletin.<\/p>\n<p>Ce r\u00e9chauffement s\u2019explique par \u00ab\u00a0un v\u00e9ritable couvercle anticyclonique avec de l\u2019air chaud dans les basses couches (de l\u2019atmosph\u00e8re) mais aussi en altitude\u00a0\u00bb, a d\u00e9taill\u00e9 Fran\u00e7ois Jobard.<\/p>\n<p><strong>15h58:\u00a0<\/strong><strong>Six d\u00e9partements de la moiti\u00e9 sud du pays vont s&rsquo;ajouter aux 5 d\u00e9j\u00e0 plac\u00e9s en vigilance orange \u00ab\u00a0canicule\u00a0\u00bb pour la journ\u00e9e de vendredi, qui marquera le d\u00e9but de la deuxi\u00e8me vague de chaleur en France cet \u00e9t\u00e9, a annonc\u00e9 jeudi M\u00e9t\u00e9o-France\u00a0\u00bb.<\/strong> A partir de demain va d\u00e9marrer la deuxi\u00e8me vague de chaleur de l&rsquo;\u00e9t\u00e9 2025 \u00e0 l&rsquo;\u00e9chelle de la France, qui sera la 51\u1d49 vague de chaleur recens\u00e9e par M\u00e9t\u00e9o France depuis 1947&Prime;, a pr\u00e9cis\u00e9 Fran\u00e7ois Jobard, pr\u00e9visionniste.<\/p>\n<p>Voici la liste des d\u00e9partements en orange : les Hautes-Pyr\u00e9n\u00e9es, la Haute-Garonne, le Tarn, Tarn-et-Garonne, le Rh\u00f4ne, le Lot, l\u2019Aveyron, la Loire, Lis\u00e8re, la Drome et l\u2019Ard\u00e8che.<\/p>\n<p>\u00ab\u00a0Ce vendredi, \u00e9pisode caniculaire d\u00e9butant sur le Sud-Ouest et sur une partie de la r\u00e9gion Rh\u00f4ne-Alpes. Fortes chaleurs sur les d\u00e9partements limitrophes\u00a0\u00bb, indique M\u00e9t\u00e9o-France.\u00a0<\/p>\n<p><strong>&#8211; Faits nouveaux :<\/strong> Passage en vigilance orange \u00ab\u00a0canicule\u00a0\u00bb avec un d\u00e9but d&rsquo;\u00e9v\u00e9nement fix\u00e9 \u00e0 vendredi 12h. Par rapport \u00e0 la carte de jeudi 6h ajout des d\u00e9partements suivants: Lot, Aveyron, Loire, Is\u00e8re, Dr\u00f4me, Ard\u00e8che<\/p>\n<p><strong>&#8211; Situation g\u00e9n\u00e9rale :<\/strong> A partir de ce jeudi les temp\u00e9ratures afficheront une hausse g\u00e9n\u00e9ralis\u00e9e, pr\u00e9mices d&rsquo;un \u00e9pisode caniculaire qui d\u00e9butera vendredi sur le Sud-Ouest et le Centre-Est.<\/p>\n<p>Les fortes chaleurs auront tendances \u00e0 s&rsquo;accentuer et \u00e0 s&rsquo;\u00e9tendre les jours suivants. Elles se poursuivront en d\u00e9but de semaine prochaine.<\/p>\n<p>.<\/p>\n<p><strong><img loading=\"lazy\" decoding=\"async\" src=\"https:\/\/www.europesays.com\/fr\/wp-content\/uploads\/2025\/08\/gxwsmvlwqae4d9h.jpeg\" width=\"1200\" height=\"628\"\/><\/strong><\/p>\n<p><strong>.<\/strong><\/p>\n<p><strong>11h56: Le point sur la situation<\/strong><\/p>\n<p>M\u00e9t\u00e9o France pr\u00e9voit un passage en vigilance orange\u00a0\u00ab\u00a0canicule\u00a0\u00bb\u00a0dans cinq d\u00e9partements du Sud-Ouest et du Centre-Est \u00e0 partir de vendredi midi, selon le bulletin publi\u00e9 ce matin.<\/p>\n<p>Les d\u00e9partements concern\u00e9s sont les Hautes-Pyr\u00e9n\u00e9es, la Haute-Garonne, le Tarn, le Tarn-et-Garonne et le Rh\u00f4ne, avec un d\u00e9but d\u2019\u00e9v\u00e9nement fix\u00e9 \u00e0 vendredi\u00a012 heures, tandis que 29 d\u00e9partements du Sud-Ouest et du Centre-Est resteront en vigilance jaune selon le site m\u00e9t\u00e9orologique.<\/p>\n<p>Dans l\u2019apr\u00e8s-midi,\u00a0des temp\u00e9ratures\u00a0allant de 35\u00a0\u00b0C \u00e0 39\u00a0\u00b0C et jusqu\u2019\u00e0 40\u00a0\u00b0C sont attendues dans le quart sud-ouest du pays, et 35\u00a0\u00b0C \u00e0 37\u00a0\u00b0C dans le Centre-Est. \u00ab\u00a0Les fortes chaleurs auront tendance \u00e0 s\u2019accentuer et \u00e0 s\u2019\u00e9tendre les jours suivants. Elles se poursuivront en d\u00e9but de semaine prochaine,\u00a0\u00bb\u00a0pr\u00e9cise M\u00e9t\u00e9o France.<\/p>\n<p>La vigilance orange risque d\u2019\u00eatre\u00a0\u00ab\u00a0progressivement \u00e9tendue dans les prochaines publications en fonction de l\u2019\u00e9volution des temp\u00e9ratures,\u00a0\u00bb\u00a0souligne la m\u00eame source.<\/p>\n<p><strong>07h00: C&rsquo;est demain, que la vague de chaleur annonc\u00e9e devrait touch\u00e9e la France.\u00a05 d\u00e9partements ont \u00e9t\u00e9 plac\u00e9s, ce jeudi matin, en vigilance orange\u00a0canicule\u00a0\u00e0 partir de vendredi midi par M\u00e9t\u00e9o France. Il s\u2019agit du Tarn, du Tarn-et-Garonne, de la Haute-Garonne, des Hautes-Pyr\u00e9n\u00e9es et du Rh\u00f4ne :\u00a0<\/strong><\/p>\n<p>\u00c0 partir de ce jeudi, les temp\u00e9ratures afficheront une hausse g\u00e9n\u00e9ralis\u00e9e, pr\u00e9mices d\u2019un \u00e9pisode caniculaire qui d\u00e9butera vendredi sur le Sud-Ouest et le Centre-Est.\u00a0<\/p>\n<p>Le thermom\u00e8tre pourrait atteindre, vendredi apr\u00e8s-midi, jusqu\u2019\u00e0 40 \u00b0C localement dans le quart sud-ouest du pays et de 35 \u00e0 37 \u00b0C dans le Centre-Est.<\/p>\n<p>Cette liste de d\u00e9partement en vigilance orange devrait s\u2019\u00e9largir ces prochains jours, en raison de la remont\u00e9e d\u2019air chaud en provenance de l\u2019Afrique du Nord. \u00ab Les tr\u00e8s fortes chaleurs pourraient ainsi temporairement concerner les r\u00e9gions au nord de la Loire, tandis qu\u2019il pourrait encore faire tr\u00e8s chaud sur le sud.<\/p>\n<p>Le pic de chaleur pourrait ainsi \u00eatre atteint \u00e0 l\u2019\u00e9chelle nationale en d\u00e9but de semaine \u00bb.<\/p>\n<p>.<\/p>\n<p><img loading=\"lazy\" decoding=\"async\" src=\"https:\/\/www.europesays.com\/fr\/wp-content\/uploads\/2025\/08\/gxuivhzw8aayshp.jpg\" width=\"1200\" height=\"628\"\/><\/p>\n<p>\u00a0.<\/p>\n<p><strong>06h00 : Il va faire tr\u00e8s chaud aujourd&rsquo;hui encore.\u00a0On attend 30 \u00e0 35 degr\u00e9s du Centre-Ouest \u00e0 la Bourgogne-Franche-Comt\u00e9 et souvent 33 \u00e0 37 degr\u00e9s sur les r\u00e9gions du sud avec des pointes \u00e0 36\/38 dans l&rsquo;ouest de l&rsquo;Occitanie.<\/strong>\u00a0Les conditions restent anticycloniques en journ\u00e9e et le soleil r\u00e8gne sur la France.<\/p>\n<p>Des nuages peuvent toutefois lui partager le ciel par moments pr\u00e8s des c\u00f4tes de la Manche et sur la pointe bretonne. Quelques cumulus se d\u00e9veloppent \u00e9galement l&rsquo;apr\u00e8s-midi sur les Pyr\u00e9n\u00e9es.<\/p>\n<p>En fin d&rsquo;apr\u00e8s-midi et surtout en soir\u00e9e, le ciel se charge sur les r\u00e9gions proches des c\u00f4tes de Manche, avec quelques rares ond\u00e9es possibles. Le vent est g\u00e9n\u00e9ralement faible. Il tourne au secteur sud autour de la M\u00e9diterran\u00e9e et sud-est en soir\u00e9e dans le domaine de l&rsquo;autan, apportant des entr\u00e9es maritimes sur le littoral du Languedoc-Roussillon.<\/p>\n<p>Si les temp\u00e9ratures sont encore fra\u00eeches au lever du jour, notamment sur une grande moiti\u00e9 nord du pays, avec de 8 \u00e0 14 degr\u00e9s, elles remontent rapidement pour atteindre l&rsquo;apr\u00e8s-midi 25 \u00e0 29 degr\u00e9s, localement 30 degr\u00e9s de l&rsquo;est Bretagne au bassin parisien et au Grand-Est.\u00a0<\/p>\n","protected":false},"excerpt":{"rendered":"16h57: Le point sur ce que l&rsquo;on sait Six d\u00e9partements de la moiti\u00e9 sud du pays vont s\u2019ajouter&hellip;\n","protected":false},"author":2,"featured_media":303029,"comment_status":"","ping_status":"","sticky":false,"template":"","format":"standard","meta":{"footnotes":""},"categories":[1356],"tags":[44217,6698,58,59,1011,27,4904,252,44216,1364],"class_list":{"0":"post-303028","1":"post","2":"type-post","3":"status-publish","4":"format-standard","5":"has-post-thumbnail","7":"category-television","8":"tag-alerte-mu00e9tu00e9o","9":"tag-canicule","10":"tag-divertissement","11":"tag-entertainment","12":"tag-fr","13":"tag-france","14":"tag-soleil","15":"tag-television","16":"tag-tempu00e9rature","17":"tag-tv"},"share_on_mastodon":{"url":"https:\/\/pubeurope.com\/@fr\/114988159193797835","error":""},"_links":{"self":[{"href":"https:\/\/www.europesays.com\/fr\/wp-json\/wp\/v2\/posts\/303028","targetHints":{"allow":["GET"]}}],"collection":[{"href":"https:\/\/www.europesays.com\/fr\/wp-json\/wp\/v2\/posts"}],"about":[{"href":"https:\/\/www.europesays.com\/fr\/wp-json\/wp\/v2\/types\/post"}],"author":[{"embeddable":true,"href":"https:\/\/www.europesays.com\/fr\/wp-json\/wp\/v2\/users\/2"}],"replies":[{"embeddable":true,"href":"https:\/\/www.europesays.com\/fr\/wp-json\/wp\/v2\/comments?post=303028"}],"version-history":[{"count":0,"href":"https:\/\/www.europesays.com\/fr\/wp-json\/wp\/v2\/posts\/303028\/revisions"}],"wp:featuredmedia":[{"embeddable":true,"href":"https:\/\/www.europesays.com\/fr\/wp-json\/wp\/v2\/media\/303029"}],"wp:attachment":[{"href":"https:\/\/www.europesays.com\/fr\/wp-json\/wp\/v2\/media?parent=303028"}],"wp:term":[{"taxonomy":"category","embeddable":true,"href":"https:\/\/www.europesays.com\/fr\/wp-json\/wp\/v2\/categories?post=303028"},{"taxonomy":"post_tag","embeddable":true,"href":"https:\/\/www.europesays.com\/fr\/wp-json\/wp\/v2\/tags?post=303028"}],"curies":[{"name":"wp","href":"https:\/\/api.w.org\/{rel}","templated":true}]}}