{"id":303030,"date":"2025-08-07T15:20:09","date_gmt":"2025-08-07T15:20:09","guid":{"rendered":"https:\/\/www.europesays.com\/fr\/303030\/"},"modified":"2025-08-07T15:20:09","modified_gmt":"2025-08-07T15:20:09","slug":"ce-gros-indice-sur-son-nouvel-album-cache-dans-la-nouvelle-publicite-levis","status":"publish","type":"post","link":"https:\/\/www.europesays.com\/fr\/303030\/","title":{"rendered":"ce gros indice sur son nouvel album cach\u00e9 dans la nouvelle publicit\u00e9 Levi&rsquo;s !"},"content":{"rendered":"<p><img decoding=\"async\" src=\"https:\/\/www.europesays.com\/fr\/wp-content\/uploads\/2025\/08\/photo_1754406821.jpg\" class=\"textcenter img-content\" loading=\"lazy\"\/>YouTube<br \/>\n<br \/>\n<a href=\"https:\/\/www.chartsinfrance.net\/actualite\/news-132980.html\" target=\"_blank\" class=\"spip_out\" rel=\"nofollow noopener\">Pass\u00e9 par le Stade de France<\/a> en juin, le \u00ab\u00a0Cowboy Carter Tour\u00a0\u00bb de Beyonc\u00e9 s&rsquo;est achev\u00e9 en grande pompe le 27 juillet \u00e0 l&rsquo;Allegiant Stadium de Las Vegas par <a href=\"https:\/\/www.chartsinfrance.net\/Beyonce\/news-133317.html\" target=\"_blank\" class=\"spip_out\" rel=\"nofollow noopener\">la reformation surprise des Destiny&rsquo; Child<\/a>. Et une pluie de records ! Avec 32 concerts donn\u00e9s dans neuf villes, la tourn\u00e9e a g\u00e9n\u00e9r\u00e9 407,6 millions de dollars de recettes et totalis\u00e9 1,6 million de tickets vendus. Selon les calculs de Billboard, il s&rsquo;agit de <a href=\"https:\/\/www.chartsinfrance.net\/actualite\/news-133339.html\" target=\"_blank\" class=\"spip_out\" rel=\"nofollow noopener\">la tourn\u00e9e country la plus lucrative de tous les temps<\/a> ! Une preuve de plus de l&rsquo;impact culturel de Beyonc\u00e9, consid\u00e9r\u00e9e pour beaucoup comme une l\u00e9gende vivante. D&rsquo;ailleurs, depuis f\u00e9vrier, elle est \u00e0 la fois l&rsquo;artiste la plus nomm\u00e9e et la plus r\u00e9compens\u00e9e de l&rsquo;histoire des Grammy Awards, <a href=\"https:\/\/www.chartsinfrance.net\/actualite\/news-131465.html\" target=\"_blank\" class=\"spip_out\" rel=\"nofollow noopener\">avec 35 victoires<\/a> sur 99 mentions. Tout simplement colossal.<\/p>\n<p>Le player Dailymotion est en train de se charger&#8230;<\/p>\n<p>        \u00ab\u00a0Cette \u00e8re rock va \u00eatre tellement \u00e9pique\u00a0\u00bb<br \/>\nD\u00e9sormais, les fans ont le regard tourn\u00e9 vers l&rsquo;horizon et le fameux \u00ab\u00a0Act III\u00a0\u00bb de la trilogie entam\u00e9e en 2022 en <a href=\"https:\/\/www.chartsinfrance.net\/actualite\/news-126912.html\" target=\"_blank\" class=\"spip_out\" rel=\"nofollow noopener\">\u00ab\u00a0Renaissance\u00a0\u00bb<\/a>. Apr\u00e8s avoir revisit\u00e9 l&rsquo;histoire de la dance avec des titres comme \u00ab\u00a0Break My Soul\u00a0\u00bb puis celle de la musique country sur <a href=\"https:\/\/www.chartsinfrance.net\/actualite\/news-128175.html\" target=\"_blank\" class=\"spip_out\" rel=\"nofollow noopener\">\u00ab\u00a0Cowboy Carter\u00a0\u00bb<\/a>, la diva serait en train de finaliser son prochain album qui la verrait s&rsquo;aventurer dans des territoires plus&#8230; \u00e9lectriques. Une th\u00e9orie qui se r\u00e9pand depuis plusieurs mois et qui s&rsquo;appuie d\u00e9sormais sur un gros indice diss\u00e9min\u00e9e dans une publicit\u00e9 pour la marque Levi&rsquo;s. Pour le court-m\u00e9trage \u00ab\u00a0The Denim Cowboy\u00a0\u00bb, Beyonc\u00e9 a d\u00e9j\u00e0 visit\u00e9 une laverie, assur\u00e9 le service dans un diner et affronter un macho (jou\u00e9 par l&rsquo;acteur Timothy Olyphant) dans une partie de billiard des plus sensuelles. Le quatri\u00e8me et dernier chapitre du mini-film est d\u00e9sormais en ligne, et il r\u00e9v\u00e8le une sc\u00e8ne de d\u00e9part qui met le feu aux poudres. Pourquoi ?<\/p>\n<p>Car Beyonc\u00e9 y quitte le bar (et la ville) au volant&#8230; d&rsquo;une moto, v\u00e9hicule traditionnellement assorti \u00e0 des groupes de bikers. Et puisque la star arrivait dans les premi\u00e8res secondes \u00e0 dos de cheval, les fans sont persuad\u00e9s qu&rsquo;elle tease ici sa transition de la country au rock&rsquo;n&rsquo;roll.<\/p>\n<\/p>\n<p>\u00ab Elle arrive \u00e0 cheval et repart en moto. Oh on adore, le rock&rsquo;n&rsquo;roll arrive ! \u00bb, \u00ab LA MOTO ! Act III est \u00e0 nos portes \u00bb, \u00ab Je suis pr\u00eat pour Rockyonc\u00e9 \u00bb, \u00ab C&rsquo;est la fin d&rsquo;une \u00e8re c&rsquo;est s\u00fbr \u00bb, \u00ab Elle m\u00e9rite de faire le Super Bowl 2026 \u00bb, \u00ab Cette \u00e8re rock va \u00eatre tellement \u00e9pique \u00bb peut-on lire parmi les commentaires sur YouTube. Alors que certains esp\u00e8rent d\u00e9couvrir sur ce futur album \u00ab une vibe Prince \u00bb, d&rsquo;autres s&rsquo;impatientent d\u00e9j\u00e0 des collaborations \u00e0 venir. \u00ab Nous allons ENFIN avoir la deuxi\u00e8me partie de Gaga et Beyonc\u00e9 \u00bb pr\u00e9dit un internaute, alors que le monde entier attend depuis 15 ans maintenant <a href=\"https:\/\/www.chartsinfrance.net\/actualite\/news-131674.html\" target=\"_blank\" class=\"spip_out\" rel=\"nofollow noopener\">une suite \u00e0 \u00ab\u00a0Telephone\u00a0\u00bb<\/a>. En f\u00e9vrier, Lady Gaga avait confirm\u00e9 que \u00ab oui \u00bb, le morceau arriverait un jour&#8230; On y croit !<\/p>\n","protected":false},"excerpt":{"rendered":"YouTube Pass\u00e9 par le Stade de France en juin, le \u00ab\u00a0Cowboy Carter Tour\u00a0\u00bb de Beyonc\u00e9 s&rsquo;est achev\u00e9 en&hellip;\n","protected":false},"author":2,"featured_media":303031,"comment_status":"","ping_status":"","sticky":false,"template":"","format":"standard","meta":{"footnotes":""},"categories":[1355],"tags":[58,59,1011,27,1361,873],"class_list":{"0":"post-303030","1":"post","2":"type-post","3":"status-publish","4":"format-standard","5":"has-post-thumbnail","7":"category-musique","8":"tag-divertissement","9":"tag-entertainment","10":"tag-fr","11":"tag-france","12":"tag-music","13":"tag-musique"},"share_on_mastodon":{"url":"https:\/\/pubeurope.com\/@fr\/114988163038628315","error":""},"_links":{"self":[{"href":"https:\/\/www.europesays.com\/fr\/wp-json\/wp\/v2\/posts\/303030","targetHints":{"allow":["GET"]}}],"collection":[{"href":"https:\/\/www.europesays.com\/fr\/wp-json\/wp\/v2\/posts"}],"about":[{"href":"https:\/\/www.europesays.com\/fr\/wp-json\/wp\/v2\/types\/post"}],"author":[{"embeddable":true,"href":"https:\/\/www.europesays.com\/fr\/wp-json\/wp\/v2\/users\/2"}],"replies":[{"embeddable":true,"href":"https:\/\/www.europesays.com\/fr\/wp-json\/wp\/v2\/comments?post=303030"}],"version-history":[{"count":0,"href":"https:\/\/www.europesays.com\/fr\/wp-json\/wp\/v2\/posts\/303030\/revisions"}],"wp:featuredmedia":[{"embeddable":true,"href":"https:\/\/www.europesays.com\/fr\/wp-json\/wp\/v2\/media\/303031"}],"wp:attachment":[{"href":"https:\/\/www.europesays.com\/fr\/wp-json\/wp\/v2\/media?parent=303030"}],"wp:term":[{"taxonomy":"category","embeddable":true,"href":"https:\/\/www.europesays.com\/fr\/wp-json\/wp\/v2\/categories?post=303030"},{"taxonomy":"post_tag","embeddable":true,"href":"https:\/\/www.europesays.com\/fr\/wp-json\/wp\/v2\/tags?post=303030"}],"curies":[{"name":"wp","href":"https:\/\/api.w.org\/{rel}","templated":true}]}}