{"id":303032,"date":"2025-08-07T15:21:12","date_gmt":"2025-08-07T15:21:12","guid":{"rendered":"https:\/\/www.europesays.com\/fr\/303032\/"},"modified":"2025-08-07T15:21:12","modified_gmt":"2025-08-07T15:21:12","slug":"une-bande-annonce-anxiogene-pour-ce-drame-psychologique-avec-rose-byrne-en-pleine-crise-de-nerfs","status":"publish","type":"post","link":"https:\/\/www.europesays.com\/fr\/303032\/","title":{"rendered":"Une bande-annonce anxiog\u00e8ne pour ce drame psychologique avec Rose Byrne, en pleine crise de nerfs"},"content":{"rendered":"<p><strong><a href=\"https:\/\/www.ecranlarge.com\/personnalite\/658793-rose-byrne\" data-type=\"people\" data-id=\"310337\" rel=\"nofollow noopener\" target=\"_blank\">Rose Byrne<\/a> est au c\u0153ur d\u2019une spirale infernale dans la bande-annonce de <\/strong><strong><a href=\"https:\/\/www.ecranlarge.com\/films\/if-i-had-legs-id-kick-you\" data-type=\"films\" data-id=\"1329129\" rel=\"nofollow noopener\" target=\"_blank\">If I Had Legs I\u2019d Kick You<\/a><\/strong><strong>, qui pourrait bien la mener aux Oscars.<\/strong><\/p>\n<p>En 2025, A24 a marqu\u00e9 les esprits au Festival de Cannes avec le western <strong>Eddington <\/strong>d\u2019Ari Aster, le Festival de Sundance avec la com\u00e9die noire <strong>Sorry, Baby<\/strong> d\u2019Eva Victor et s\u2019appr\u00eate sans doute \u00e0 bousculer la Mostra de Venise avec <strong>The Smashing Machine <\/strong>de Benny Safdie, dont la m\u00e9tamorphose de Dwayne Johnson en champion de MMA addict aux opio\u00efdes est d\u00e9j\u00e0 sur toutes les l\u00e8vres depuis plusieurs. L\u2019acteur repartira t\u2019il avec un prix ? L\u2019avenir nous le dira mais il semble parmi les favoris et pourrait donc agrandir la collection de r\u00e9compenses du studio en 2025.<\/p>\n<p>En effet, au Festival de Berlin, leur film <strong>If I Had Legs I\u2019d Kick You <\/strong>(soit \u00ab\u00a0Si j\u2019avais des jambes, je te botterais le cul\u00a0\u00bb) sign\u00e9 <a href=\"https:\/\/www.ecranlarge.com\/personnalite\/718289-mary-bronstein\" data-type=\"people\" data-id=\"363365\" rel=\"nofollow noopener\" target=\"_blank\">Mary Bronstein<\/a> a impressionn\u00e9 le jury pr\u00e9sid\u00e9 par Todd Haynes. R\u00e9sultat,<strong> l\u2019actrice Rose Byrne a \u00e9t\u00e9 aur\u00e9ol\u00e9e de l\u2019Ours d\u2019argent de la meilleure performance<\/strong> (prix mixte pour les r\u00f4les principaux) pour sa performance magistrale dans la peau d\u2019une femme au bord du gouffre. <strong>La bande-annonce a \u00e9t\u00e9 d\u00e9voil\u00e9e par A24 et \u00e7a donne tr\u00e8s envie.<\/strong><\/p>\n<p>                    <img decoding=\"async\" alt=\"\" class=\"wp-image-518375\" style=\"object-fit:cover;width:25px;height:25px\" src=\"https:\/\/www.ecranlarge.com\/content\/uploads\/2023\/09\/arrow-right-circle.svg\"\/><\/p>\n<p>\u00e0 plein temps 2<\/p>\n<p>Imaginez que vous venez de rentrer chez vous apr\u00e8s une longue journ\u00e9e \u00e9puisante. \u00c0 peine assis, votre fille vous demande pourquoi il y a de l\u2019eau un peu partout sur le sol, vous d\u00e9couvrez que \u00e7a vient du plafond de votre chambre et vous avez \u00e0 peine le temps d\u2019appeler votre mari que le plafond s\u2019\u00e9croule soudainement sous vos yeux d\u00e9versant des litres d\u2019eau en cascade. <strong>\u00c7a ressemble \u00e0 un cauchemar et, pourtant, c\u2019est bien ce que va vivre Linda dans If I Had Legs I\u2019d Kick You.<\/strong><\/p>\n<p>Cette m\u00e8re de famille doit \u00e0 la fois g\u00e9rer la myst\u00e9rieuse maladie de sa fille, son mari absent, un nouvel ami \u00e9trange qui vend de la drogue et une relation de plus en plus hostile avec son th\u00e9rapeute. Alors quand son plafond craque, c\u2019est un peu la goutte d\u2019eau qui fait d\u00e9border le vase et symbolise <strong>la spirale infernale de sa vie, o\u00f9 tout s\u2019effondre autour d\u2019elle.<\/strong> Pas facile de tenir debout face \u00e0 une telle barque \u00e0 mener seule et la bande-annonce suit ainsi Linda en pleine crise de nerfs, pouss\u00e9e dans ses retranchements, pour survivre au milieu de cet enfer du quotidien.<\/p>\n<p><a href=\"https:\/\/www.ecranlarge.com\/content\/uploads\/2025\/08\/poster.jpg\" rel=\"nofollow noopener\" target=\"_blank\"><\/p>\n<p><img loading=\"lazy\" decoding=\"async\" alt=\"Affiche US de If I Had Legs I'd Kick You\" src=\"https:\/\/www.europesays.com\/fr\/wp-content\/uploads\/2025\/08\/poster-1260x1890.jpg\" width=\"1260\" height=\"1890\"  \/><\/p>\n<p><\/a>Oui, il y aussi Conan O\u2019Brien et A$AP Rocky au casting<\/p>\n<p>Avec une ambiance anxiog\u00e8ne qui monte crescendo, <strong>le trailer promet un drame psychologique assez \u00e9prouvant<\/strong>, o\u00f9 l\u2019h\u00e9ro\u00efne de Rose Byrne n\u2019aura aucun temps de r\u00e9pit (ou presque) et o\u00f9 le spectateur sera plong\u00e9 dans son tourbillon \u00e9motionnel de mani\u00e8re assez visc\u00e9rale. Depuis son passage \u00e0 Berlin (et Sundance), le film a largement \u00e9t\u00e9 salu\u00e9 par la critique, notamment d\u00e9crit comme l\u2019un des films les plus angoissants de l\u2019ann\u00e9e et <strong>compar\u00e9 \u00e0 un certain Uncut Gems<\/strong>, le thriller suffocant des fr\u00e8res Safdie (d\u2019ailleurs, Josh est producteur de <strong>If I Had Legs I\u2019d Kick You<\/strong>).<\/p>\n<p>De notre c\u00f4t\u00e9, m\u00eame si on n\u2019a pas encore vu le film, la bande-annonce nous rappelle un peu l\u2019excellent <strong>A plein temps<\/strong> d\u2019Eric Gravel, o\u00f9 une Laure Calamy des grands jours jouait une m\u00e8re de famille \u00e9levant ses enfants seule et courait partout dans Paris pour sauver son emploi, sa maison et in fine sa vie. On esp\u00e8re que <strong>If I Had Legs I\u2019d Kick You<\/strong> sera donc aussi intense et, vu les retours, on n\u2019en doute pas trop. D\u2019autant plus avec Rose Byrne, actrice incroyable trop souvent rel\u00e9gu\u00e9e \u00e0 des r\u00f4les peu m\u00e9morables ces derni\u00e8res ann\u00e9es malgr\u00e9 son immense talent.<\/p>\n<p><strong>If I Had Legs I\u2019d Kick You sortira le 10 octobre aux \u00c9tats-Unis<\/strong> et on ne serait pas \u00e9tonn\u00e9 de le revoir en haut de l\u2019affiche lors des Oscars (au moins pour Rose Byrne). En France, il n\u2019a pas encore de date de sortie.<\/p>\n","protected":false},"excerpt":{"rendered":"Rose Byrne est au c\u0153ur d\u2019une spirale infernale dans la bande-annonce de If I Had Legs I\u2019d Kick&hellip;\n","protected":false},"author":2,"featured_media":303033,"comment_status":"","ping_status":"","sticky":false,"template":"","format":"standard","meta":{"footnotes":""},"categories":[1354],"tags":[58,59,1346,1011,27,1360],"class_list":{"0":"post-303032","1":"post","2":"type-post","3":"status-publish","4":"format-standard","5":"has-post-thumbnail","7":"category-films","8":"tag-divertissement","9":"tag-entertainment","10":"tag-films","11":"tag-fr","12":"tag-france","13":"tag-movies"},"share_on_mastodon":{"url":"https:\/\/pubeurope.com\/@fr\/114988167040011399","error":""},"_links":{"self":[{"href":"https:\/\/www.europesays.com\/fr\/wp-json\/wp\/v2\/posts\/303032","targetHints":{"allow":["GET"]}}],"collection":[{"href":"https:\/\/www.europesays.com\/fr\/wp-json\/wp\/v2\/posts"}],"about":[{"href":"https:\/\/www.europesays.com\/fr\/wp-json\/wp\/v2\/types\/post"}],"author":[{"embeddable":true,"href":"https:\/\/www.europesays.com\/fr\/wp-json\/wp\/v2\/users\/2"}],"replies":[{"embeddable":true,"href":"https:\/\/www.europesays.com\/fr\/wp-json\/wp\/v2\/comments?post=303032"}],"version-history":[{"count":0,"href":"https:\/\/www.europesays.com\/fr\/wp-json\/wp\/v2\/posts\/303032\/revisions"}],"wp:featuredmedia":[{"embeddable":true,"href":"https:\/\/www.europesays.com\/fr\/wp-json\/wp\/v2\/media\/303033"}],"wp:attachment":[{"href":"https:\/\/www.europesays.com\/fr\/wp-json\/wp\/v2\/media?parent=303032"}],"wp:term":[{"taxonomy":"category","embeddable":true,"href":"https:\/\/www.europesays.com\/fr\/wp-json\/wp\/v2\/categories?post=303032"},{"taxonomy":"post_tag","embeddable":true,"href":"https:\/\/www.europesays.com\/fr\/wp-json\/wp\/v2\/tags?post=303032"}],"curies":[{"name":"wp","href":"https:\/\/api.w.org\/{rel}","templated":true}]}}