{"id":303034,"date":"2025-08-07T15:22:11","date_gmt":"2025-08-07T15:22:11","guid":{"rendered":"https:\/\/www.europesays.com\/fr\/303034\/"},"modified":"2025-08-07T15:22:11","modified_gmt":"2025-08-07T15:22:11","slug":"ne-mangez-pas-ce-pain","status":"publish","type":"post","link":"https:\/\/www.europesays.com\/fr\/303034\/","title":{"rendered":"ne mangez pas ce pain"},"content":{"rendered":"<p class=\"post-excerpt\">Pour le gastroent\u00e9rologue Alasdair Scott, ce type de pain peut favoriser le d\u00e9veloppement du cancer du c\u00f4lon et du cancer de l\u2019intestin. Le m\u00e9decin s\u2019appuie sur la parution d\u2019une \u00e9tude qui met en cause une s\u00e9rie d\u2019aliments ultra-transform\u00e9s pour mettre en garde le grand public quant \u00e0 ses habitudes alimentaires.<\/p>\n<p><a href=\"https:\/\/www.aufeminin.com\/manger-equilibre\/graisse-viscerale-ces-petits-dejeuners-sont-les-pires-pour-la-sante-selon-une-dieteticienne-s4090656.html\" target=\"_blank\" rel=\"noopener\">L\u2019alimentation<\/a> joue un r\u00f4le majeur dans la bonne sant\u00e9 de l\u2019organisme et peut \u00eatre m\u00eame l\u2019un des facteurs \u00e0 risque face \u00e0 certaines maladies comme le <a href=\"https:\/\/www.aufeminin.com\/manger-equilibre\/a-33-ans-il-est-diagnostique-d-un-cancer-du-colon-et-il-est-persuade-que-ces-aliments-en-sont-la-cause-s4090923.html\" target=\"_blank\" rel=\"noopener\">cancer du c\u00f4lon<\/a> et le <a href=\"https:\/\/www.aufeminin.com\/sante-femme\/cancer-colorectal-ce-symptome-auquel-il-faut-faire-tres-attention-la-maladie-peut-se-developper-en-moins-de-6-mois-s4086133.html\" target=\"_blank\" rel=\"noopener\">cancer<\/a> de l\u00a0\u00bbintestin. Une \u00e9tude partag\u00e9e dans les colonnes de BMJ r\u00e9v\u00e8le un lien \u00e9troit entre la <strong>consommation d\u2019aliments ultra-transform\u00e9s<\/strong> et la manifestation de maladies mentales, cardiaques ou encore de cancers.<\/p>\n<p>Des recherches qui ont pouss\u00e9 un m\u00e9decin a tir\u00e9 la sonnette d\u2019alarme quant \u00e0 ce <strong>type de pain <\/strong>qui peut favoriser les cancers du c\u00f4lon et de l\u2019intestin. \u00ab\u00a0En ce qui concerne le cancer, l&rsquo;\u00e9tude a montr\u00e9 une association entre une consommation accrue d&rsquo;UPF et le d\u00e9veloppement de ces maladies. Et le d\u00e9veloppement du cancer de l&rsquo;intestin montre la plus forte association avec la consommation d&rsquo;UPF\u00a0\u00bb, explique Alasdair Scott, un gastroent\u00e9rologue am\u00e9ricain dans les colonnes de Gloucestershire Live.<\/p>\n<p> Eviter les aliments transform\u00e9s <\/p>\n<p>Lorsqu\u2019il \u00e9voque UPF, le sp\u00e9cialiste fait r\u00e9f\u00e9rence aux aliments qui comportent des additifs ou sont hautement transform\u00e9s. Deux types d\u2019aliments qui jouent, d\u2019apr\u00e8s lui, un r\u00f4le important dans le d\u00e9veloppement du cancer de l\u2019intestin. \u00ab\u00a0Tout d\u2019abord, les UPF n\u2019ont pas la valeur nutritive des aliments entiers. Moins de fibres, moins de prot\u00e9ines et moins de vitamines, d\u2019antioxydants et de polyph\u00e9nols\u00a0\u00bb, explique le m\u00e9decin.<\/p>\n<p>Et d\u2019ajouter : \u201cAinsi, lorsque nous rempla\u00e7ons les aliments entiers par des aliments ultra-transform\u00e9s, nous supprimons une grande partie des bienfaits pour la sant\u00e9 que nous aurions pu tirer de ces aliments\u00a0\u00bb. Le sp\u00e9cialiste pointe du doigt le r\u00f4le nocif des additifs sur l&rsquo;organisme. \u00ab\u00a0Les additifs contenus dans les UPF peuvent avoir des effets n\u00e9gatifs directs. En particulier, il a \u00e9t\u00e9 d\u00e9montr\u00e9 que les \u00e9dulcorants non sucr\u00e9s, les \u00e9mulsifiants et les nitrates\/nitrites modifient le microbiome intestinal, ce qui pourrait jouer un r\u00f4le dans le d\u00e9veloppement du cancer du c\u00f4lon\u00a0\u00bb, explique le gastroent\u00e9rologue.<\/p>\n<p><img loading=\"lazy\" decoding=\"async\" itemprop=\"thumbnailUrl\" class=\"wp-image-2096583 img-responsive  zoom-it pinit-here\" src=\"https:\/\/www.europesays.com\/fr\/wp-content\/uploads\/2025\/08\/2261710_origin.jpg\" alt=\"\" width=\"1300\" height=\"630\" data-pin-media=\"https:\/\/sf1.afcdn.com\/wp-content\/uploads\/aufeminin\/2025\/03\/2261710_origin-736x357.jpg\"\/> \u00a9  Roman Fenton \/ Shutterstock<\/p>\n<p> Ce type de pain \u00e0 exclure de son alimentation <\/p>\n<p>Au-del\u00e0 des additifs, ce type d\u2019aliment pr\u00e9sente g\u00e9n\u00e9ralement un dose importante de sucres ajout\u00e9s, de graisses satur\u00e9es et de sel. \u00ab\u00a0Ils entra\u00eenent un stockage plus important des graisses, une r\u00e9sistance \u00e0 l\u2019insuline, de l\u2019ob\u00e9sit\u00e9 et une inflammation. Tous ces facteurs sont ind\u00e9pendamment associ\u00e9s \u00e0 un risque accru de cancer, notamment du c\u00f4lon et du sein\u201d, poursuit le sp\u00e9cialiste. Si le m\u00e9decin pointe du doigt les plats pr\u00e9par\u00e9s, les chips, les saucisses industrielles, la charcuterie, de la cr\u00e8me glac\u00e9e, ou la mayonnaise, il met \u00e9galement en garde le grand public vis-\u00e0-vis du <strong>pain blanc<\/strong>.<\/p>\n<p>Un ensemble d\u2019aliments identifi\u00e9s par les sp\u00e9cialiste comme pouvant favoriser le d\u00e9veloppement des cancers du c\u00f4lon et de l\u2019intestin en raison de leur action sur le microbiote. \u00ab\u00a0Ils d\u00e9truisent \u00e9galement la couche protectrice de mucus qui recouvre la surface de la paroi intestinale. Cette couche de mucus sert de barri\u00e8re entre les cellules de la paroi intestinale et les bact\u00e9ries, champignons et virus vivant dans l&rsquo;intestin. Le contact direct entre la paroi intestinale et le microbiome peut \u00eatre un facteur d&rsquo;inflammation et conduire \u00e0 un environnement qui favorise le d\u00e9veloppement du cancer de l&rsquo;intestin\u00a0\u00bb, conclut le sp\u00e9cialiste.<\/p>\n","protected":false},"excerpt":{"rendered":"Pour le gastroent\u00e9rologue Alasdair Scott, ce type de pain peut favoriser le d\u00e9veloppement du cancer du c\u00f4lon et&hellip;\n","protected":false},"author":2,"featured_media":303035,"comment_status":"","ping_status":"","sticky":false,"template":"","format":"standard","meta":{"footnotes":""},"categories":[10],"tags":[11,101,1011,27,72,4991,6055,71],"class_list":{"0":"post-303034","1":"post","2":"type-post","3":"status-publish","4":"format-standard","5":"has-post-thumbnail","7":"category-sante","8":"tag-actualites","9":"tag-cancer","10":"tag-fr","11":"tag-france","12":"tag-health","13":"tag-nutrition","14":"tag-republishing","15":"tag-sante"},"share_on_mastodon":{"url":"https:\/\/pubeurope.com\/@fr\/114988170934091822","error":""},"_links":{"self":[{"href":"https:\/\/www.europesays.com\/fr\/wp-json\/wp\/v2\/posts\/303034","targetHints":{"allow":["GET"]}}],"collection":[{"href":"https:\/\/www.europesays.com\/fr\/wp-json\/wp\/v2\/posts"}],"about":[{"href":"https:\/\/www.europesays.com\/fr\/wp-json\/wp\/v2\/types\/post"}],"author":[{"embeddable":true,"href":"https:\/\/www.europesays.com\/fr\/wp-json\/wp\/v2\/users\/2"}],"replies":[{"embeddable":true,"href":"https:\/\/www.europesays.com\/fr\/wp-json\/wp\/v2\/comments?post=303034"}],"version-history":[{"count":0,"href":"https:\/\/www.europesays.com\/fr\/wp-json\/wp\/v2\/posts\/303034\/revisions"}],"wp:featuredmedia":[{"embeddable":true,"href":"https:\/\/www.europesays.com\/fr\/wp-json\/wp\/v2\/media\/303035"}],"wp:attachment":[{"href":"https:\/\/www.europesays.com\/fr\/wp-json\/wp\/v2\/media?parent=303034"}],"wp:term":[{"taxonomy":"category","embeddable":true,"href":"https:\/\/www.europesays.com\/fr\/wp-json\/wp\/v2\/categories?post=303034"},{"taxonomy":"post_tag","embeddable":true,"href":"https:\/\/www.europesays.com\/fr\/wp-json\/wp\/v2\/tags?post=303034"}],"curies":[{"name":"wp","href":"https:\/\/api.w.org\/{rel}","templated":true}]}}