{"id":303049,"date":"2025-08-07T15:30:14","date_gmt":"2025-08-07T15:30:14","guid":{"rendered":"https:\/\/www.europesays.com\/fr\/303049\/"},"modified":"2025-08-07T15:30:14","modified_gmt":"2025-08-07T15:30:14","slug":"canicule-meteo-france-passe-la-loire-et-saint-etienne-en-orange-la-vague-de-chaleur-va-durer","status":"publish","type":"post","link":"https:\/\/www.europesays.com\/fr\/303049\/","title":{"rendered":"Canicule. M\u00e9t\u00e9o-France passe la Loire et Saint-Etienne en orange, la vague de chaleur va durer"},"content":{"rendered":"<p>            Par<br \/>\n        <strong><br \/>\n            <a href=\"https:\/\/actu.fr\/auteur\/mathias-souteyrat\" title=\"Consulter tous les articles de Mathias Souteyrat\" rel=\"nofollow noopener\" target=\"_blank\">Mathias Souteyrat<\/a><br \/>\n        <\/strong><\/p>\n<p>        Publi\u00e9 le<\/p>\n<p>            7 ao\u00fbt 2025 \u00e0 16h31        <\/p>\n<p>La <a href=\"https:\/\/actu.fr\/auvergne-rhone-alpes\/loire_42\" rel=\"nofollow noopener\" target=\"_blank\">Loire<\/a> est plac\u00e9e en vigilance orange <a href=\"https:\/\/actu.fr\/meteo\/la-canicule-de-retour-en-france-16-departements-places-en-vigilance-ce-jeudi-de-fortes-chaleurs-a-prevoir_63005096.html\" rel=\"nofollow noopener\" target=\"_blank\">canicule<\/a> \u00e0 partir du vendredi 8 ao\u00fbt 2025, midi, jusqu\u2019au mercredi 13 ao\u00fbt 2025, par M\u00e9t\u00e9o-France. Les d\u00e9partements du <a href=\"https:\/\/actu.fr\/auvergne-rhone-alpes\/lyon_69123\/canicule-meteo-france-va-basculer-le-rhone-et-lyon-en-vigilance-orange-debut-d-une-longue-vague-de-chaleur_63007793.html\" rel=\"nofollow noopener\" target=\"_blank\">Rh\u00f4ne<\/a>, Ard\u00e8che, Is\u00e8re et Dr\u00f4me sont dans le m\u00eame cas.<\/p>\n<p class=\" wall-content\">D\u2019apr\u00e8s l\u2019agence m\u00e9t\u00e9o fran\u00e7aise, \u00ab\u00a0hausse sensible des temp\u00e9ratures cet apr\u00e8s-midi sur la r\u00e9gion Auvergne-Rh\u00f4ne-Alpes et notamment en vall\u00e9e du Rh\u00f4ne, marquant le d\u00e9but d\u2019un nouvel \u00e9pisode caniculaire sur la r\u00e9gion\u00a0\u00bb.<\/p>\n<p>Des temp\u00e9ratures \u00e9lev\u00e9es la nuit<\/p>\n<p class=\" wall-content\">D\u00e8s la journ\u00e9e de vendredi, les temp\u00e9ratures maximales atteignent des niveaux caniculaires, en gagnant 2 \u00e0 3\u00b0C par rapport \u00e0 la journ\u00e9e de jeudi.<\/p>\n<p>Les pr\u00e9visions de M\u00e9t\u00e9o Loire<\/p>\n<p>\u00c0 partir de jeudi, le thermom\u00e8tre va fortement augmenter avec des temp\u00e9ratures atteignant les 33\/34\u00b0 en plaine dans la Loire.<br \/>D\u00e8s la fin de semaine, la chaleur s&rsquo;accentuera avec de valeurs atteignant les 37\/38\u00b0 (potentiellement 39\/40\u00b0 samedi et dimanche).<br \/>Les minimales seront, elles aussi, \u00e9lev\u00e9es avec des temp\u00e9ratures ne passant pas en dessous des 20\/22\u00b0 sur les reliefs et 25\u00b0 en plaine d\u00e8s ce week-end.<br \/>Cette canicule pourrait \u00eatre durable et durer au minimum jusqu&rsquo;\u00e0 mercredi prochain.<\/p>\n<p>Voir tout<\/p>\n<p class=\" wall-content\">Les valeurs s\u2019\u00e9chelonneront de 34\u00b0C \u00e0 37\u00b0C en g\u00e9n\u00e9ral, et localement jusqu\u2019\u00e0 38\u00b0C en moyenne vall\u00e9e du Rh\u00f4ne et sur la plaine is\u00e9roise.<\/p>\n<p>    <img   decoding=\"async\" loading=\"lazy\" src=\"https:\/\/www.europesays.com\/fr\/wp-content\/uploads\/2025\/08\/whatsapp-image-2025-08-07-at-151028-11-960x640.jpeg\" alt=\"La Loire passe en alerte orange canicule jusqu'au 13 ao\u00fbt.\" width=\"960\" height=\"640\"\/><br \/>\n    La Loire passe en alerte orange canicule jusqu\u2019au 13 ao\u00fbt. (\u00a9Mathias Souteyrat \/ actu.fr)<\/p>\n<p class=\" wall-content\">La nuit suivante (vendredi \u00e0 samedi), les temp\u00e9ratures minimales seront d\u00e9j\u00e0 inconfortables, comprises entre 17 et 20\u00b0C en plaine, dans les vall\u00e9es et sur les premiers contreforts des diff\u00e9rents massifs montagneux.<\/p>\n<p>La pr\u00e9fecture alerte<\/p>\n<p class=\" wall-content\">Pour rappel, les temp\u00e9ratures sont pr\u00e9vues sous abri ventil\u00e9 \u00e0 1m50 de hauteur au-dessus d\u2019un sol herbeux. Elles sont donc susceptibles d\u2019\u00eatre plus \u00e9lev\u00e9es en milieu urbain.<\/p>\n<p class=\" wall-content\">Cette situation repr\u00e9sente un risque pour la sant\u00e9, en particulier pour les personnes les plus vuln\u00e9rables.<\/p>\n<p class=\" wall-content\">Adoptez les bons r\u00e9flexes :<\/p>\n<ul class=\" wall-content\">\n<li>Buvez r\u00e9guli\u00e8rement de l\u2019eau<\/li>\n<li>Rafra\u00eechissez-vous plusieurs fois par jour<\/li>\n<li>\u00c9vitez les efforts physiques aux heures les plus chaudes<\/li>\n<li>Si possible, \u00e9vitez de sortir aux heures les plus chaudes<\/li>\n<li>Prenez r\u00e9guli\u00e8rement des nouvelles de vos proches, en particulier les plus fragiles.<\/li>\n<\/ul>\n<p>En cas de besoin, un num\u00e9ro d\u2019information est \u00e0 votre disposition : Canicule info service au 0800 06 66 66 (appel gratuit).<\/p>\n<p class=\" wall-content\">Suivez toute l\u2019actualit\u00e9 de vos villes et m\u00e9dias favoris en vous inscrivant \u00e0 <a href=\"https:\/\/moncompte.actu.fr\" title=\"D\u00e9couvez Mon Actu\" rel=\"nofollow noopener\" data-trk=\"{&quot;cta&quot;:{&quot;action&quot;:&quot;https:\\\/\\\/moncompte.actu.fr&quot;,&quot;category&quot;:&quot;mon compte&quot;,&quot;from&quot;:&quot;article footer&quot;,&quot;name&quot;:&quot;Mon actu&quot;,&quot;type&quot;:&quot;cta&quot;}}\" target=\"_blank\">Mon Actu<\/a>.<\/p>\n","protected":false},"excerpt":{"rendered":"Par Mathias Souteyrat Publi\u00e9 le 7 ao\u00fbt 2025 \u00e0 16h31 La Loire est plac\u00e9e en vigilance orange canicule&hellip;\n","protected":false},"author":2,"featured_media":303050,"comment_status":"","ping_status":"","sticky":false,"template":"","format":"standard","meta":{"footnotes":""},"categories":[9653],"tags":[1111,11,2430,6698,1777,674,1011,27,2487,2357,12,25,4001,15637],"class_list":{"0":"post-303049","1":"post","2":"type-post","3":"status-publish","4":"format-standard","5":"has-post-thumbnail","7":"category-saint-etienne","8":"tag-actu","9":"tag-actualites","10":"tag-auvergne-rhone-alpes","11":"tag-canicule","12":"tag-eu","13":"tag-europe","14":"tag-fr","15":"tag-france","16":"tag-meteo","17":"tag-meteo-france","18":"tag-news","19":"tag-republique-francaise","20":"tag-saint-etienne","21":"tag-vague-de-chaleur"},"share_on_mastodon":{"url":"https:\/\/pubeurope.com\/@fr\/114988202389561365","error":""},"_links":{"self":[{"href":"https:\/\/www.europesays.com\/fr\/wp-json\/wp\/v2\/posts\/303049","targetHints":{"allow":["GET"]}}],"collection":[{"href":"https:\/\/www.europesays.com\/fr\/wp-json\/wp\/v2\/posts"}],"about":[{"href":"https:\/\/www.europesays.com\/fr\/wp-json\/wp\/v2\/types\/post"}],"author":[{"embeddable":true,"href":"https:\/\/www.europesays.com\/fr\/wp-json\/wp\/v2\/users\/2"}],"replies":[{"embeddable":true,"href":"https:\/\/www.europesays.com\/fr\/wp-json\/wp\/v2\/comments?post=303049"}],"version-history":[{"count":0,"href":"https:\/\/www.europesays.com\/fr\/wp-json\/wp\/v2\/posts\/303049\/revisions"}],"wp:featuredmedia":[{"embeddable":true,"href":"https:\/\/www.europesays.com\/fr\/wp-json\/wp\/v2\/media\/303050"}],"wp:attachment":[{"href":"https:\/\/www.europesays.com\/fr\/wp-json\/wp\/v2\/media?parent=303049"}],"wp:term":[{"taxonomy":"category","embeddable":true,"href":"https:\/\/www.europesays.com\/fr\/wp-json\/wp\/v2\/categories?post=303049"},{"taxonomy":"post_tag","embeddable":true,"href":"https:\/\/www.europesays.com\/fr\/wp-json\/wp\/v2\/tags?post=303049"}],"curies":[{"name":"wp","href":"https:\/\/api.w.org\/{rel}","templated":true}]}}