{"id":303053,"date":"2025-08-07T15:32:23","date_gmt":"2025-08-07T15:32:23","guid":{"rendered":"https:\/\/www.europesays.com\/fr\/303053\/"},"modified":"2025-08-07T15:32:23","modified_gmt":"2025-08-07T15:32:23","slug":"lexposition-phare-du-jardin-botanique-se-poursuit","status":"publish","type":"post","link":"https:\/\/www.europesays.com\/fr\/303053\/","title":{"rendered":"l\u2019exposition phare du jardin botanique se poursuit"},"content":{"rendered":"<p>Avec une nouvelle floraison d\u2019arum titan, les visiteurs du jardin botanique Jean-Marie-Pelt pourront \u00e9galement profiter des nombreuses expositions c\u00e9l\u00e9brant le mouvement Art d\u00e9co, propos\u00e9es jusqu\u2019\u00e0 la fin de l\u2019\u00e9t\u00e9, dont l\u2019exposition phare Coco &amp; Co, \u00e0 d\u00e9couvrir jusqu\u2019au 1 er \u00a0mars 2026.<\/p>\n<p>Cette exposition met \u00e0 l\u2019honneur les collections de palmiers et de roses du jardin botanique qui conserve 74 sujets et 45 esp\u00e8ces. Les cocotiers, dattiers, palmiers \u00e0 l\u2019huile, rotins, qui font partie de la famille des palmiers, ont en effet \u00e9t\u00e9 une source d\u2019inspiration pour de nombreux artistes. La g\u00e9om\u00e9trie et l\u2019esth\u00e9tique des feuilles du palmier se retrouvent dans de nombreux objets ou \u00e9l\u00e9ments d\u2019architecture des ann\u00e9es folles.<\/p>\n<p class=\"note\">Jardin botanique Jean-Marie Pelt \u00e0 Villers-l\u00e8s-Nancy. De 9\u00a0h \u00e0 18\u00a0h.<\/p>\n","protected":false},"excerpt":{"rendered":"Avec une nouvelle floraison d\u2019arum titan, les visiteurs du jardin botanique Jean-Marie-Pelt pourront \u00e9galement profiter des nombreuses expositions&hellip;\n","protected":false},"author":2,"featured_media":303054,"comment_status":"","ping_status":"","sticky":false,"template":"","format":"standard","meta":{"footnotes":""},"categories":[9635],"tags":[1111,11,1687,1777,674,2271,1011,27,775,1702,12,25],"class_list":{"0":"post-303053","1":"post","2":"type-post","3":"status-publish","4":"format-standard","5":"has-post-thumbnail","7":"category-nancy","8":"tag-actu","9":"tag-actualites","10":"tag-culture-loisirs","11":"tag-eu","12":"tag-europe","13":"tag-exposition-arts-plastiques","14":"tag-fr","15":"tag-france","16":"tag-grand-est","17":"tag-nancy","18":"tag-news","19":"tag-republique-francaise"},"share_on_mastodon":{"url":"https:\/\/pubeurope.com\/@fr\/114988210316328516","error":""},"_links":{"self":[{"href":"https:\/\/www.europesays.com\/fr\/wp-json\/wp\/v2\/posts\/303053","targetHints":{"allow":["GET"]}}],"collection":[{"href":"https:\/\/www.europesays.com\/fr\/wp-json\/wp\/v2\/posts"}],"about":[{"href":"https:\/\/www.europesays.com\/fr\/wp-json\/wp\/v2\/types\/post"}],"author":[{"embeddable":true,"href":"https:\/\/www.europesays.com\/fr\/wp-json\/wp\/v2\/users\/2"}],"replies":[{"embeddable":true,"href":"https:\/\/www.europesays.com\/fr\/wp-json\/wp\/v2\/comments?post=303053"}],"version-history":[{"count":0,"href":"https:\/\/www.europesays.com\/fr\/wp-json\/wp\/v2\/posts\/303053\/revisions"}],"wp:featuredmedia":[{"embeddable":true,"href":"https:\/\/www.europesays.com\/fr\/wp-json\/wp\/v2\/media\/303054"}],"wp:attachment":[{"href":"https:\/\/www.europesays.com\/fr\/wp-json\/wp\/v2\/media?parent=303053"}],"wp:term":[{"taxonomy":"category","embeddable":true,"href":"https:\/\/www.europesays.com\/fr\/wp-json\/wp\/v2\/categories?post=303053"},{"taxonomy":"post_tag","embeddable":true,"href":"https:\/\/www.europesays.com\/fr\/wp-json\/wp\/v2\/tags?post=303053"}],"curies":[{"name":"wp","href":"https:\/\/api.w.org\/{rel}","templated":true}]}}