{"id":303057,"date":"2025-08-07T15:34:14","date_gmt":"2025-08-07T15:34:14","guid":{"rendered":"https:\/\/www.europesays.com\/fr\/303057\/"},"modified":"2025-08-07T15:34:14","modified_gmt":"2025-08-07T15:34:14","slug":"en-visite-sur-une-plage-varoise-le-ministre-de-la-sante-yannick-neuder-mobilise-pour-une-baignade-securisee","status":"publish","type":"post","link":"https:\/\/www.europesays.com\/fr\/303057\/","title":{"rendered":"En visite sur une plage varoise, le ministre de la Sant\u00e9 Yannick Neuder mobilis\u00e9 pour une baignade s\u00e9curis\u00e9e"},"content":{"rendered":"<p><a href=\"https:\/\/www.varmatin.com\/faits-divers\/un-enfant-de-3-ans-victime-d-une-noyade-mortelle-a-hyeres-994806\" target=\"_blank\" rel=\"noopener\">Un gar\u00e7on de 3 ans mort par noyade mi-juillet sur une plage de Hy\u00e8res<\/a>. Un homme de 77 ans d\u00e9c\u00e9d\u00e9 fin juin en se baignant \u00e0 Cavalaire. Ces faits tragiques rappellent que la mer peut \u00eatre un danger. Ce jeudi matin, plage de la Coudouli\u00e8re \u00e0 Saint-Mandrier, c\u2019est ce qu\u2019est venu souligner le ministre de la Sant\u00e9, Yannick Neuder. Il y a tout juste une semaine, les autorit\u00e9s sanitaires appelaient d\u00e9j\u00e0 \u00e0 la plus grande vigilance dans un contexte de hausse de pr\u00e8s de 50% des noyades \u00e0 travers l\u2019Hexagone, entre le 1er juin et le 23 juillet.<\/p>\n<p>Le constat, indique \u00c9ric Grohin, directeur d\u00e9partemental du Service d\u2019incendie et de secours (Sdis), concerne aussi le Var. Depuis le d\u00e9but de l\u2019\u00e9t\u00e9, les pompiers qui surveillent 80% des plages varoises sont en effet intervenus \u00e0 85 reprises aupr\u00e8s de personnes victimes de d\u00e9but de noyade, dont 21 en arr\u00eat cardiorespiratoire. Face au ministre, le patron du Sdis 83 pr\u00e9cise: \u00a0\u00bb Parmi ces noyades graves, trois ont eu lieu dans les zones surveill\u00e9es et les secouristes ont \u00e9t\u00e9 en mesure de relancer une activit\u00e9 cardiorespiratoire.\u00a0\u00bb<\/p>\n<p>Surveillance plus concentr\u00e9e<\/p>\n<p>La preuve que privil\u00e9gier les zones de baignade surveill\u00e9es (lire par ailleurs) permet de diminuer le risque. Celles-ci, note \u00e0 son tour Simon Babre, le pr\u00e9fet du Var, ont d\u2019ailleurs \u00e9t\u00e9 restreintes par arr\u00eat\u00e9 pr\u00e9fectoral, pour une surveillance plus concentr\u00e9e. \u00ab\u00a0Auparavant, justifie-t-il, on surveillait trop grand.\u00a0\u00bb<\/p>\n<p>Au cours de son \u00e9change avec Carla et Yoann, tous deux pompiers et surveillants de baignade, Yannick Neuder interroge les causes de la hausse du nombre de noyades: \u00ab\u00a0Avez-vous observ\u00e9 un changement de comportement?\u00a0\u00bb \u00ab\u00a0Il y a beaucoup plus de personnes \u00e2g\u00e9es\u00a0\u00bb, remarque Yoann, professionnel au centre de secours de La Seyne. \u00c9ric Grohin rench\u00e9rit: \u00ab\u00a0Avant, les plus de 65 ans venaient \u00e0 la plage t\u00f4t le matin ou plus tard dans l\u2019apr\u00e8s-midi. Avec les fortes chaleurs, ils viennent toute la journ\u00e9e.\u00a0\u00bb<\/p>\n<p>Choc thermique<\/p>\n<p>C\u2019est l\u00e0 l\u2019un des plus grands dangers de malaise: lorsque l\u2019on rentre dans l\u2019eau sans pr\u00e9caution apr\u00e8s avoir eu chaud. D\u2019autant plus, ajoute Franck Cuomo, r\u00e9f\u00e9rent technique d\u00e9partemental des pompiers du Var pour la surveillance de baignade, lorsque le contraste est rendu plus important par \u00ab\u00a0la dizaine de jours de mistral qui a refroidi les couches sup\u00e9rieures de la mer\u00a0\u00bb. Et d\u2019attirer l\u2019attention sur les jours de chaleur qui arrivent: \u00ab\u00a0On a plus de noyades graves en p\u00e9riode de canicule\u00a0\u00bb, observe \u00c9ric Grohin.<\/p>\n<p>Au-del\u00e0 des conditions de baignades, le ministre de la Sant\u00e9 pointe \u00e0 son tour la n\u00e9cessit\u00e9 qu\u2019\u00a0\u00bbun maximum d\u2019enfants sachent nager\u00a0\u00bb. \u00ab\u00a0Lorsque j\u2019\u00e9tais maire (de Saint-\u00c9tienne-de-Saint-Geoirs, jusqu\u2019en 2019, Ndlr), nous avions des classes bleues o\u00f9 les enfants apprenaient \u00e0 nager, afin qu\u2019en sixi\u00e8me, 80% d\u2019entre eux soient form\u00e9s.\u00a0\u00bb<\/p>\n<p>Gare aux piscines<\/p>\n<p>L\u2019occasion pour Yannick Neuder de plaider aussi pour le plus grand respect des consignes de s\u00e9curit\u00e9, y compris dans les piscines o\u00f9, le drame l\u2019Antibes et la mort de deux enfants de 6 et 8 ans le rappelle douloureusement, le danger est tout aussi pr\u00e9sent.<\/p>\n<p>Pr\u00e9sent aussi sous la mer. En attestent les 165 interventions des pompiers sur des accidents de plong\u00e9e. Un peu plus t\u00f4t dans la matin\u00e9e, le ministre s\u2019\u00e9tait ainsi rendu \u00e0 l\u2019h\u00f4pital Sainte-Anne, \u00e0 Toulon, qui accueille ces victimes, dans son service de m\u00e9decine subaquatique et hyperbare. L\u00e0 encore avec un message: tout mettre en \u0153uvre pour que \u00ab\u00a0les vacances se passent bien et ne deviennent pas un drame o\u00f9 on perd un membre de sa famille\u00a0\u00bb.<\/p>\n<p>            N\u2019oubliez pas les consignes!<\/p>\n<p>* Surveillez constamment les enfants, m\u00eame dans les zones peu profondes.<\/p>\n<p>* Privil\u00e9giez les zones de baignade surveill\u00e9es.<\/p>\n<p>* \u00c9vitez les heures de forte chaleur (de 10 heures \u00e0 16 heures) et les expositions prolong\u00e9es.<\/p>\n<p>* Restez progressif dans l\u2019entr\u00e9e dans l\u2019eau, surtout apr\u00e8s une exposition au soleil.<\/p>\n<p>* Ne pr\u00e9sumez pas de votre forme, ni de vos capacit\u00e9s.<\/p>\n<p>* Pour nager, choisissez plut\u00f4t de longer la c\u00f4te, plut\u00f4t que d\u2019aller vers le large.<\/p>\n<p>* En mer, respectez les drapeaux et les conditions m\u00e9t\u00e9o.<\/p>\n<p>* \u00c9vitez l\u2019alcool avant de vous baigner.<\/p>\n<p>* Enfin, en cas d\u2019urgence, bien \u00e9videmment, composez le 18 ou le 112.<\/p>\n","protected":false},"excerpt":{"rendered":"Un gar\u00e7on de 3 ans mort par noyade mi-juillet sur une plage de Hy\u00e8res. Un homme de 77&hellip;\n","protected":false},"author":2,"featured_media":303058,"comment_status":"","ping_status":"","sticky":false,"template":"","format":"standard","meta":{"footnotes":""},"categories":[9619],"tags":[1111,11,1777,674,332,1011,27,12,882,25,2310],"class_list":{"0":"post-303057","1":"post","2":"type-post","3":"status-publish","4":"format-standard","5":"has-post-thumbnail","7":"category-toulon","8":"tag-actu","9":"tag-actualites","10":"tag-eu","11":"tag-europe","12":"tag-faits-de-societe","13":"tag-fr","14":"tag-france","15":"tag-news","16":"tag-provence-alpes-cote-dazur","17":"tag-republique-francaise","18":"tag-toulon"},"share_on_mastodon":{"url":"https:\/\/pubeurope.com\/@fr\/114988218428405911","error":""},"_links":{"self":[{"href":"https:\/\/www.europesays.com\/fr\/wp-json\/wp\/v2\/posts\/303057","targetHints":{"allow":["GET"]}}],"collection":[{"href":"https:\/\/www.europesays.com\/fr\/wp-json\/wp\/v2\/posts"}],"about":[{"href":"https:\/\/www.europesays.com\/fr\/wp-json\/wp\/v2\/types\/post"}],"author":[{"embeddable":true,"href":"https:\/\/www.europesays.com\/fr\/wp-json\/wp\/v2\/users\/2"}],"replies":[{"embeddable":true,"href":"https:\/\/www.europesays.com\/fr\/wp-json\/wp\/v2\/comments?post=303057"}],"version-history":[{"count":0,"href":"https:\/\/www.europesays.com\/fr\/wp-json\/wp\/v2\/posts\/303057\/revisions"}],"wp:featuredmedia":[{"embeddable":true,"href":"https:\/\/www.europesays.com\/fr\/wp-json\/wp\/v2\/media\/303058"}],"wp:attachment":[{"href":"https:\/\/www.europesays.com\/fr\/wp-json\/wp\/v2\/media?parent=303057"}],"wp:term":[{"taxonomy":"category","embeddable":true,"href":"https:\/\/www.europesays.com\/fr\/wp-json\/wp\/v2\/categories?post=303057"},{"taxonomy":"post_tag","embeddable":true,"href":"https:\/\/www.europesays.com\/fr\/wp-json\/wp\/v2\/tags?post=303057"}],"curies":[{"name":"wp","href":"https:\/\/api.w.org\/{rel}","templated":true}]}}