{"id":303059,"date":"2025-08-07T15:35:11","date_gmt":"2025-08-07T15:35:11","guid":{"rendered":"https:\/\/www.europesays.com\/fr\/303059\/"},"modified":"2025-08-07T15:35:11","modified_gmt":"2025-08-07T15:35:11","slug":"ferte-a-explique-son-choix-de-rejoindre-toulon","status":"publish","type":"post","link":"https:\/\/www.europesays.com\/fr\/303059\/","title":{"rendered":"Fert\u00e9 a expliqu\u00e9 son choix de rejoindre Toulon"},"content":{"rendered":"<p class=\"date\">\n                                                            Marie Mah\u00e9, Media365 : publi\u00e9 le jeudi 07 ao\u00fbt 2025 \u00e0 16h20\n                                                    <\/p>\n<p>Mathis Fert\u00e9 (21 ans) a d\u00e9cid\u00e9 de quitter son club formateur Brive pour rejoindre Toulon. Un choix qu&rsquo;il a eu l&rsquo;occasion d&rsquo;expliquer dans un entretien accord\u00e9 \u00e0 Rugbyrama.<\/p>\n<p><a href=\"https:\/\/sports.orange.fr\/rugby\/top-14\/article\/top-14-toulon-plusieurs-recrues-officialisees-dont-le-meilleur-joueur-2022-du-top-14-CNT000002jtrg8.html\" rel=\"nofollow noopener\" target=\"_blank\">C&rsquo;est le grand saut pour Mathis Fert\u00e9<\/a>. Aujourd&rsquo;hui \u00e2g\u00e9 de seulement 21 ans, le polyvalent fran\u00e7ais, qui peut \u00e9voluer aux postes d&rsquo;arri\u00e8re, d&rsquo;ailier, de demi de m\u00eal\u00e9e ou bien encore de centre, a d\u00e9cid\u00e9 de quitter Brive. C&rsquo;est au CA que le Tricolore avait \u00e9t\u00e9 form\u00e9, avant d&rsquo;\u00e9voluer chez les professionnels lors des trois derni\u00e8res saisons. A partir de la saison prochaine, Fert\u00e9 portera les couleurs de Toulon. Un choix qu&rsquo;il a eu l&rsquo;occasion d&rsquo;expliquer, ce jeudi, \u00e0 l&rsquo;occasion d&rsquo;un entretien accord\u00e9 \u00e0 Rugbyrama : \u00ab\u00a0(&#8230;) Mon grand fr\u00e8re \u00e9tait pour Toulouse, tout comme son copain. Et moi, avec le fils de ma marraine, on \u00e9tait pour Toulon (rires). Quand on faisait des deux contre deux, apr\u00e8s ces vacances, j&rsquo;\u00e9tais donc un joueur de Toulon dans le jardin (sourire) et je jouais contre Toulouse ! C&rsquo;est fou. Quand on gagnait, on chantait comme les supporters de Mayol. Gamin, j&rsquo;avais m\u00eame appris le Pilou-Pilou ! Je le criais partout dans la maison. Donc, voil\u00e0, ma famille ne sera pas d\u00e9pays\u00e9e. Je peux vous dire que tout le monde a bascul\u00e9 sur Toulon et le RCT. Ils vont nous supporter.\u00a0\u00bb<\/p>\n<p>Fert\u00e9 : \u00ab\u00a0Pour l&rsquo;\u00e9quipe de France, je ne vais pas vous mentir&#8230;\u00a0\u00bb<\/p>\n<p>Performant depuis quelques ann\u00e9es, Mathis Fert\u00e9 a eu l&rsquo;occasion d&rsquo;\u00eatre appel\u00e9 dans les s\u00e9lections de jeunes. D&rsquo;ailleurs, le Tricolore faisait partie de l&rsquo;aventure, en 2023, <a href=\"https:\/\/sports.orange.fr\/rugby\/coupe-du-monde\/article\/mondial-u20-j2-les-bleuets-sur-leurs-gardes-avant-le-pays-de-galles-exclu-CNT000002jr89m.html\" rel=\"nofollow noopener\" target=\"_blank\">lorsque l&rsquo;\u00e9quipe de France<\/a> avait remport\u00e9 le titre de champion du monde des moins de 20 ans. En 2024, Fert\u00e9 \u00e9tait encore l\u00e0 lors de la d\u00e9faite en finale de cette m\u00eame \u00e9preuve. Avec son arriv\u00e9e au RCT, pense-t-il au XV de France ? \u00ab\u00a0(&#8230;) Pour l&rsquo;\u00e9quipe de France, je ne vais pas vous mentir : c&rsquo;est dans un coin de ma t\u00eate. Je suis conscient que \u00e7a sera compliqu\u00e9 d&rsquo;y aller quand je vois la concurrence, et je sais que j&rsquo;ai encore du boulot. Je vais travailler pour me donner les moyens d&rsquo;y aller, mais je ne me suis jamais dit : \u00ab\u00a0Mathis, il faut y \u00eatre dans six mois, un an&#8230;\u00a0\u00bb Loin de l\u00e0 ! Mais, l&rsquo;ambition est l\u00e0. J&rsquo;ai le go\u00fbt de l&rsquo;apprentissage et de la comp\u00e9tition. Je suis un \u00e9ternel insatisfait, et je veux aller chercher tr\u00e8s haut.\u00a0\u00bb<\/p>\n","protected":false},"excerpt":{"rendered":"Marie Mah\u00e9, Media365 : publi\u00e9 le jeudi 07 ao\u00fbt 2025 \u00e0 16h20 Mathis Fert\u00e9 (21 ans) a d\u00e9cid\u00e9&hellip;\n","protected":false},"author":2,"featured_media":303060,"comment_status":"","ping_status":"","sticky":false,"template":"","format":"standard","meta":{"footnotes":""},"categories":[9619],"tags":[1111,11,1777,674,1011,27,12,882,25,2310],"class_list":{"0":"post-303059","1":"post","2":"type-post","3":"status-publish","4":"format-standard","5":"has-post-thumbnail","7":"category-toulon","8":"tag-actu","9":"tag-actualites","10":"tag-eu","11":"tag-europe","12":"tag-fr","13":"tag-france","14":"tag-news","15":"tag-provence-alpes-cote-dazur","16":"tag-republique-francaise","17":"tag-toulon"},"share_on_mastodon":{"url":"https:\/\/pubeurope.com\/@fr\/114988222073304682","error":""},"_links":{"self":[{"href":"https:\/\/www.europesays.com\/fr\/wp-json\/wp\/v2\/posts\/303059","targetHints":{"allow":["GET"]}}],"collection":[{"href":"https:\/\/www.europesays.com\/fr\/wp-json\/wp\/v2\/posts"}],"about":[{"href":"https:\/\/www.europesays.com\/fr\/wp-json\/wp\/v2\/types\/post"}],"author":[{"embeddable":true,"href":"https:\/\/www.europesays.com\/fr\/wp-json\/wp\/v2\/users\/2"}],"replies":[{"embeddable":true,"href":"https:\/\/www.europesays.com\/fr\/wp-json\/wp\/v2\/comments?post=303059"}],"version-history":[{"count":0,"href":"https:\/\/www.europesays.com\/fr\/wp-json\/wp\/v2\/posts\/303059\/revisions"}],"wp:featuredmedia":[{"embeddable":true,"href":"https:\/\/www.europesays.com\/fr\/wp-json\/wp\/v2\/media\/303060"}],"wp:attachment":[{"href":"https:\/\/www.europesays.com\/fr\/wp-json\/wp\/v2\/media?parent=303059"}],"wp:term":[{"taxonomy":"category","embeddable":true,"href":"https:\/\/www.europesays.com\/fr\/wp-json\/wp\/v2\/categories?post=303059"},{"taxonomy":"post_tag","embeddable":true,"href":"https:\/\/www.europesays.com\/fr\/wp-json\/wp\/v2\/tags?post=303059"}],"curies":[{"name":"wp","href":"https:\/\/api.w.org\/{rel}","templated":true}]}}