{"id":303065,"date":"2025-08-07T15:39:11","date_gmt":"2025-08-07T15:39:11","guid":{"rendered":"https:\/\/www.europesays.com\/fr\/303065\/"},"modified":"2025-08-07T15:39:11","modified_gmt":"2025-08-07T15:39:11","slug":"national-le-match-de-la-5e-journee-us-concarneau-quevilly-rouen-avance","status":"publish","type":"post","link":"https:\/\/www.europesays.com\/fr\/303065\/","title":{"rendered":"National\u00a0: le match de la 5e journ\u00e9e US Concarneau &#8211; Quevilly-Rouen avanc\u00e9"},"content":{"rendered":"<p>National (5e journ\u00e9e). US Concarneau &#8211; Quevilly-Rouen, vendredi 5 septembre 2025 (18 h 30)<\/p>\n<p>L\u00e9ger changement de programme pour l\u2019US Concarneau. La r\u00e9ception de Quevilly-Rouen, le vendredi 5 septembre, comptant pour la 5e journ\u00e9e de national a \u00e9t\u00e9 avanc\u00e9e. Initialement pr\u00e9vu \u00e0 19 h 30 au Stade Guy Piriou, le coup d\u2019envoi de la rencontre aura finalement lieu \u00e0 18 h 30, comme les autres matchs de la 5e journ\u00e9e de National.<\/p>\n<p>Les Bleus le m\u00eame soir<\/p>\n<p>La raison : l\u2019\u00e9quipe de France masculine de football joue le m\u00eame soir, \u00e0 20 h 45, contre l\u2019Ukraine pour les \u00e9liminatoires de la Coupe du monde 2026. Les supporters des Thoniers pourront donc tranquillement terminer de regarder les Thoniers avant d\u2019encha\u00eener avec les Bleus.<\/p>\n","protected":false},"excerpt":{"rendered":"National (5e journ\u00e9e). US Concarneau &#8211; Quevilly-Rouen, vendredi 5 septembre 2025 (18 h 30) L\u00e9ger changement de programme&hellip;\n","protected":false},"author":2,"featured_media":303066,"comment_status":"","ping_status":"","sticky":false,"template":"","format":"standard","meta":{"footnotes":""},"categories":[9587],"tags":[1111,11,3322,3166,1777,674,1011,27,3238,12,5161,25,9590,60,14656],"class_list":{"0":"post-303065","1":"post","2":"type-post","3":"status-publish","4":"format-standard","5":"has-post-thumbnail","7":"category-rouen","8":"tag-actu","9":"tag-actualites","10":"tag-concarneau","11":"tag-en-continu-sports","12":"tag-eu","13":"tag-europe","14":"tag-fr","15":"tag-france","16":"tag-national","17":"tag-news","18":"tag-normandie","19":"tag-republique-francaise","20":"tag-rouen","21":"tag-sports","22":"tag-us-concarneau"},"share_on_mastodon":{"url":"https:\/\/pubeurope.com\/@fr\/114988237742045358","error":""},"_links":{"self":[{"href":"https:\/\/www.europesays.com\/fr\/wp-json\/wp\/v2\/posts\/303065","targetHints":{"allow":["GET"]}}],"collection":[{"href":"https:\/\/www.europesays.com\/fr\/wp-json\/wp\/v2\/posts"}],"about":[{"href":"https:\/\/www.europesays.com\/fr\/wp-json\/wp\/v2\/types\/post"}],"author":[{"embeddable":true,"href":"https:\/\/www.europesays.com\/fr\/wp-json\/wp\/v2\/users\/2"}],"replies":[{"embeddable":true,"href":"https:\/\/www.europesays.com\/fr\/wp-json\/wp\/v2\/comments?post=303065"}],"version-history":[{"count":0,"href":"https:\/\/www.europesays.com\/fr\/wp-json\/wp\/v2\/posts\/303065\/revisions"}],"wp:featuredmedia":[{"embeddable":true,"href":"https:\/\/www.europesays.com\/fr\/wp-json\/wp\/v2\/media\/303066"}],"wp:attachment":[{"href":"https:\/\/www.europesays.com\/fr\/wp-json\/wp\/v2\/media?parent=303065"}],"wp:term":[{"taxonomy":"category","embeddable":true,"href":"https:\/\/www.europesays.com\/fr\/wp-json\/wp\/v2\/categories?post=303065"},{"taxonomy":"post_tag","embeddable":true,"href":"https:\/\/www.europesays.com\/fr\/wp-json\/wp\/v2\/tags?post=303065"}],"curies":[{"name":"wp","href":"https:\/\/api.w.org\/{rel}","templated":true}]}}