{"id":303067,"date":"2025-08-07T15:40:11","date_gmt":"2025-08-07T15:40:11","guid":{"rendered":"https:\/\/www.europesays.com\/fr\/303067\/"},"modified":"2025-08-07T15:40:11","modified_gmt":"2025-08-07T15:40:11","slug":"plusieurs-crs-pris-pour-cible-par-des-tirs-de-mortiers-a-echirolles","status":"publish","type":"post","link":"https:\/\/www.europesays.com\/fr\/303067\/","title":{"rendered":"plusieurs CRS pris pour cible par des tirs de mortiers \u00e0 \u00c9chirolles"},"content":{"rendered":"<p>\t\t\t\t\t\t\t\t\t\t\t<img loading=\"lazy\" decoding=\"async\" width=\"1110\" title=\"Pr\u00e8s de Grenoble : plusieurs CRS pris pour cible par des tirs de mortiers \u00e0 \u00c9chirolles\" class=\"img-fluid  mb-3\" src=\"https:\/\/grandgrenoble.alpes1.com\/media\/news\/thumb\/1110x624_pres-de-grenoble-plusieurs-crs-pris-pour-cible-par-des-tirs-de-mortiers-a-echirolles_6894b9fad7550.webp\" alt=\"Pr\u00e8s de Grenoble : plusieurs CRS pris pour cible par des tirs de mortiers \u00e0 \u00c9chirolles\" itemprop=\"image\" height=\"624\"\/>\t\t\t\t\t\t\t\t\t\t\t\t<\/p>\n<p>Pr\u00e8s de Grenoble : plusieurs CRS pris pour cible par des tirs de mortiers \u00e0 \u00c9chirolles &#8211; DR<\/p>\n<p itemprop=\"description\"><strong>Les faits se sont produits ce mercredi 6 ao\u00fbt.<\/strong><\/p>\n<p>Aux alentours de 22h, plusieurs \u00e9quipages de CRS ont \u00e9t\u00e9 pris \u00e0 partie par des tirs de mortiers d\u2019artifices et de plusieurs projectiles, alors qu\u2019ils \u00e9taient en pleine mission de s\u00e9curisation dans le secteur. Et ce, par des jeunes individus sur des motos \u00e9lectriques, avenue des \u00c9tats-G\u00e9n\u00e9raux, \u00e0 \u00c9chirolles.<\/p>\n<p>Les forces de l\u2019ordre ont alors imm\u00e9diatement tenter de disperser les malfrats \u00e0 l\u2019aide de grenades lacrymog\u00e8nes, jusqu\u2019au quartier de La Butte.<\/p>\n<p>Aucune personne n\u2019a \u00e9t\u00e9 touch\u00e9e et aucun individu n\u2019a pu \u00eatre interpell\u00e9.<\/p>\n","protected":false},"excerpt":{"rendered":"Pr\u00e8s de Grenoble : plusieurs CRS pris pour cible par des tirs de mortiers \u00e0 \u00c9chirolles &#8211; DR&hellip;\n","protected":false},"author":2,"featured_media":303068,"comment_status":"","ping_status":"","sticky":false,"template":"","format":"standard","meta":{"footnotes":""},"categories":[9566],"tags":[1111,11,7733,8279,2430,7736,650,7734,2889,2263,1777,674,1011,27,2731,8280,6417,1114,108,4662,12,3725,1825,25,7737],"class_list":{"0":"post-303067","1":"post","2":"type-post","3":"status-publish","4":"format-standard","5":"has-post-thumbnail","7":"category-grenoble","8":"tag-actu","9":"tag-actualites","10":"tag-alpes","11":"tag-alpes1","12":"tag-auvergne-rhone-alpes","13":"tag-cds","14":"tag-cinema","15":"tag-ecoute","16":"tag-emission","17":"tag-equipe","18":"tag-eu","19":"tag-europe","20":"tag-fr","21":"tag-france","22":"tag-grenoble","23":"tag-haute","24":"tag-information","25":"tag-infos","26":"tag-isere","27":"tag-journal","28":"tag-news","29":"tag-podcast","30":"tag-radio","31":"tag-republique-francaise","32":"tag-winamp"},"share_on_mastodon":{"url":"https:\/\/pubeurope.com\/@fr\/114988241650426127","error":""},"_links":{"self":[{"href":"https:\/\/www.europesays.com\/fr\/wp-json\/wp\/v2\/posts\/303067","targetHints":{"allow":["GET"]}}],"collection":[{"href":"https:\/\/www.europesays.com\/fr\/wp-json\/wp\/v2\/posts"}],"about":[{"href":"https:\/\/www.europesays.com\/fr\/wp-json\/wp\/v2\/types\/post"}],"author":[{"embeddable":true,"href":"https:\/\/www.europesays.com\/fr\/wp-json\/wp\/v2\/users\/2"}],"replies":[{"embeddable":true,"href":"https:\/\/www.europesays.com\/fr\/wp-json\/wp\/v2\/comments?post=303067"}],"version-history":[{"count":0,"href":"https:\/\/www.europesays.com\/fr\/wp-json\/wp\/v2\/posts\/303067\/revisions"}],"wp:featuredmedia":[{"embeddable":true,"href":"https:\/\/www.europesays.com\/fr\/wp-json\/wp\/v2\/media\/303068"}],"wp:attachment":[{"href":"https:\/\/www.europesays.com\/fr\/wp-json\/wp\/v2\/media?parent=303067"}],"wp:term":[{"taxonomy":"category","embeddable":true,"href":"https:\/\/www.europesays.com\/fr\/wp-json\/wp\/v2\/categories?post=303067"},{"taxonomy":"post_tag","embeddable":true,"href":"https:\/\/www.europesays.com\/fr\/wp-json\/wp\/v2\/tags?post=303067"}],"curies":[{"name":"wp","href":"https:\/\/api.w.org\/{rel}","templated":true}]}}