{"id":303069,"date":"2025-08-07T15:41:20","date_gmt":"2025-08-07T15:41:20","guid":{"rendered":"https:\/\/www.europesays.com\/fr\/303069\/"},"modified":"2025-08-07T15:41:20","modified_gmt":"2025-08-07T15:41:20","slug":"gf38-mathieu-mion-on-aura-un-role-doutsider-dans-ce-championnat","status":"publish","type":"post","link":"https:\/\/www.europesays.com\/fr\/303069\/","title":{"rendered":"GF38. Mathieu Mion\u00a0: \u00ab\u00a0On aura un r\u00f4le d\u2019outsider dans ce championnat\u00a0\u00bb"},"content":{"rendered":"<p style=\"font-size:20px\"><strong>Arriv\u00e9 du FC Rouen (National), le piston gauche Mathieu Mion va d\u00e9couvrir la Ligue 2 sous le maillot du GF38 cette saison. Le joueur de caract\u00e8re, qui ne devrait pas mettre beaucoup de temps \u00e0 s\u00e9duire le public du Stade des Alpes, a r\u00e9pondu \u00e0 nos questions lors de la pr\u00e9paration.<\/strong><\/p>\n<p><strong>Comment se sont pass\u00e9es ton arriv\u00e9e et la reprise\u00a0?<\/strong><\/p>\n<p>\u00ab\u00a0Tout s\u2019est bien pass\u00e9. Mes co\u00e9quipiers et le staff m\u2019ont vite mis \u00e0 l\u2019aise. Tout ce qui compose le club font que l\u2019environnement est sain. Et je me sens bien.\u00a0\u00bb<\/p>\n<p><strong>Quelles sont les raisons qui t\u2019ont pouss\u00e9 \u00e0 rejoindre Grenoble cet \u00e9t\u00e9\u00a0?<\/strong><\/p>\n<p>\u00ab\u00a0Beaucoup de choses\u00a0! Quand on est joueur de football, on r\u00e9fl\u00e9chit forc\u00e9ment \u00e0 pas mal de choses pour sa carri\u00e8re et faire les meilleurs choix possibles. J\u2019ai une femme et une fille donc je ne r\u00e9fl\u00e9chis en plus pas tout seul. Premi\u00e8rement, Grenoble est un club de Ligue 2 et c\u2019\u00e9tait un objectif pour moi et le bon moment pour d\u00e9couvrir ce championnat. Grenoble est un club stable, sain. C\u2019est un environnement o\u00f9 je peux mieux m\u2019exprimer sur le terrain je pense. Le feeling est bien pass\u00e9 avec tout le monde. Je me suis senti en osmose avec ce qu\u2019ils disaient.\u00a0\u00bb<\/p>\n<p><strong>Tu as notamment pu discuter avant ta signature avec l\u2019entra\u00eeneur. Le syst\u00e8me grenoblois avec deux pistons tr\u00e8s offensifs correspond aussi \u00e0 tes qualit\u00e9s\u00a0?<\/strong><\/p>\n<p>\u00ab\u00a0Apr\u00e8s c\u2019est le coach qui d\u00e9cidera de partir ou non avec des pistons mais c\u2019est le syst\u00e8me o\u00f9 je pense \u00eatre le plus performant, o\u00f9 je peux le mieux m\u2019exprimer sur le terrain. Ca a aussi jouer dans mon choix de venir.\u00a0\u00bb<\/p>\n<p><strong>A 24 ans tu as d\u00e9j\u00e0 pas mal bourlingu\u00e9. Est que l\u2019id\u00e9e en t\u2019engageant pour plusieurs saisons avec Grenoble est aussi d\u2019avoir un peu plus de stabilit\u00e9\u00a0?<\/strong><\/p>\n<p>\u00ab\u00a0Ce ne sont pas forc\u00e9ment toujours des choix. Si je pouvais faire ma carri\u00e8re 20 ans dans un club, je le je le ferai. Je fais aussi en fonction de mes performances et quand je pense que c\u2019est le moment de passer\u00a0 un cap, je le passe, pour ne pas avoir de regrets. C\u2019est vrai que j\u2019ai pas mal boug\u00e9 depuis le d\u00e9but de ma carri\u00e8re. J\u2019ai commenc\u00e9 \u00e0 Lens o\u00f9 je n\u2019ai pas \u00e9t\u00e9 conserv\u00e9 donc j\u2019ai d\u00e9cid\u00e9 de partir \u00e0 Boulogne-sur-Mer, Boulogne sur mer. Apr\u00e8s l\u2019\u00e9pisode COVID il y a eu un changement de coach alors que j\u2019avais prolong\u00e9 avec l\u2019ancien avant la coupure. Et le nouveau ne comptait pas sur moi. Je suis parti \u00e0 Saint-Pryv\u00e9 Saint-Hilaire en N2 pour tenter de rebondir. J\u2019avais 18 ans \u00e0 l\u2019\u00e9poque, d\u00e9j\u00e0 une cinquantaine de matchs en N3 et 5 en N1 mais aucun en N2 donc c\u2019\u00e9tait un cap \u00e0 franchir pour moi en montrant que j\u2019avais le niveau. Je rejoins ensuite le FC Lorient o\u00f9 on fait une super raison avec la r\u00e9serve alors entra\u00een\u00e9e par R\u00e9gis Le Bris. On s\u2019entendait bien, on se trouvait les yeux ferm\u00e9s. Il y avait d\u2019ailleurs Baptiste (Mouazan) qui jouait aussi l\u00e0-bas \u00e0 l\u2019\u00e9poque et Loris (Mouyokolo) qui \u00e9tait avec le groupe pro\u2019 mais qui redescendait.\u00a0\u00bb<\/p>\n<p><strong>Te voil\u00e0 d\u00e9sormais \u00e0 Grenoble, comment te projettes-tu sur la saison de Ligue 2, d\u00e9j\u00e0 d\u2019un point de vue collectif\u00a0?<\/strong><\/p>\n<p>\u00ab\u00a0 Je pense qu\u2019on aura un r\u00f4le d\u2019outsider sur ce championnat. On n\u2019a rien \u00e0 perdre. On va aborder la saison avec beaucoup d\u2019humilit\u00e9 sans se dire qu\u2019on va jouer la mont\u00e9e si on gagne deux matchs ou qu\u2019on joue le maintien si on en perd deux. Le championnat est long.\u00a0\u00bb<\/p>\n<p><strong>Est ce qu\u2019on t\u2019a parl\u00e9 du Stade des Alpes, est ce que tu le connais un petit peu\u00a0?<\/strong><\/p>\n<p>\u00ab\u00a0Je l\u2019ai vu quand j\u2019ai sign\u00e9, apr\u00e8s je l\u2019ai vu \u00e0 la t\u00e9l\u00e9 quand je regardais des matchs de Ligue 2. Je n\u2019y ai jamais \u00e9volu\u00e9. J\u2019ai \u00e9t\u00e9 voir les f\u00e9minines France \u2013 Br\u00e9sil, il y avait un peu de public. C\u2019est un beau stade, \u00e7a donne envie d\u2019y jouer, donc j\u2019ai h\u00e2te\u00a0! H\u00e2te de voir les supporterss aussi, on m\u2019a dit qu\u2019il y avait un kop derri\u00e8re les buts qui faisait beaucoup de bruit. Apr\u00e8s plus les r\u00e9sultats seront positifs et plus \u00e7a attirera du monde avec une ferveur collective qui poussera tout le monde dans le bon sens.\u00a0\u00bb<\/p>\n<p><strong>Comment d\u00e9finirais-tu tes qualit\u00e9s et ton poste sur le terrain\u00a0?<\/strong><\/p>\n<p>\u00ab\u00a0Je peux jouer lat\u00e9ral gauche ou piston gauche. Mes qualit\u00e9s font que je pourrais \u00eatre plus performant en tant que piston je pense mais je peux faire les deux selon ce que le coach me demandera. Je me projette vite vers l\u2019avant, je suis un bon contre-attaquant. J\u2019aime bien la r\u00e9cup\u00e9ration anticip\u00e9e et faire des courses, proposer \u00e0 mes co\u00e9quipiers et ensuite \u00eatre dans le contre-effort aussi. C\u2019est tr\u00e8s important dans le r\u00f4le qu\u2019on a parce que on est tout seul sur le c\u00f4t\u00e9. Comme j\u2019ai beaucoup d\u2019activit\u00e9, je me cr\u00e9e beaucoup d\u2019occasions. Donc forc\u00e9ment parfois il y a un petit manque de lucidit\u00e9 qui font que soit je fais le mauvais choix, soit je me pr\u00e9cipite. Mais je suis l\u00e0 pour travailler, sinon je serais au Real de Madrid.\u00a0\u00bb<\/p>\n<p><strong>On parle de toi comme un joueur ayant une certaine \u00ab\u00a0grinta\u00a0\u00bb, est-ce que c\u2019est une qualit\u00e9 qui te correspond selon toi\u00a0?<\/strong><\/p>\n<p>\u00ab\u00a0A Rouen, ils aimaient bien ma capacit\u00e9 \u00e0 jamais rel\u00e2cher et \u00e0 m\u2019arracher sur chaque ballon et \u00e0 ne jamais l\u00e2cher l\u2019attaquant qui va au but.\u00a0\u00bb<\/p>\n","protected":false},"excerpt":{"rendered":"Arriv\u00e9 du FC Rouen (National), le piston gauche Mathieu Mion va d\u00e9couvrir la Ligue 2 sous le maillot&hellip;\n","protected":false},"author":2,"featured_media":303070,"comment_status":"","ping_status":"","sticky":false,"template":"","format":"standard","meta":{"footnotes":""},"categories":[9566],"tags":[1111,11,2430,1777,674,1011,27,2731,12,25],"class_list":{"0":"post-303069","1":"post","2":"type-post","3":"status-publish","4":"format-standard","5":"has-post-thumbnail","7":"category-grenoble","8":"tag-actu","9":"tag-actualites","10":"tag-auvergne-rhone-alpes","11":"tag-eu","12":"tag-europe","13":"tag-fr","14":"tag-france","15":"tag-grenoble","16":"tag-news","17":"tag-republique-francaise"},"share_on_mastodon":{"url":"https:\/\/pubeurope.com\/@fr\/114988245614311297","error":""},"_links":{"self":[{"href":"https:\/\/www.europesays.com\/fr\/wp-json\/wp\/v2\/posts\/303069","targetHints":{"allow":["GET"]}}],"collection":[{"href":"https:\/\/www.europesays.com\/fr\/wp-json\/wp\/v2\/posts"}],"about":[{"href":"https:\/\/www.europesays.com\/fr\/wp-json\/wp\/v2\/types\/post"}],"author":[{"embeddable":true,"href":"https:\/\/www.europesays.com\/fr\/wp-json\/wp\/v2\/users\/2"}],"replies":[{"embeddable":true,"href":"https:\/\/www.europesays.com\/fr\/wp-json\/wp\/v2\/comments?post=303069"}],"version-history":[{"count":0,"href":"https:\/\/www.europesays.com\/fr\/wp-json\/wp\/v2\/posts\/303069\/revisions"}],"wp:featuredmedia":[{"embeddable":true,"href":"https:\/\/www.europesays.com\/fr\/wp-json\/wp\/v2\/media\/303070"}],"wp:attachment":[{"href":"https:\/\/www.europesays.com\/fr\/wp-json\/wp\/v2\/media?parent=303069"}],"wp:term":[{"taxonomy":"category","embeddable":true,"href":"https:\/\/www.europesays.com\/fr\/wp-json\/wp\/v2\/categories?post=303069"},{"taxonomy":"post_tag","embeddable":true,"href":"https:\/\/www.europesays.com\/fr\/wp-json\/wp\/v2\/tags?post=303069"}],"curies":[{"name":"wp","href":"https:\/\/api.w.org\/{rel}","templated":true}]}}