{"id":303075,"date":"2025-08-07T15:44:11","date_gmt":"2025-08-07T15:44:11","guid":{"rendered":"https:\/\/www.europesays.com\/fr\/303075\/"},"modified":"2025-08-07T15:44:11","modified_gmt":"2025-08-07T15:44:11","slug":"la-region-repasse-au-dessus-des-30c","status":"publish","type":"post","link":"https:\/\/www.europesays.com\/fr\/303075\/","title":{"rendered":"la r\u00e9gion repasse au-dessus des 30\u00b0C"},"content":{"rendered":"<p>Ce jeudi soir en Alsace, le mercure a franchi la barre des 30\u00b0C, avec 30,1\u00b0C relev\u00e9s \u00e0 17 h \u00e0 la station de r\u00e9f\u00e9rence de Colmar-Meyenheim.<\/p>\n<p>\u00c0\u00a0Strasbourg et Mulhouse, le thermom\u00e8tre sous abri flirtait avec 29\u00b0C. C\u2019est ce qui signe sans doute le retour d\u2019une vague de chaleur, plus forte dans le sud du pays.<\/p>\n<p>20 jours sans pointe \u00e0 30\u00b0C<\/p>\n<p>Cela faisait longtemps que les temp\u00e9ratures n\u2019avaient pas atteint ou d\u00e9pass\u00e9 les 30\u00b0C. Il faut remonter au 20 juillet dernier \u00e0 Strasbourg et \u00e0 Mulhouse, au 19 juillet pour Colmar. Soit 20 jours en plein \u00e9t\u00e9 sans pointe \u00e0 plus de 30\u00b0C.<\/p>\n","protected":false},"excerpt":{"rendered":"Ce jeudi soir en Alsace, le mercure a franchi la barre des 30\u00b0C, avec 30,1\u00b0C relev\u00e9s \u00e0 17&hellip;\n","protected":false},"author":2,"featured_media":303076,"comment_status":"","ping_status":"","sticky":false,"template":"","format":"standard","meta":{"footnotes":""},"categories":[2820],"tags":[1111,11,2389,1777,674,107,1011,27,775,8423,1634,12,25,640,2879],"class_list":{"0":"post-303075","1":"post","2":"type-post","3":"status-publish","4":"format-standard","5":"has-post-thumbnail","7":"category-strasbourg","8":"tag-actu","9":"tag-actualites","10":"tag-alsace","11":"tag-eu","12":"tag-europe","13":"tag-fil-info","14":"tag-fr","15":"tag-france","16":"tag-grand-est","17":"tag-meteorologie-climat","18":"tag-mulhouse","19":"tag-news","20":"tag-republique-francaise","21":"tag-strasbourg","22":"tag-strasbourg-ville"},"share_on_mastodon":{"url":"https:\/\/pubeurope.com\/@fr\/114988257400892329","error":""},"_links":{"self":[{"href":"https:\/\/www.europesays.com\/fr\/wp-json\/wp\/v2\/posts\/303075","targetHints":{"allow":["GET"]}}],"collection":[{"href":"https:\/\/www.europesays.com\/fr\/wp-json\/wp\/v2\/posts"}],"about":[{"href":"https:\/\/www.europesays.com\/fr\/wp-json\/wp\/v2\/types\/post"}],"author":[{"embeddable":true,"href":"https:\/\/www.europesays.com\/fr\/wp-json\/wp\/v2\/users\/2"}],"replies":[{"embeddable":true,"href":"https:\/\/www.europesays.com\/fr\/wp-json\/wp\/v2\/comments?post=303075"}],"version-history":[{"count":0,"href":"https:\/\/www.europesays.com\/fr\/wp-json\/wp\/v2\/posts\/303075\/revisions"}],"wp:featuredmedia":[{"embeddable":true,"href":"https:\/\/www.europesays.com\/fr\/wp-json\/wp\/v2\/media\/303076"}],"wp:attachment":[{"href":"https:\/\/www.europesays.com\/fr\/wp-json\/wp\/v2\/media?parent=303075"}],"wp:term":[{"taxonomy":"category","embeddable":true,"href":"https:\/\/www.europesays.com\/fr\/wp-json\/wp\/v2\/categories?post=303075"},{"taxonomy":"post_tag","embeddable":true,"href":"https:\/\/www.europesays.com\/fr\/wp-json\/wp\/v2\/tags?post=303075"}],"curies":[{"name":"wp","href":"https:\/\/api.w.org\/{rel}","templated":true}]}}