{"id":303079,"date":"2025-08-07T15:47:09","date_gmt":"2025-08-07T15:47:09","guid":{"rendered":"https:\/\/www.europesays.com\/fr\/303079\/"},"modified":"2025-08-07T15:47:09","modified_gmt":"2025-08-07T15:47:09","slug":"a-nice-un-artiste-de-rue-detourne-le-menu-du-negresco-pour-denoncer-la-famine-a-gaza","status":"publish","type":"post","link":"https:\/\/www.europesays.com\/fr\/303079\/","title":{"rendered":"\u00e0 Nice, un artiste de rue d\u00e9tourne le menu du Negresco pour d\u00e9noncer la famine \u00e0 Gaza"},"content":{"rendered":"<p>L\u2019artiste ni\u00e7ois, habitu\u00e9 des actions coups de poing sur la C\u00f4te d\u2019Azur, a cette fois cibl\u00e9 l\u2019embl\u00e9matique h\u00f4tel de la promenade des Anglais pour faire passer son message.<\/p>\n<p class=\"fig-paragraph\">La carte de l\u2019embl\u00e9matique\u00a0<a href=\"http:\/\/www.lefigaro.fr\/nice\/nice-palace-des-palaces-classe-monument-historique-le-negresco-poursuit-sa-metamorphose-20250117\" data-fig-type=\"NewsFlash\" data-gtm-custom-categorie=\"navigation\" data-gtm-custom-action=\"crossclick\" data-gtm-custom-label=\"Contextuel\" data-gtm-event=\"customEventSPE\" data-fig-domain=\"LEFIGARO\" rel=\"nofollow noopener\" target=\"_blank\">h\u00f4tel Negresco<\/a>\u00a0\u00e0 Nice (Alpes-Maritimes) a \u00e9t\u00e9 d\u00e9tourn\u00e9e, mercredi midi, par l\u2019artiste anonyme de rue \u00abToolate\u00bb, connu pour ses actions engag\u00e9es et m\u00e9diatiques sur la C\u00f4te d\u2019Azur. Un \u00abmenu famine\u00bb, en lien avec\u00a0<a href=\"http:\/\/www.lefigaro.fr\/international\/gaza-la-crise-humanitaire-et-le-calvaire-des-otages-accentuent-la-pression-sur-netanyahou-20250804\" data-fig-type=\"Article\" data-gtm-custom-categorie=\"navigation\" data-gtm-custom-action=\"crossclick\" data-gtm-custom-label=\"Contextuel\" data-gtm-event=\"customEventSPE\" data-fig-domain=\"LEFIGARO\" rel=\"nofollow noopener\" target=\"_blank\">la situation \u00e0 Gaza<\/a>, a \u00e9t\u00e9 superpos\u00e9 \u00e0 l\u2019entr\u00e9e \u00e0 la place des plats \u00e9toil\u00e9s. L\u2019affiche a depuis \u00e9t\u00e9 retir\u00e9e.<\/p>\n<p class=\"fig-paragraph\">Pour l\u2019artiste converti en chef de cuisine, c\u2019est \u00abun menu qui vous invite \u00e0 mieux dig\u00e9rer l\u2019indiff\u00e9rence, une exp\u00e9rience culinaire con\u00e7ue pour que ceux qui ouvrent la bouche pensent aussi \u00e0 ouvrir les yeux\u00bb, a-t-il indiqu\u00e9 sur ses r\u00e9seaux sociaux. Une \u00absalade de d\u00e9combres et ses \u00e9clats d\u2019obus fum\u00e9s\u00bb \u00e9taient propos\u00e9s en entr\u00e9e, suivi \u00abde boulettes de ciment dans leur jus de sang\u00bb avant un \u00abparpaing perdu fa\u00e7on Gaza\u00bb.<\/p>\n<p>    L\u2019affiche du menu d\u00e9tourn\u00e9 par l\u2019artiste Toolate<br \/>\n                Toolate\/Page Facebook<\/p>\n<p>                                    <a class=\"fig-a11y-skip a11y-hidden\" href=\"#fig-a11y-skip-main-inarticle\"><br \/>\n        Passer la publicit\u00e9<br \/>\n    <\/a><\/p>\n<p class=\"fig-paragraph\">L\u2019artiste a \u00e9galement repr\u00e9sent\u00e9 l\u2019h\u00f4tel Negresco en quasi-ruines avec, en lieu et place d\u2019un drapeau fran\u00e7ais sur le c\u00e9l\u00e8bre d\u00f4me rose, un drapeau de la Palestine. Le logo de l\u2019h\u00f4tel a \u00e9galement \u00e9t\u00e9 d\u00e9tourn\u00e9 avec l\u2019initiale de l\u2019artiste militant.<\/p>\n<p>QR code pour un don<\/p>\n<p class=\"fig-paragraph\">Pour d\u00e9couvrir les \u00abtarifs\u00bb, les passants ont \u00e9t\u00e9 invit\u00e9s \u00e0 scanner un QR code qui renvoie vers une page internet des Nations unies permettant de faire un don en faveur de\u00a0<a href=\"http:\/\/www.lefigaro.fr\/international\/beaucoup-de-gens-meurent-de-faim-face-a-la-famine-a-gaza-benyamin-netanyahou-sous-pression-20250729\" data-fig-type=\"Article\" data-gtm-custom-categorie=\"navigation\" data-gtm-custom-action=\"crossclick\" data-gtm-custom-label=\"Contextuel\" data-gtm-event=\"customEventSPE\" data-fig-domain=\"LEFIGARO\" rel=\"nofollow noopener\" target=\"_blank\">l\u2019aide alimentaire \u00e0 Gaza<\/a>. Un panneau avec ce m\u00eame menu avait aussi \u00e9t\u00e9 d\u00e9pli\u00e9 sur la promenade des Anglais, en face de l\u2019h\u00f4tel.<\/p>\n<p class=\"fig-paragraph\">Connu sous le pseudonyme \u00abToolate\u00bb (trop tard en anglais), celui qui se pr\u00e9sente comme un artiste de rue engag\u00e9, Ni\u00e7ois, multiplie ce type d\u2019actions coups de poing, voire controvers\u00e9es, sur la C\u00f4te d\u2019Azur depuis plusieurs ann\u00e9es, tr\u00e8s souvent en lien avec l\u2019actualit\u00e9.<\/p>\n<p class=\"fig-paragraph\">En mai dernier, \u00e0 quelques jours du festival de Cannes, il avait par exemple modifi\u00e9 une fresque de cin\u00e9ma \u00e0 l\u2019entr\u00e9e de la ville en collant\u00a0<a href=\"http:\/\/www.lefigaro.fr\/nice\/sur-une-fresque-a-cannes-un-artiste-engage-colle-le-visage-de-gisele-pelicot-sur-celui-de-gerard-depardieu-20250409\" data-fig-type=\"NewsFlash\" data-gtm-custom-categorie=\"navigation\" data-gtm-custom-action=\"crossclick\" data-gtm-custom-label=\"Contextuel\" data-gtm-event=\"customEventSPE\" data-fig-domain=\"LEFIGARO\" rel=\"nofollow noopener\" target=\"_blank\">le visage de Gis\u00e8le Pelicot sur celui de G\u00e9rard Depardieu<\/a>. Il lui est aussi arriv\u00e9 de d\u00e9poser un tas de m\u00e9gots comme une sc\u00e8ne de crime, encore sur la promenade des Anglais, pour d\u00e9noncer la pollution des plages, ou encore\u00a0<a href=\"http:\/\/www.lefigaro.fr\/culture\/un-street-artist-piege-les-touristes-avec-ses-tapettes-a-souris-geantes-20230713\" data-fig-type=\"Article\" data-gtm-custom-categorie=\"navigation\" data-gtm-custom-action=\"crossclick\" data-gtm-custom-label=\"Contextuel\" data-gtm-event=\"customEventSPE\" data-fig-domain=\"LEFIGARO\" rel=\"nofollow noopener\" target=\"_blank\">une tapette \u00e0 souris de grande taille<\/a>\u00a0pour critiquer le surtourisme. Des actions toujours \u00e9ph\u00e9m\u00e8res mais qui font r\u00e9agir.<\/p>\n","protected":false},"excerpt":{"rendered":"L\u2019artiste ni\u00e7ois, habitu\u00e9 des actions coups de poing sur la C\u00f4te d\u2019Azur, a cette fois cibl\u00e9 l\u2019embl\u00e9matique h\u00f4tel&hellip;\n","protected":false},"author":2,"featured_media":303080,"comment_status":"","ping_status":"","sticky":false,"template":"","format":"standard","meta":{"footnotes":""},"categories":[2819],"tags":[1111,11,2898,2829,2971,2972,2973,2974,1777,674,2975,1011,27,2969,2970,2987,2980,12,2401,2897,2976,2977,2978,2985,2986,2979,2981,2982,2983,2984,2991,2992,2993,2994,2996,2997,2998,2999,3000,3001,3002,2995,3003,3004,3005,3007,2268,882,25,2988,2989,2990,2968,3006],"class_list":{"0":"post-303079","1":"post","2":"type-post","3":"status-publish","4":"format-standard","5":"has-post-thumbnail","7":"category-nice","8":"tag-actu","9":"tag-actualites","10":"tag-alpes-maritimes","11":"tag-baumettes","12":"tag-carabacel","13":"tag-caucade","14":"tag-cimiez","15":"tag-cremat","16":"tag-eu","17":"tag-europe","18":"tag-fabron","19":"tag-fr","20":"tag-france","21":"tag-larenas","22":"tag-lariane","23":"tag-le-ray","24":"tag-lingostiere","25":"tag-news","26":"tag-nice","27":"tag-nice-cote-dazur","28":"tag-nice-gairaut","29":"tag-nice-gambetta","30":"tag-nice-jean-medecin","31":"tag-nice-le-piol","32":"tag-nice-le-port","33":"tag-nice-liberation","34":"tag-nice-magnan","35":"tag-nice-mantega-mont-boron","36":"tag-nice-pasteur","37":"tag-nice-pessicart","38":"tag-nice-rue-de-france","39":"tag-nice-saint-antoine","40":"tag-nice-saint-augustin","41":"tag-nice-saint-isidore","42":"tag-nice-saint-maurice","43":"tag-nice-saint-pancrace","44":"tag-nice-saint-philippe","45":"tag-nice-saint-pierre-de-feric","46":"tag-nice-saint-roch","47":"tag-nice-saint-roman-de-bellet","48":"tag-nice-saint-sylvestre","49":"tag-nice-sainte-marguerite","50":"tag-nice-thiers","51":"tag-nice-ventabrun","52":"tag-nice-vernier","53":"tag-nice-vinaigrier","54":"tag-ogc-nice","55":"tag-provence-alpes-cote-dazur","56":"tag-republique-francaise","57":"tag-rimiez","58":"tag-riquier","59":"tag-roquebilliere","60":"tag-sud-est","61":"tag-vieux-nice"},"share_on_mastodon":{"url":"","error":"Validation failed: Text character limit of 500 exceeded"},"_links":{"self":[{"href":"https:\/\/www.europesays.com\/fr\/wp-json\/wp\/v2\/posts\/303079","targetHints":{"allow":["GET"]}}],"collection":[{"href":"https:\/\/www.europesays.com\/fr\/wp-json\/wp\/v2\/posts"}],"about":[{"href":"https:\/\/www.europesays.com\/fr\/wp-json\/wp\/v2\/types\/post"}],"author":[{"embeddable":true,"href":"https:\/\/www.europesays.com\/fr\/wp-json\/wp\/v2\/users\/2"}],"replies":[{"embeddable":true,"href":"https:\/\/www.europesays.com\/fr\/wp-json\/wp\/v2\/comments?post=303079"}],"version-history":[{"count":0,"href":"https:\/\/www.europesays.com\/fr\/wp-json\/wp\/v2\/posts\/303079\/revisions"}],"wp:featuredmedia":[{"embeddable":true,"href":"https:\/\/www.europesays.com\/fr\/wp-json\/wp\/v2\/media\/303080"}],"wp:attachment":[{"href":"https:\/\/www.europesays.com\/fr\/wp-json\/wp\/v2\/media?parent=303079"}],"wp:term":[{"taxonomy":"category","embeddable":true,"href":"https:\/\/www.europesays.com\/fr\/wp-json\/wp\/v2\/categories?post=303079"},{"taxonomy":"post_tag","embeddable":true,"href":"https:\/\/www.europesays.com\/fr\/wp-json\/wp\/v2\/tags?post=303079"}],"curies":[{"name":"wp","href":"https:\/\/api.w.org\/{rel}","templated":true}]}}