{"id":303081,"date":"2025-08-07T15:48:11","date_gmt":"2025-08-07T15:48:11","guid":{"rendered":"https:\/\/www.europesays.com\/fr\/303081\/"},"modified":"2025-08-07T15:48:11","modified_gmt":"2025-08-07T15:48:11","slug":"a-nantes-trois-hommes-condamnes-dans-le-cadre-dun-trafic-de-migrants","status":"publish","type":"post","link":"https:\/\/www.europesays.com\/fr\/303081\/","title":{"rendered":"\u00e0 Nantes, trois hommes condamn\u00e9s dans le cadre d&rsquo;un trafic de migrants"},"content":{"rendered":"<p>            Par<br \/>\n        <strong><br \/>\n            <a href=\"https:\/\/actu.fr\/auteur\/emma-derome\" title=\"Consulter tous les articles de Emma Derome\" rel=\"nofollow noopener\" target=\"_blank\">Emma Derome<\/a><br \/>\n        <\/strong><\/p>\n<p>        Publi\u00e9 le<\/p>\n<p>            7 ao\u00fbt 2025 \u00e0 17h23        <\/p>\n<p>Il ne s\u2019agissait pas, finalement, d\u2019un simple \u00ab\u2009voyage touristique\u2009\u00bb en Croatie. Trois hommes \u00e2g\u00e9s de 31 \u00e0 38\u00a0ans, de nationalit\u00e9 fran\u00e7aise et\/ou tunisienne, ont \u00e9t\u00e9 condamn\u00e9s dans le cadre d\u2019une<strong> affaire de trafic de migrants,<\/strong> ce mercredi 6\u00a0ao\u00fbt, par le tribunal judiciaire de Nantes.<\/p>\n<p class=\" wall-content\">Il leur \u00e9tait reproch\u00e9 d\u2019avoir, \u00e0 deux reprises, en juin et ao\u00fbt\u00a02024, pris part \u00e0 <strong>un trafic de migrants entre la Bosnie <\/strong>(territoire de Bosnie-Herz\u00e9govine)<strong> et la Croatie<\/strong>, qui fait partie de l\u2019espace Schengen.<\/p>\n<p>Simple m\u00e9cano ou cerveau\u2009?<\/p>\n<p class=\" wall-content\">L\u2019\u00e9nonc\u00e9 des faits a notamment d\u00e9peint l\u2019un d\u2019entre eux, Hamdi B. S., domicili\u00e9 \u00e0 Ch\u00e2teaubriant, comme ayant un statut d\u2019organisateur du trafic. Il s\u2019agissait de <strong>trouver des v\u00e9hicules, d\u2019en trafiquer les papiers<\/strong>, de recruter des chauffeurs dans la r\u00e9gion avant de les envoyer en Bosnie pour faire passer la fronti\u00e8re \u00e0 des migrants, entre une dizaine et une vingtaine par trajet, selon les v\u00e9hicules.<\/p>\n<p class=\" wall-content\">\u00ab\u2009Sans mentir madame la juge, moi je suis seulement charg\u00e9 des voitures\u2009\u00bb, a expliqu\u00e9 le m\u00e9cano, polo Lacoste et cheveux gomin\u00e9s, devant le tribunal, <strong>niant toute implication dans le suivi et le recrutement des chauffeurs<\/strong> envoy\u00e9s l\u00e0-bas, malgr\u00e9 certains t\u00e9moignages et des captures d\u2019\u00e9cran retrouv\u00e9es dans son t\u00e9l\u00e9phone.<\/p>\n<p>\u00ab\u2009Rien n\u2019\u00e9tait organis\u00e9, j\u2019ai d\u00fb payer l\u2019h\u00f4tel de ma poche\u2009\u00bb<\/p>\n<p class=\" wall-content\">D\u00e9j\u00e0 incarc\u00e9r\u00e9 en Allemagne il y a quelques ann\u00e9es pour participation \u00e0 un <a href=\"https:\/\/actu.fr\/faits-divers\/des-chauffeurs-payes-jusqu-a-25-000-par-trajet-un-reseau-de-trafic-de-migrants-demantele-en-alsace_62490789.html\" rel=\"nofollow noopener\" target=\"_blank\">trafic de migrants<\/a> en tant que chauffeur, le pr\u00e9venu, qui cette fois est rest\u00e9 en France, a jur\u00e9 qu\u2019il ne mesurait pas les cons\u00e9quences de ses actes.<\/p>\n<p class=\" wall-content\">\u00ab\u2009C\u2019est pas parce que je l\u2019ai fait avant que cette fois je suis vraiment coupable. <strong>Oui, j\u2019ai \u00e9t\u00e9 faible.<\/strong> Mais vous pensez que si j\u2019\u00e9tais le chef, ce que vous dites, je laisserais ma femme faire des m\u00e9nages\u2009?\u2009\u00bb, en d\u00e9signant sa compagne, auxiliaire de vie, pr\u00e9sente \u00e0 l\u2019audience.<\/p>\n<p class=\" wall-content\">\u00ab\u2009Les chefs, ils sont pas l\u00e0,<strong> ils ont la belle vie,<\/strong> ils sont m\u00eame pas en France\u2009\u00bb, assure-t-il, sans d\u00e9signer personne. Les deux autres pr\u00e9venus, Mehdy J. et Amir K., se sont tout de m\u00eame bien rendus en Croatie avec un v\u00e9hicule issu des \u00ab\u2009magouilles\u2009\u00bb d\u2019Hamdi B. S.. Eux assurent pourtant qu\u2019ils ont voulu faire demi-tour une fois arriv\u00e9s l\u00e0-bas\u2026 au bout de quatre jours.<\/p>\n<p class=\" wall-content\">\u00ab\u2009Rien n\u2019\u00e9tait organis\u00e9, j\u2019ai d\u00fb payer l\u2019h\u00f4tel de ma poche\u2009\u00bb, d\u00e9plore Mehdy J., visiblement peu sujet \u00e0 regret sur le fond. \u00ab\u2009Au d\u00e9but, je voulais <strong>me faire un peu d\u2019argent rapidement<\/strong> et aider les gens, ils fuient des pays en guerre\u2009\u00bb, ajoute-t-il, avant que la juge ne le coupe, \u00ab\u2009mais dans des conditions tout \u00e0 fait d\u00e9testables\u2009\u00bb.<\/p>\n<p class=\" wall-content\">Il lui \u00e9tait promis 2\u2009000\u00a0euros. Amir K., malgr\u00e9 un interpr\u00e8te, s\u2019est content\u00e9 laconiquement de nier. Deux autres de leurs connaissances ont, elles, bel et bien \u00e9t\u00e9 arr\u00eat\u00e9es \u00e0 la fronti\u00e8re avec des migrants \u00e0 bord d\u2019un v\u00e9hicule.<\/p>\n<p>Un trafic rat\u00e9 r\u00e9v\u00e9l\u00e9 par un chauffeur poids lourd<\/p>\n<p class=\" wall-content\">Ce trafic n\u2019aurait peut-\u00eatre jamais \u00e9t\u00e9 d\u00e9couvert sans un t\u00e9moignage crucial, apparu au commissariat de Nantes, il y a un an, le 8\u00a0ao\u00fbt 2024. Un certain Khalid Z., chauffeur poids lourd, d\u00e9barque ce jour-l\u00e0 devant les policiers en <strong>expliquant avoir \u00e9t\u00e9 menac\u00e9, frapp\u00e9, et s\u00e9questr\u00e9<\/strong> par quatre hommes, dont les trois pr\u00e9venus, qui auraient voulu l\u2019embarquer dans leur trafic.<\/p>\n<p class=\" wall-content\"><strong>\u00ab\u2009Si tu ne travailles pas pour nous, t\u2019es mort\u2009\u00bb<\/strong>, auraient-ils dit. La victime \u00e9voquera un couteau, un pistolet, ou encore un fusil. Malgr\u00e9 les <strong>14\u00a0jours d\u2019ITT<\/strong> constat\u00e9s sur ce monsieur, des armes factices retrouv\u00e9es et une vid\u00e9osurveillance r\u00e9cup\u00e9r\u00e9e au caf\u00e9 La Beaujoire \u00e0 Nantes, les montrant tous les trois ensemble, tous nient les violences et les menaces.<\/p>\n<p class=\" wall-content\"><strong>\u00ab\u2009Vous croyez vraiment que si je veux tabasser un mec je l\u2019emm\u00e8ne au caf\u00e9\u2009?\u2009\u00bb<\/strong>, a justifi\u00e9 Mehdy J., qui assure qu\u2019ils ont \u00ab\u2009juste parl\u00e9\u2009\u00bb d\u2019une dette d\u2019argent de \u00ab\u2009700 ou 800\u00a0euros\u2009\u00bb. Pour autant, la victime a <strong>d\u00e9voil\u00e9 des informations pr\u00e9cises sur les op\u00e9rations men\u00e9es en Croatie<\/strong>, permettant \u00e0 la police d\u2019arr\u00eater les trois complices, entre ao\u00fbt et octobre\u00a02024.<\/p>\n<p class=\" wall-content\">Hamdi B. S. a \u00e9t\u00e9 condamn\u00e9 \u00e0 3\u00a0ans de prison avec un an de sursis probatoire, alors que le procureur avait requis 4\u00a0ans. Sous toute r\u00e9serve, il n\u2019y aura pas d\u2019appel, selon son avocat, Ma\u00eetre Toussaint. \u00ab\u2009Pour nous, le tribunal a rendu une d\u00e9cision juste, mesur\u00e9e au regard des r\u00e9quisitions. On est sur le bas de l\u2019\u00e9chelon de ce genre d\u2019affaire, et non pas sur des leaders\u2009\u00bb, indique-t-il.<\/p>\n<p class=\" wall-content\">Mehdy J. a \u00e9t\u00e9 condamn\u00e9 \u00e0 deux ans dont un an de sursis et Amir K. \u00e0 18\u00a0mois, dont la moiti\u00e9 avec sursis. Ils sont donc tout deux sortis de prison, ayant pass\u00e9 d\u00e9j\u00e0 un an en d\u00e9tention.<\/p>\n<p class=\" wall-content\">Suivez toute l\u2019actualit\u00e9 de vos villes et m\u00e9dias favoris en vous inscrivant \u00e0 <a href=\"https:\/\/moncompte.actu.fr\" title=\"D\u00e9couvez Mon Actu\" rel=\"nofollow noopener\" data-trk=\"{&quot;cta&quot;:{&quot;action&quot;:&quot;https:\\\/\\\/moncompte.actu.fr&quot;,&quot;category&quot;:&quot;mon compte&quot;,&quot;from&quot;:&quot;article footer&quot;,&quot;name&quot;:&quot;Mon actu&quot;,&quot;type&quot;:&quot;cta&quot;}}\" target=\"_blank\">Mon Actu<\/a>.<\/p>\n","protected":false},"excerpt":{"rendered":"Par Emma Derome Publi\u00e9 le 7 ao\u00fbt 2025 \u00e0 17h23 Il ne s\u2019agissait pas, finalement, d\u2019un simple \u00ab\u2009voyage&hellip;\n","protected":false},"author":2,"featured_media":303082,"comment_status":"","ping_status":"","sticky":false,"template":"","format":"standard","meta":{"footnotes":""},"categories":[2818],"tags":[1111,11,1777,674,1011,27,303,1251,766,12,2636,25,104],"class_list":{"0":"post-303081","1":"post","2":"type-post","3":"status-publish","4":"format-standard","5":"has-post-thumbnail","7":"category-nantes","8":"tag-actu","9":"tag-actualites","10":"tag-eu","11":"tag-europe","12":"tag-fr","13":"tag-france","14":"tag-justice","15":"tag-migrants","16":"tag-nantes","17":"tag-news","18":"tag-pays-de-la-loire","19":"tag-republique-francaise","20":"tag-societe"},"share_on_mastodon":{"url":"https:\/\/pubeurope.com\/@fr\/114988273099937248","error":""},"_links":{"self":[{"href":"https:\/\/www.europesays.com\/fr\/wp-json\/wp\/v2\/posts\/303081","targetHints":{"allow":["GET"]}}],"collection":[{"href":"https:\/\/www.europesays.com\/fr\/wp-json\/wp\/v2\/posts"}],"about":[{"href":"https:\/\/www.europesays.com\/fr\/wp-json\/wp\/v2\/types\/post"}],"author":[{"embeddable":true,"href":"https:\/\/www.europesays.com\/fr\/wp-json\/wp\/v2\/users\/2"}],"replies":[{"embeddable":true,"href":"https:\/\/www.europesays.com\/fr\/wp-json\/wp\/v2\/comments?post=303081"}],"version-history":[{"count":0,"href":"https:\/\/www.europesays.com\/fr\/wp-json\/wp\/v2\/posts\/303081\/revisions"}],"wp:featuredmedia":[{"embeddable":true,"href":"https:\/\/www.europesays.com\/fr\/wp-json\/wp\/v2\/media\/303082"}],"wp:attachment":[{"href":"https:\/\/www.europesays.com\/fr\/wp-json\/wp\/v2\/media?parent=303081"}],"wp:term":[{"taxonomy":"category","embeddable":true,"href":"https:\/\/www.europesays.com\/fr\/wp-json\/wp\/v2\/categories?post=303081"},{"taxonomy":"post_tag","embeddable":true,"href":"https:\/\/www.europesays.com\/fr\/wp-json\/wp\/v2\/tags?post=303081"}],"curies":[{"name":"wp","href":"https:\/\/api.w.org\/{rel}","templated":true}]}}