{"id":303098,"date":"2025-08-07T15:58:10","date_gmt":"2025-08-07T15:58:10","guid":{"rendered":"https:\/\/www.europesays.com\/fr\/303098\/"},"modified":"2025-08-07T15:58:10","modified_gmt":"2025-08-07T15:58:10","slug":"lyon-un-feu-tricolore-inutile-sur-ce-boulevard-tres-emprunte-seme-la-pagaille","status":"publish","type":"post","link":"https:\/\/www.europesays.com\/fr\/303098\/","title":{"rendered":"Lyon. Un feu tricolore inutile sur ce boulevard tr\u00e8s emprunt\u00e9 s\u00e8me la pagaille"},"content":{"rendered":"<p>            Par<br \/>\n        <strong><br \/>\n            <a href=\"https:\/\/actu.fr\/auteur\/emma-ressegaire\" title=\"Consulter tous les articles de Emma Ressegaire\" rel=\"nofollow noopener\" target=\"_blank\">Emma Ressegaire<\/a><br \/>\n        <\/strong><\/p>\n<p>        Publi\u00e9 le<\/p>\n<p>            7 ao\u00fbt 2025 \u00e0 17h27        <\/p>\n<p>En heure de pointe, mais pas seulement, les <strong>voitures s\u2019accumulent<\/strong> sur le boulevard des Tch\u00e9coslovaques dans le 7\u1d49 arrondissement de <a href=\"https:\/\/actu.fr\/lyon\/\" rel=\"nofollow noopener\" target=\"_blank\">Lyon<\/a>. Cette fois-ci et contrairement \u00e0 ce que l\u2019on pourrait penser, les travaux ne sont pas la raison de ces embouteillages : ils sont plut\u00f4t dus \u00e0 un<strong> feu tricolore<\/strong>. En effet, devant le groupe scolaire Chevreul Lestonnac, se trouve un feu de signalisation qui n\u2019a, \u00e0 premi\u00e8re vue, aucune utilit\u00e9. Il n\u2019y a <strong>pas de croisement ni de passage pi\u00e9ton<\/strong>. C\u2019est \u00e0 se demander quelle est la raison de son emplacement ici. De plus, il y a m\u00eame un feu <strong>sp\u00e9cialement pour les bus<\/strong>, mais\u00a0le probl\u00e8me est qu\u2019il n\u2019y a pas de couloir r\u00e9serv\u00e9 \u00e0 ce moyen de transport\u2026<\/p>\n<p>Un r\u00e9am\u00e9nagement du quartier<\/p>\n<p class=\" wall-content\">Remontons quelques mois plus t\u00f4t. En 2024, la cr\u00e9ation de <strong>la voie lyonnaise 2<\/strong> a conduit \u00e0 un <strong>r\u00e9am\u00e9nagement <\/strong>du quartier et notamment de la contre-all\u00e9e du boulevard des Tch\u00e9coslovaques entre la grande rue de la Guilloti\u00e8re et le cours Gambetta. Alors qu\u2019une piste cyclable a \u00e9t\u00e9 cr\u00e9\u00e9e, la voie pour les voitures a \u00e9t\u00e9 supprim\u00e9e.<\/p>\n<p class=\" wall-content\">Par cons\u00e9quent, plus aucun v\u00e9hicule ne peut d\u00e9sormais rouler sur la contre-all\u00e9e. <strong>Les croisements de v\u00e9hicules<\/strong> ne peuvent donc plus avoir lieu.\u00a0<\/p>\n<p class=\" wall-content\">Le feu de signalisation \u00e9tait donc utile autrefois, mais il est devenu obsol\u00e8te aujourd\u2019hui.<\/p>\n<p>    <a href=\"https:\/\/www.google.com\/maps\/embed?pb=!1m18!1m12!1m3!1d5568.210431806075!2d4.856594011440424!3d45.74903657095945!2m3!1f0!2f0!3f0!3m2!1i1024!2i768!4f13.1!3m3!1m2!1s0x47f4ea6e027e2d27%3A0xf7ca68fc77aa7f29!2s4%20Bd%20des%20Tch%C3%A9coslovaques%2C%2069007%20Lyon!5e0!3m2!1sfr!2sfr!4v1754485253298!5m2!1sfr!2sfr\" title=\"Ouvrie le lien\" rel=\"nofollow noopener\" target=\"_blank\">Cliquez ici pour visualiser le contenu<\/a><\/p>\n<p>Anticipation d\u2019une ligne de bus<\/p>\n<p class=\" wall-content\">Faut-il envisager de supprimer ce feu tricolore pour fluidifier le trafic ? Contact\u00e9e par actu Lyon, la M\u00e9tropole de Lyon indique \u00ab\u00a0que l\u2019am\u00e9nagement global ne restera pas ainsi en phase d\u00e9finitive, une intervention Sytral est \u00e0 venir\u00a0\u00bb.<\/p>\n<p class=\" wall-content\">Selon la collectivit\u00e9, ce feu tricolore aurait \u00e9t\u00e9 install\u00e9 en vue de la cr\u00e9ation d\u2019un couloir de bus pour la ligne C25.\u00a0<\/p>\n<p class=\" wall-content\">Suivez toute l\u2019actualit\u00e9 de vos villes et m\u00e9dias favoris en vous inscrivant \u00e0 <a href=\"https:\/\/moncompte.actu.fr\" title=\"D\u00e9couvez Mon Actu\" rel=\"nofollow noopener\" data-trk=\"{&quot;cta&quot;:{&quot;action&quot;:&quot;https:\\\/\\\/moncompte.actu.fr&quot;,&quot;category&quot;:&quot;mon compte&quot;,&quot;from&quot;:&quot;article footer&quot;,&quot;name&quot;:&quot;Mon actu&quot;,&quot;type&quot;:&quot;cta&quot;}}\" target=\"_blank\">Mon Actu<\/a>.<\/p>\n","protected":false},"excerpt":{"rendered":"Par Emma Ressegaire Publi\u00e9 le 7 ao\u00fbt 2025 \u00e0 17h27 En heure de pointe, mais pas seulement, les&hellip;\n","protected":false},"author":2,"featured_media":303099,"comment_status":"","ping_status":"","sticky":false,"template":"","format":"standard","meta":{"footnotes":""},"categories":[1889],"tags":[1111,11,2430,3542,1777,674,1011,27,2428,12,25,104],"class_list":{"0":"post-303098","1":"post","2":"type-post","3":"status-publish","4":"format-standard","5":"has-post-thumbnail","7":"category-lyon","8":"tag-actu","9":"tag-actualites","10":"tag-auvergne-rhone-alpes","11":"tag-circulation","12":"tag-eu","13":"tag-europe","14":"tag-fr","15":"tag-france","16":"tag-lyon","17":"tag-news","18":"tag-republique-francaise","19":"tag-societe"},"share_on_mastodon":{"url":"https:\/\/pubeurope.com\/@fr\/114988312451138901","error":""},"_links":{"self":[{"href":"https:\/\/www.europesays.com\/fr\/wp-json\/wp\/v2\/posts\/303098","targetHints":{"allow":["GET"]}}],"collection":[{"href":"https:\/\/www.europesays.com\/fr\/wp-json\/wp\/v2\/posts"}],"about":[{"href":"https:\/\/www.europesays.com\/fr\/wp-json\/wp\/v2\/types\/post"}],"author":[{"embeddable":true,"href":"https:\/\/www.europesays.com\/fr\/wp-json\/wp\/v2\/users\/2"}],"replies":[{"embeddable":true,"href":"https:\/\/www.europesays.com\/fr\/wp-json\/wp\/v2\/comments?post=303098"}],"version-history":[{"count":0,"href":"https:\/\/www.europesays.com\/fr\/wp-json\/wp\/v2\/posts\/303098\/revisions"}],"wp:featuredmedia":[{"embeddable":true,"href":"https:\/\/www.europesays.com\/fr\/wp-json\/wp\/v2\/media\/303099"}],"wp:attachment":[{"href":"https:\/\/www.europesays.com\/fr\/wp-json\/wp\/v2\/media?parent=303098"}],"wp:term":[{"taxonomy":"category","embeddable":true,"href":"https:\/\/www.europesays.com\/fr\/wp-json\/wp\/v2\/categories?post=303098"},{"taxonomy":"post_tag","embeddable":true,"href":"https:\/\/www.europesays.com\/fr\/wp-json\/wp\/v2\/tags?post=303098"}],"curies":[{"name":"wp","href":"https:\/\/api.w.org\/{rel}","templated":true}]}}