{"id":303102,"date":"2025-08-07T16:01:10","date_gmt":"2025-08-07T16:01:10","guid":{"rendered":"https:\/\/www.europesays.com\/fr\/303102\/"},"modified":"2025-08-07T16:01:10","modified_gmt":"2025-08-07T16:01:10","slug":"bison-fute-une-circulation-difficile-ce-week-end-des-regions-classees-en-vigilance-rouge","status":"publish","type":"post","link":"https:\/\/www.europesays.com\/fr\/303102\/","title":{"rendered":"Bison fut\u00e9\u00a0: une circulation difficile ce week-end, des r\u00e9gions class\u00e9es en vigilance rouge"},"content":{"rendered":"<p>Durant tout le week-end, la circulation sera difficile sur une grande partie du territoire, du vendredi\u00a08 au dimanche 10\u00a0ao\u00fbt 2025. Les zones qui risquent d\u2019\u00eatre le plus fr\u00e9quent\u00e9es seront l\u2019\u00cele-de-France, et les r\u00e9gions c\u00f4ti\u00e8res, sud-est comme sud-ouest.\u00a0La journ\u00e9e la plus charg\u00e9e du week-end sera le samedi\u00a09, class\u00e9 orange au niveau national dans les deux sens.<\/p>\n<p><strong>Lire aussi\u00a0:<\/strong> <a href=\"https:\/\/www.ouest-france.fr\/leditiondusoir\/2025-07-29\/quel-a-ete-le-plus-long-embouteillage-du-monde-37893694-e542-49f8-93cb-987545d4320f\" target=\"_self\" rel=\"noopener\">Quel a \u00e9t\u00e9 le plus long embouteillage du monde\u00a0?<\/a><\/p>\n<p>Des difficult\u00e9s vendredi<\/p>\n<p>Vendredi\u00a08, la vigilance orange est de mise dans le quart nord-ouest de l\u2019Hexagone, dans le sens des d\u00e9parts, notamment l\u2019A1, l\u2019A11 et la RN165. Certains axes seront aussi fortement emprunt\u00e9s en direction de l\u2019Espagne (A10), de la M\u00e9diterran\u00e9e (A6 et A7) et du Massif central (A71).<\/p>\n<p>Dans la matin\u00e9e, la circulation relativement calme, les premiers ralentissements sur les autoroutes de transit Nord-Sud pourraient appara\u00eetre en milieu de matin\u00e9e, principalement sur les autoroutes A10 et A6 et sur les axes qui y convergent notamment l\u2019A86 et l\u2019A6b. Dans le sens des retours, les principales difficult\u00e9s se concentreront sur les axes au d\u00e9part de la M\u00e9diterran\u00e9e vers l\u2019\u00cele-de-France (A7, A8 et A9). L\u2019acc\u00e8s au tunnel du Mont-Blanc (RN205) sera \u00e9galement tr\u00e8s fortement emprunt\u00e9 depuis l\u2019Italie vers la France.<\/p>\n<p>\n                Nous avons bloqu\u00e9 l\u2019affichage de ce contenu pour respecter vos choix en mati\u00e8re de cookies.<br \/>En cliquant sur \u00abConsulter\u00bb, vous acceptez le d\u00e9p\u00f4t de cookies par des services de r\u00e9seaux sociaux tels que Twitter.<br \/>\n                Consulter\n            <\/p>\n<blockquote class=\"twitter-tweet\" wp_automatic_readability=\"6.7146974063401\">\n<p lang=\"fr\" dir=\"ltr\">??<a href=\"https:\/\/twitter.com\/hashtag\/InfoTrafic?src=hash&amp;ref_src=twsrc%5Etfw\" target=\"_blank\" rel=\"noopener\">#InfoTrafic<\/a> <a href=\"https:\/\/twitter.com\/hashtag\/weekend?src=hash&amp;ref_src=twsrc%5Etfw\" target=\"_blank\" rel=\"noopener\">#weekend<\/a> <a href=\"https:\/\/twitter.com\/hashtag\/vacances?src=hash&amp;ref_src=twsrc%5Etfw\" target=\"_blank\" rel=\"noopener\">#vacances<\/a> <a href=\"https:\/\/twitter.com\/hashtag\/%C3%A9t%C3%A9?src=hash&amp;ref_src=twsrc%5Etfw\" target=\"_blank\" rel=\"noopener\">#\u00e9t\u00e9<\/a> <br \/>La circulation sera difficile sur tout ou partie du territoire, voire tr\u00e8s difficile sur certaines zones <br \/>??Au niveau national, elle sera :<br \/>??Difficile le samedi 09\/08 en sens <a href=\"https:\/\/twitter.com\/hashtag\/d%C3%A9parts?src=hash&amp;ref_src=twsrc%5Etfw\" target=\"_blank\" rel=\"noopener\">#d\u00e9parts<\/a> et <a href=\"https:\/\/twitter.com\/hashtag\/retours?src=hash&amp;ref_src=twsrc%5Etfw\" target=\"_blank\" rel=\"noopener\">#retours<\/a><br \/>D\u00e9tails??<a href=\"https:\/\/t.co\/cngCd01PcL\">https:\/\/t.co\/cngCd01PcL<\/a>????? <a href=\"https:\/\/t.co\/lU7WNIIoEY\">pic.twitter.com\/lU7WNIIoEY<\/a><\/p>\n<p>\u2014 Bison Fut\u00e9 (@BisonFute_MT) <a href=\"https:\/\/twitter.com\/BisonFute_MT\/status\/1953113587431412193?ref_src=twsrc%5Etfw\" target=\"_blank\" rel=\"noopener\">August 6, 2025<\/a><\/p><\/blockquote>\n<p>Une partie de la France annonc\u00e9e en rouge samedi<\/p>\n<p>La circulation samedi sera la plus perturb\u00e9e du week-end.\u00a0Le trafic sera difficile vers le nord-est du pays (A31) et tr\u00e8s difficile vers le Grand-Ouest (A13, A11 et RN165). Des difficult\u00e9s sont aussi pr\u00e9vues sur les axes menant \u00e0 l\u2019Espagne (A10 et A63), vers la M\u00e9diterran\u00e9e (A7, A9 et A61) et vers le Massif central (A20, A71 et A75). <a href=\"https:\/\/vichy.maville.com\/actu\/actudet_-le-collectif-derniere-renovation-bloque-le-tunnel-du-mont-blanc-_54135-5542741_actu.Htm\" target=\"_self\" rel=\"noopener\">L\u2019acc\u00e8s au tunnel du Mont-Blanc<\/a> (RN205) sera \u00e9galement tr\u00e8s difficile depuis la France vers l\u2019Italie.<\/p>\n<p>En \u00cele-de-France, la circulation sera encore dense sur les autoroutes de transit Nord-Sud. <strong>\u00ab\u00a0Les premiers ralentissements pourraient appara\u00eetre aux premi\u00e8res heures de la matin\u00e9e sur les autoroutes A86 et A6b qui convergent vers les autoroutes A10 et A6\u00a0\u00bb<\/strong>, \u00e9crit Bison Fut\u00e9. <strong>\u00ab\u00a0Les premi\u00e8res difficult\u00e9s d\u00e9buteront en tout d\u00e9but de matin\u00e9e. Rapidement, le trafic sur ces axes s\u2019intensifiera nettement et rendra plus difficile la circulation, les difficult\u00e9s atteignant leur maximum en fin de matin\u00e9e\u00a0\u00bb,<\/strong> ajoute l\u2019organisme de pr\u00e9vision, rattach\u00e9 au ministre de l\u2019Int\u00e9rieur. D\u00e8s lors, elles diminueront progressivement et en milieu d\u2019apr\u00e8s-midi, on pourra consid\u00e9rer les difficult\u00e9s de circulation li\u00e9es aux d\u00e9parts termin\u00e9es.<\/p>\n<p>Dans le sens des retours, la circulation sera tr\u00e8s difficile sur les axes rejoignant l\u2019\u00cele-de-France depuis l\u2019Espagne via Bordeaux (A10) et sur ceux traversant le Massif Central (A20, A71 et A75).\u00a0Les autres difficult\u00e9s se rencontreront depuis la M\u00e9diterran\u00e9e vers Lyon (A7), ainsi qu\u2019au d\u00e9part de la Normandie, de la Bretagne et des Pays-de-la-Loire vers l\u2019\u00cele-de-France (A11, RN165 et RN12). L\u2019acc\u00e8s au tunnel du Mont-Blanc (RN205) sera \u00e9galement tr\u00e8s fortement emprunt\u00e9 depuis l\u2019Italie vers la France.<\/p>\n<p><strong>Lire aussi\u00a0:<\/strong> <a href=\"https:\/\/vannes.maville.com\/actu\/actudet_-enquete.-ces-chiffres-qui-illustrent-l-augmentation-du-trafic-routier-depuis-20-ans-dans-le-morbihan-_12-5747116_actu.Htm\" target=\"_self\" rel=\"noopener\">ENQU\u00caTE. Ces chiffres qui illustrent l\u2019augmentation du trafic routier depuis 20\u00a0ans dans le Morbihan<\/a><\/p>\n<p>En \u00cele-de-France, surtout les retours sur l\u2019autoroute A10, sont pr\u00e9vus entre le milieu de l\u2019apr\u00e8s-midi et le d\u00e9but de soir\u00e9e. Des difficult\u00e9s de circulation importantes pourraient y \u00eatre enregistr\u00e9es pendant cette p\u00e9riode.<\/p>\n<p>Un dimanche plus calme<\/p>\n<p>Dans le sens des d\u00e9parts, les difficult\u00e9s se concentreront sur les axes du Sud-Ouest, notamment depuis l\u2019\u00cele-de-France en direction de l\u2019Espagne en passant par Bordeaux (A10), et depuis Bordeaux vers Toulouse (A62). La circulation sera \u00e9galement difficile vers la M\u00e9diterran\u00e9e depuis l\u2019\u00cele-de-France (A6 et A7).<\/p>\n<p><strong>Lire aussi\u00a0:<\/strong> <a href=\"https:\/\/rennes.maville.com\/actu\/actudet_-infographies.-ville-par-ville-combien-de-temps-a-t-on-perdu-dans-les-embouteillages-en-2024-_52674-6624636_actu.Htm\" target=\"_self\" rel=\"noopener\">INFOGRAPHIES. Ville par ville, combien de temps a-t-on perdu dans les embouteillages en 2024\u00a0?<\/a><\/p>\n<p>Dans le sens des retours, la circulation sera difficile depuis la M\u00e9diterran\u00e9e vers l\u2019\u00cele-de-France (A6, A7, A8 et A9), depuis l\u2019Espagne vers l\u2019\u00cele-de-France via Bordeaux (A10) et dans la travers\u00e9e du Massif central (A75). L\u2019acc\u00e8s au tunnel du Mont-Blanc (RN205) sera \u00e9galement fortement emprunt\u00e9 depuis l\u2019Italie vers la France.<\/p>\n<p>\u00a0<\/p>\n<p>\t\t<script async src=\"https:\/\/platform.twitter.com\/widgets.js\" charset=\"utf-8\"><\/script><\/p>\n","protected":false},"excerpt":{"rendered":"Durant tout le week-end, la circulation sera difficile sur une grande partie du territoire, du vendredi\u00a08 au dimanche&hellip;\n","protected":false},"author":2,"featured_media":303103,"comment_status":"","ping_status":"","sticky":false,"template":"","format":"standard","meta":{"footnotes":""},"categories":[1592],"tags":[1111,11,44313,3542,19268,1448,1777,674,1011,27,44314,662,12,626,6099,1306,25,7289,15192,4064],"class_list":{"0":"post-303102","1":"post","2":"type-post","3":"status-publish","4":"format-standard","5":"has-post-thumbnail","7":"category-ile-de-france","8":"tag-actu","9":"tag-actualites","10":"tag-bison","11":"tag-circulation","12":"tag-classees","13":"tag-difficile","14":"tag-eu","15":"tag-europe","16":"tag-fr","17":"tag-france","18":"tag-fute","19":"tag-ile-de-france","20":"tag-news","21":"tag-paris","22":"tag-pontivy","23":"tag-regions","24":"tag-republique-francaise","25":"tag-rouge","26":"tag-vigilance","27":"tag-week-end"},"share_on_mastodon":{"url":"https:\/\/pubeurope.com\/@fr\/114988324191713577","error":""},"_links":{"self":[{"href":"https:\/\/www.europesays.com\/fr\/wp-json\/wp\/v2\/posts\/303102","targetHints":{"allow":["GET"]}}],"collection":[{"href":"https:\/\/www.europesays.com\/fr\/wp-json\/wp\/v2\/posts"}],"about":[{"href":"https:\/\/www.europesays.com\/fr\/wp-json\/wp\/v2\/types\/post"}],"author":[{"embeddable":true,"href":"https:\/\/www.europesays.com\/fr\/wp-json\/wp\/v2\/users\/2"}],"replies":[{"embeddable":true,"href":"https:\/\/www.europesays.com\/fr\/wp-json\/wp\/v2\/comments?post=303102"}],"version-history":[{"count":0,"href":"https:\/\/www.europesays.com\/fr\/wp-json\/wp\/v2\/posts\/303102\/revisions"}],"wp:featuredmedia":[{"embeddable":true,"href":"https:\/\/www.europesays.com\/fr\/wp-json\/wp\/v2\/media\/303103"}],"wp:attachment":[{"href":"https:\/\/www.europesays.com\/fr\/wp-json\/wp\/v2\/media?parent=303102"}],"wp:term":[{"taxonomy":"category","embeddable":true,"href":"https:\/\/www.europesays.com\/fr\/wp-json\/wp\/v2\/categories?post=303102"},{"taxonomy":"post_tag","embeddable":true,"href":"https:\/\/www.europesays.com\/fr\/wp-json\/wp\/v2\/tags?post=303102"}],"curies":[{"name":"wp","href":"https:\/\/api.w.org\/{rel}","templated":true}]}}