{"id":303104,"date":"2025-08-07T16:02:10","date_gmt":"2025-08-07T16:02:10","guid":{"rendered":"https:\/\/www.europesays.com\/fr\/303104\/"},"modified":"2025-08-07T16:02:10","modified_gmt":"2025-08-07T16:02:10","slug":"qui-est-frederique-bredin-candidate-ps-dans-la-deuxieme-circonscription-de-paris","status":"publish","type":"post","link":"https:\/\/www.europesays.com\/fr\/303104\/","title":{"rendered":"Qui est Fr\u00e9d\u00e9rique Bredin, candidate PS dans la deuxi\u00e8me circonscription de Paris ?"},"content":{"rendered":"<p class=\"article__intro\">L&rsquo;ex-ministre de Fran\u00e7ois Mitterand est la seule candidate d\u00e9clar\u00e9e \u00e0 gauche pour la l\u00e9gislative partielle organis\u00e9e dans la deuxi\u00e8me circonscription de Paris. \u00c0 68 ans, elle renoue avec la politique dans un scrutin qui a toujours pench\u00e9 \u00e0 droite.<\/p>\n<p>\n      L\u2019actu des r\u00e9gions\n    <\/p>\n<p>\n      Chaque jour, un tour d\u2019horizon des principales infos de toutes les r\u00e9gions.\n    <\/p>\n<p>    France T\u00e9l\u00e9visions utilise votre adresse e-mail afin de vous envoyer la newsletter \u00ab\u00a0L\u2019actu des r\u00e9gions\u00a0\u00bb. Vous pouvez vous d\u00e9sinscrire \u00e0 tout moment via le lien en bas de cette newsletter. <a target=\"_blank\" href=\"https:\/\/www.francetelevisions.fr\/groupe\/confidentialite\/politique-de-confidentialite\/politique-de-confidentialite-de-france-televisions-6503\" rel=\"nofollow noopener\">Notre politique de confidentialit\u00e9<\/a><\/p>\n<p>\u00ab\u00a0C&rsquo;est la meilleure des candidates pour repr\u00e9senter la gauche\u00a0\u00bb, assure Emma Rafowicz, en charge des \u00e9lections \u00e0 la f\u00e9d\u00e9ration du Parti socialiste (PS) d&rsquo;\u00cele-de-France, \u00e0 l&rsquo;AFP. \u00ab\u00a0Une femme solide et exp\u00e9riment\u00e9e\u00a0\u00bb qui est pour l&rsquo;instant la seule de gauche \u00e0 la <a href=\"https:\/\/france3-regions.franceinfo.fr\/paris-ile-de-france\/paris\/legislative-partielle-a-paris-le-21-et-28-septembre-dates-du-premier-et-le-second-tour-de-l-election-3198441.html\" target=\"_blank\" rel=\"noopener nofollow\">l\u00e9gislative partielle pr\u00e9vue dans la 2e circonscription de Paris les 21 et 28 septembre.<\/a><\/p>\n<p>Le conseil f\u00e9d\u00e9ral parisien du PS a officiellement propos\u00e9 mercredi soir, \u00e0 l&rsquo;unanimit\u00e9, son nom au Bureau national du parti, qui devrait l&rsquo;ent\u00e9riner dans les prochaines semaines. Fr\u00e9d\u00e9rique Bredin, 68 ans, aura fort \u00e0 faire face \u00e0 ses deux adversaires de droite, Rachida Dati et Michel Barnier.<\/p>\n<p>N\u00e9e \u00e0 Paris, Fr\u00e9d\u00e9rique Bredin n&rsquo;est autre que la fille de fille de l&rsquo;acad\u00e9micien, \u00e9crivain et avocat Jean-Denis Bredin. Apr\u00e8s une scolarit\u00e9 dans le 7e arrondissement de Paris, elle int\u00e8gre SciencesPo puis l&rsquo;ENA d&rsquo;o\u00f9 elle sort 7e de sa promotion. Un r\u00e9sultat qui lui permet de rejoindre l&rsquo;Inspection g\u00e9n\u00e9rale des Finances.<\/p>\n<p>En 1986, \u00e0 28 ans, elle entre au cabinet de Jack Lang, alors ministre de la Culture, avant de franchir la porte de l&rsquo;Elys\u00e9e, o\u00f9 elle est en charge des dossiers culturels. Cette proche de Laurent Fabius est ensuite \u00e9lue d\u00e9put\u00e9e de Seine-Maritime (1988-1991, r\u00e9\u00e9lue en 1995 puis en 1997).<\/p>\n<p>Un poste duquel, Fr\u00e9d\u00e9rique Bredin d\u00e9missionne en 1991 quand elle est nomm\u00e9e ministre de la Jeunesse et des Sports dans le gouvernement d&rsquo;Edith Cresson puis de Pierre B\u00e9r\u00e9govoy. En deux ans d&rsquo;exercice, elle promulgue surtout une loi sur la modernisation du sport. Fr\u00e9d\u00e9rique Bredin occupe \u00e9galement deux autres mandats dans sa carri\u00e8re. Celui de maire de F\u00e9camp de 1989 \u00e0 1995, et de d\u00e9put\u00e9e europ\u00e9enne (1994-96) avant de se mettre en retrait de la vie politique.<\/p>\n<p>Fr\u00e9d\u00e9rique Bredin rejoint ensuite le groupe Lagard\u00e8re Media en 2000 o\u00f9 elle occupe le poste de directrice de la strat\u00e9gie et du d\u00e9veloppement. De 2013 \u00e0 2019, elle est nomm\u00e9e pr\u00e9sidente du Centre national du Cin\u00e9ma (CNC). Au cours de son mandat elle refuse de porter la r\u00e9forme du financement du cin\u00e9ma souhait\u00e9e par Emmanuel Macron.<\/p>\n<p>Fr\u00e9d\u00e9rique Bredin soutient Arnaud Montebourg \u00e0 la primaire socialiste organis\u00e9e \u00e0 l&rsquo;occasion de l&rsquo;\u00e9lection pr\u00e9sidentielle de 2012. Un temps jug\u00e9e compatible avec le macronisme, elle faisait partie de ceux dont le nom \u00e9tait \u00e9voqu\u00e9 lors d&rsquo;un remaniement en 2018. <a href=\"https:\/\/france3-regions.franceinfo.fr\/paris-ile-de-france\/paris\/municipales-2026-a-paris-emmanuel-gregoire-designe-candidat-des-socialistes-3180405.html\" target=\"_blank\" rel=\"noopener nofollow\">\u00c0 l&rsquo;occasion de la primaire socialiste pour les municipales de Paris en 2026, Frederique Bredin s&rsquo;affiche en soutien d&rsquo;Emmanuel Gr\u00e9goire<\/a>.<\/p>\n<p>La t\u00e2che s&rsquo;annonce ardue mais pas insurmontable pour Frederique Bredin. Sa suppl\u00e9ante pressentie, Marine Rosset; est l&rsquo;ancienne candidate de la circonscription. Elle avait perdu au second tour aux l\u00e9gislatives de 2024 face \u00e0 Jean Laussucq en recueillant 43,5% des suffrages.<\/p>\n<p>Le d\u00e9put\u00e9 macroniste a depuis \u00e9t\u00e9 d\u00e9clar\u00e9 in\u00e9ligible et d\u00e9missionnaire d&rsquo;office de son mandat le 11 juillet dernier \u00e0 la suite de l&rsquo;invalidation de ses comptes de campagne par le Conseil constitutionnel. Raison de la tenue de cette nouvelle \u00e9lection.<\/p>\n<p>Au cours du scrutin, Marine Rosset r\u00e9alise un score bien meilleur qu&rsquo;aux \u00e9lections de 2022 o\u00f9 elle avait comptabilis\u00e9 seulement 36,61% des suffrages. La diff\u00e9rence s&rsquo;explique par le concours de deux d\u00e9put\u00e9s affili\u00e9s au parti pr\u00e9sidentiel en 2024 qui avaient entra\u00een\u00e9 une dispersion des voix. Le sc\u00e9nario pourrait bien se reproduire \u00e0 nouveau dans cette circonscription historiquement marqu\u00e9e \u00e0 droite.<\/p>\n<p>Cette fois-ci, <a href=\"https:\/\/france3-regions.franceinfo.fr\/paris-ile-de-france\/paris\/legislative-a-paris-michel-barnier-appelle-rachida-dati-a-l-union-3197061.html\" target=\"_blank\" rel=\"noopener nofollow\">Rachida Dati (LR) se pr\u00e9sente malgr\u00e9 l&rsquo;investiture officielle de Michel Barnier par le parti Les R\u00e9publicains.<\/a> Selon un sondage Ifop paru le 21 juillet dernier, les candidats sont dans un mouchoir de poche. Au premier tour, l&rsquo;actuelle ministre de la Culture est donn\u00e9e en t\u00eate (33%) devant un candidat de gauche (30%) suivi de Michel Barnier (28%). Tr\u00e8s loin derri\u00e8re, le candidat Rassemblement national Thierry Mariani pointe \u00e0 8% des suffrages.<\/p>\n","protected":false},"excerpt":{"rendered":"L&rsquo;ex-ministre de Fran\u00e7ois Mitterand est la seule candidate d\u00e9clar\u00e9e \u00e0 gauche pour la l\u00e9gislative partielle organis\u00e9e dans la&hellip;\n","protected":false},"author":2,"featured_media":303105,"comment_status":"","ping_status":"","sticky":false,"template":"","format":"standard","meta":{"footnotes":""},"categories":[1888],"tags":[1111,1928,11,1927,1777,674,1011,27,12,1926,626,1925,25],"class_list":{"0":"post-303104","1":"post","2":"type-post","3":"status-publish","4":"format-standard","5":"has-post-thumbnail","7":"category-paris","8":"tag-actu","9":"tag-actu-paris","10":"tag-actualites","11":"tag-actualites-paris","12":"tag-eu","13":"tag-europe","14":"tag-fr","15":"tag-france","16":"tag-news","17":"tag-news-paris","18":"tag-paris","19":"tag-paris-news","20":"tag-republique-francaise"},"share_on_mastodon":{"url":"https:\/\/pubeurope.com\/@fr\/114988328165734769","error":""},"_links":{"self":[{"href":"https:\/\/www.europesays.com\/fr\/wp-json\/wp\/v2\/posts\/303104","targetHints":{"allow":["GET"]}}],"collection":[{"href":"https:\/\/www.europesays.com\/fr\/wp-json\/wp\/v2\/posts"}],"about":[{"href":"https:\/\/www.europesays.com\/fr\/wp-json\/wp\/v2\/types\/post"}],"author":[{"embeddable":true,"href":"https:\/\/www.europesays.com\/fr\/wp-json\/wp\/v2\/users\/2"}],"replies":[{"embeddable":true,"href":"https:\/\/www.europesays.com\/fr\/wp-json\/wp\/v2\/comments?post=303104"}],"version-history":[{"count":0,"href":"https:\/\/www.europesays.com\/fr\/wp-json\/wp\/v2\/posts\/303104\/revisions"}],"wp:featuredmedia":[{"embeddable":true,"href":"https:\/\/www.europesays.com\/fr\/wp-json\/wp\/v2\/media\/303105"}],"wp:attachment":[{"href":"https:\/\/www.europesays.com\/fr\/wp-json\/wp\/v2\/media?parent=303104"}],"wp:term":[{"taxonomy":"category","embeddable":true,"href":"https:\/\/www.europesays.com\/fr\/wp-json\/wp\/v2\/categories?post=303104"},{"taxonomy":"post_tag","embeddable":true,"href":"https:\/\/www.europesays.com\/fr\/wp-json\/wp\/v2\/tags?post=303104"}],"curies":[{"name":"wp","href":"https:\/\/api.w.org\/{rel}","templated":true}]}}