{"id":303108,"date":"2025-08-07T16:04:09","date_gmt":"2025-08-07T16:04:09","guid":{"rendered":"https:\/\/www.europesays.com\/fr\/303108\/"},"modified":"2025-08-07T16:04:09","modified_gmt":"2025-08-07T16:04:09","slug":"je-ne-suis-pas-cahuzac-a-paris-prison-avec-sursis-et-ineligibilite-pour-un-ex-adjoint-danne-hidalgo","status":"publish","type":"post","link":"https:\/\/www.europesays.com\/fr\/303108\/","title":{"rendered":"\u00ab\u00a0Je ne suis pas Cahuzac\u00a0\u00bb\u00a0: \u00e0 Paris, prison avec sursis et in\u00e9ligibilit\u00e9 pour un ex-adjoint d\u2019Anne Hidalgo"},"content":{"rendered":"<p class=\"paragraph text_align_left lp-f-body-02\">Six mois de prison avec sursis, 5 000 euros d\u2019amende et trois ans d\u2019in\u00e9ligibilit\u00e9 : le tribunal correctionnel de Paris est all\u00e9 au-del\u00e0 des <a href=\"https:\/\/www.leparisien.fr\/paris-75\/paris-une-peine-de-trois-mois-de-prison-avec-sursis-demandee-a-lencontre-de-lex-adjoint-dhidalgo-29-06-2025-PWSFM2ELZVHJHD3OY32RUOFERU.php?ts=1754565888594\" target=\"_blank\" rel=\"noreferrer nofollow noopener\">r\u00e9quisitions du parquet<\/a>, ce jeudi 7 ao\u00fbt, en condamnant Hermano Sanches Ruivo pour abus de confiance et prise ill\u00e9gal d\u2019int\u00e9r\u00eat.<\/p>\n<p class=\"paragraph text_align_left lp-f-body-02\">L\u2019ancien adjoint d\u2019Anne Hidalgo en charge de l\u2019Europe a \u00e9t\u00e9 reconnu coupable d\u2019abus de confiance pour <a href=\"https:\/\/www.leparisien.fr\/paris-75\/paris-un-ancien-adjoint-danne-hidalgo-convoque-devant-la-justice-29-05-2024-IUQKYC237VDH5M2SH3E7VWX3XQ.php?ts=1754565891119\" target=\"_blank\" rel=\"noreferrer nofollow noopener\">des faits remontant au d\u00e9but 2013<\/a>, et de prise ill\u00e9gale d\u2019int\u00e9r\u00eats entre janvier 2015 et octobre 2020.<\/p>\n<p class=\"paragraph text_align_left lp-f-body-02\">Il est reproch\u00e9 \u00e0 cet homme politique, engag\u00e9 depuis 2008 aux c\u00f4t\u00e9s d\u2019abord de Bertrand Delano\u00eb puis d\u2019Anne Hidalgo, d\u2019avoir particip\u00e9 \u00e0 des d\u00e9lib\u00e9rations attribuant des subventions \u00e0 Cap Magellan, une association que lui-m\u00eame avait contribu\u00e9 \u00e0 cr\u00e9er en 1991 et pour laquelle il \u00e9tait devenu consultant r\u00e9mun\u00e9r\u00e9.<\/p>\n<p class=\"paragraph text_align_left lp-f-body-02\">L\u2019<a href=\"https:\/\/www.leparisien.fr\/paris-75\/un-adjoint-danne-hidalgo-soupconne-de-blanchiment-de-fraude-fiscale-09-12-2021-DEVSYPPNZRDR7JHTDYHXWJKBJI.php\" target=\"_blank\" rel=\"noreferrer nofollow noopener\">affaire avait \u00e9clat\u00e9<\/a> en octobre 2021, lorsque ce Franco-Portugais de 59 ans avait \u00e9t\u00e9 plac\u00e9 en garde \u00e0 vue \u00e0 la suite d\u2019une d\u00e9nonciation anonyme pour blanchiment de fraude fiscale. Quelques semaines plus tard, l\u2019\u00e9lu avait d\u00e9missionn\u00e9 de ses fonctions d\u2019adjoint, tout en conservant son si\u00e8ge au conseil du XIVe arrondissement.<\/p>\n<p>La d\u00e9fense fait appel<\/p>\n<p class=\"paragraph text_align_left lp-f-body-02\">Fin juin, le parquet avait requis trois mois de prison avec sursis pour la prise ill\u00e9gale d\u2019int\u00e9r\u00eat, et la relaxe concernant les accusations d\u2019abus de confiance. \u00ab Je suis tr\u00e8s surprise, pour ne pas dire choqu\u00e9e, s\u2019indigne ce jeudi l\u2019avocate d\u2019Hermano Sanches Ruivo, annon\u00e7ant faire appel ce vendredi 8 juillet. Ce proc\u00e8s sert \u00e0 se payer le Portugais de service. Mon client est peut-\u00eatre maladroit mais malhonn\u00eate, s\u00fbrement pas. \u00bb<\/p>\n<p class=\"paragraph text_align_left lp-f-body-02\">\u00ab Je le vis avec un profond sentiment d\u2019injustice. Cette d\u00e9cision est pour moi incompr\u00e9hensible, s\u2019indigne pour sa part l\u2019ancien \u00e9lu socialiste, au Portugal au moment du d\u00e9lib\u00e9r\u00e9. Comment puis-je \u00eatre condamn\u00e9 pour abus de confiance alors qu\u2019aucune structure n\u2019a port\u00e9 plainte, que je n\u2019ai eu aucun b\u00e9n\u00e9fice et que j\u2019ai tout d\u00e9clar\u00e9 ? \u00bb<\/p>\n<p>CAP Magellan au soutien<\/p>\n<p class=\"paragraph text_align_left lp-f-body-02\">L\u2019association CAP Magellan, dont la mission est de faciliter l\u2019acc\u00e8s au travail pour des Fran\u00e7ais et Portugais dans les deux pays, avait renonc\u00e9 \u00e0 son statut de victime. Elle avait m\u00eame adress\u00e9 un courrier au tribunal pour d\u00e9fendre son ancien pr\u00e9sident. \u00ab Hermano Sanches Ruivo n\u2019a, \u00e0 aucun moment, abus\u00e9 de notre confiance, bien au contraire : son action de salari\u00e9 et consultant a permis de d\u00e9velopper notre pr\u00e9sence au Portugal et nous lui maintenons notre totale confiance. \u00bb<\/p>\n<p class=\"paragraph text_align_left lp-f-body-02\">\u00ab Je ne suis pas Cahuzac et ces autres noms. On m\u00e9lange encore des ann\u00e9es o\u00f9 j\u2019\u00e9tais pr\u00e9sident et o\u00f9 je ne l\u2019\u00e9tais plus \u00bb, poursuit ce jeudi Hermano Sanches Ruivo. \u00c0 la barre, en juin dernier, ce dernier avait fait \u00e9tat d\u2019une vie et d\u2019une sant\u00e9 \u00ab clairement marqu\u00e9es \u00bb par cette proc\u00e9dure judiciaire. \u00ab Depuis 2021, j\u2019ai v\u00e9cu des ann\u00e9es d\u2019angoisse, de honte. On a remis en cause ma probit\u00e9, alors que je suis un gar\u00e7on loyal, altruiste et militant \u00bb, plaidait-il.<\/p>\n<p>\u00ab Je n\u2019ai pas eu acc\u00e8s \u00e0 mon dossier pendant plus de trois ans \u00bb<\/p>\n<p class=\"paragraph text_align_left lp-f-body-02\">L\u2019affaire avait d\u00e9but\u00e9 avec un redressement du Tr\u00e9sor public pour des salaires non d\u00e9clar\u00e9s. L\u2019\u00e9lu avait sold\u00e9 sa dette, mais la mairie avait saisi sa commission de d\u00e9ontologie puis d\u00e9clench\u00e9 un article 40, mettant en marche la machine judiciaire. \u00ab Je n\u2019ai pas eu acc\u00e8s \u00e0 mon dossier pendant plus de trois ans et demi \u00bb, d\u00e9nonce cet homme politique qui avait contribu\u00e9 \u00e0 tisser des liens entre Paris et Lisbonne.<\/p>\n<p class=\"paragraph text_align_left lp-f-body-02\">Son avocate voit \u00ab de l\u2019acharnement \u00bb dans un \u00ab dossier venu sur d\u00e9nonciation anonyme \u00bb et \u00ab vide de tout d\u00e9tournement au profit de [son] client \u00bb. Lequel a \u00e9galement \u00e9t\u00e9 condamn\u00e9 \u00e0 verser un euro symbolique de dommages et int\u00e9r\u00eats \u00e0 la Ville de Paris qui s\u2019\u00e9tait constitu\u00e9e partie civile, ainsi que 1 500 euros pour ses frais de justice. L\u2019appel de la d\u00e9fense relancera cette affaire qui a d\u00e9j\u00e0 co\u00fbt\u00e9 \u00e0 Hermano Sanches Ruivo son poste d\u2019adjoint\u2026 Et d\u00e9sormais son \u00e9ligibilit\u00e9 pour les trois ann\u00e9es \u00e0 venir.<\/p>\n","protected":false},"excerpt":{"rendered":"Six mois de prison avec sursis, 5 000 euros d\u2019amende et trois ans d\u2019in\u00e9ligibilit\u00e9 : le tribunal correctionnel&hellip;\n","protected":false},"author":2,"featured_media":212873,"comment_status":"","ping_status":"","sticky":false,"template":"","format":"standard","meta":{"footnotes":""},"categories":[1888],"tags":[11,1777,674,1011,27,1944,12,626,25],"class_list":{"0":"post-303108","1":"post","2":"type-post","3":"status-publish","4":"format-standard","5":"has-post-thumbnail","7":"category-paris","8":"tag-actualites","9":"tag-eu","10":"tag-europe","11":"tag-fr","12":"tag-france","13":"tag-ma-ville","14":"tag-news","15":"tag-paris","16":"tag-republique-francaise"},"share_on_mastodon":{"url":"https:\/\/pubeurope.com\/@fr\/114988336004530051","error":""},"_links":{"self":[{"href":"https:\/\/www.europesays.com\/fr\/wp-json\/wp\/v2\/posts\/303108","targetHints":{"allow":["GET"]}}],"collection":[{"href":"https:\/\/www.europesays.com\/fr\/wp-json\/wp\/v2\/posts"}],"about":[{"href":"https:\/\/www.europesays.com\/fr\/wp-json\/wp\/v2\/types\/post"}],"author":[{"embeddable":true,"href":"https:\/\/www.europesays.com\/fr\/wp-json\/wp\/v2\/users\/2"}],"replies":[{"embeddable":true,"href":"https:\/\/www.europesays.com\/fr\/wp-json\/wp\/v2\/comments?post=303108"}],"version-history":[{"count":0,"href":"https:\/\/www.europesays.com\/fr\/wp-json\/wp\/v2\/posts\/303108\/revisions"}],"wp:featuredmedia":[{"embeddable":true,"href":"https:\/\/www.europesays.com\/fr\/wp-json\/wp\/v2\/media\/212873"}],"wp:attachment":[{"href":"https:\/\/www.europesays.com\/fr\/wp-json\/wp\/v2\/media?parent=303108"}],"wp:term":[{"taxonomy":"category","embeddable":true,"href":"https:\/\/www.europesays.com\/fr\/wp-json\/wp\/v2\/categories?post=303108"},{"taxonomy":"post_tag","embeddable":true,"href":"https:\/\/www.europesays.com\/fr\/wp-json\/wp\/v2\/tags?post=303108"}],"curies":[{"name":"wp","href":"https:\/\/api.w.org\/{rel}","templated":true}]}}