{"id":303109,"date":"2025-08-07T16:05:14","date_gmt":"2025-08-07T16:05:14","guid":{"rendered":"https:\/\/www.europesays.com\/fr\/303109\/"},"modified":"2025-08-07T16:05:14","modified_gmt":"2025-08-07T16:05:14","slug":"le-super-u-de-lavenue-de-paris-a-niort-en-plein-demenagement","status":"publish","type":"post","link":"https:\/\/www.europesays.com\/fr\/303109\/","title":{"rendered":"le Super U de l\u2019avenue de Paris, \u00e0 Niort, en plein d\u00e9m\u00e9nagement"},"content":{"rendered":"<p>De l\u2019avis de certains clients, les rayons du Super U de l\u2019avenue de Paris, \u00e0 Niort, se font un peu plus vides que d\u2019habitude. Et ces m\u00eames clients, mais aussi les gens de passage, peuvent s\u2019\u00e9tonner que d\u00e9sormais, deux enseignes se font face, de chaque c\u00f4t\u00e9 de la rue Edmond-Proust. Pourtant, point d\u2019\u00e9tonnement \u00e0 avoir\u00a0: le Super U va s\u2019installer dans l\u2019ancien Lidl, pendant neuf mois, le temps que son magasin principal <a target=\"_self\" href=\"https:\/\/www.lanouvellerepublique.fr\/niort\/a-niort-les-ambitions-environnementales-d-un-super-u-bientot-totalement-reconstruit-1741617712\" rel=\"noopener\">soit abattu et reb\u00e2ti<\/a>, un peu plus grand&#8230;. <\/p>\n<p>    Cet article a \u00e9t\u00e9 tronqu\u00e9. Abonnez-vous pour lire l&rsquo;article complet sur notre site.<\/p>\n<p style=\"margin: 0 !important; padding: 0 !important; font-size: 12px !important;\">Cet article a \u00e9t\u00e9 tronqu\u00e9. Abonnez-vous pour lire l&rsquo;article complet.<\/p>\n<p>    <a href=\"https:\/\/www.lanouvellerepublique.fr\/abonnements\" style=\"display: inline-block; margin-top: 5px !important; padding: 6px 12px !important; background: #cb1c27; color: white; text-decoration: none; border-radius: 4px; font-size: 12px !important;\" target=\"_blank\" rel=\"noopener\"><br \/>\n      S&rsquo;abonner<br \/>\n    <\/a><\/p>\n","protected":false},"excerpt":{"rendered":"De l\u2019avis de certains clients, les rayons du Super U de l\u2019avenue de Paris, \u00e0 Niort, se font&hellip;\n","protected":false},"author":2,"featured_media":303110,"comment_status":"","ping_status":"","sticky":false,"template":"","format":"standard","meta":{"footnotes":""},"categories":[1888],"tags":[1392,11,215,33,1777,674,1011,27,12,6752,626,5116,25],"class_list":{"0":"post-303109","1":"post","2":"type-post","3":"status-publish","4":"format-standard","5":"has-post-thumbnail","7":"category-paris","8":"tag-a-la-une-local","9":"tag-actualites","10":"tag-commerce","11":"tag-economie","12":"tag-eu","13":"tag-europe","14":"tag-fr","15":"tag-france","16":"tag-news","17":"tag-niort","18":"tag-paris","19":"tag-quartiers","20":"tag-republique-francaise"},"share_on_mastodon":{"url":"https:\/\/pubeurope.com\/@fr\/114988340345808058","error":""},"_links":{"self":[{"href":"https:\/\/www.europesays.com\/fr\/wp-json\/wp\/v2\/posts\/303109","targetHints":{"allow":["GET"]}}],"collection":[{"href":"https:\/\/www.europesays.com\/fr\/wp-json\/wp\/v2\/posts"}],"about":[{"href":"https:\/\/www.europesays.com\/fr\/wp-json\/wp\/v2\/types\/post"}],"author":[{"embeddable":true,"href":"https:\/\/www.europesays.com\/fr\/wp-json\/wp\/v2\/users\/2"}],"replies":[{"embeddable":true,"href":"https:\/\/www.europesays.com\/fr\/wp-json\/wp\/v2\/comments?post=303109"}],"version-history":[{"count":0,"href":"https:\/\/www.europesays.com\/fr\/wp-json\/wp\/v2\/posts\/303109\/revisions"}],"wp:featuredmedia":[{"embeddable":true,"href":"https:\/\/www.europesays.com\/fr\/wp-json\/wp\/v2\/media\/303110"}],"wp:attachment":[{"href":"https:\/\/www.europesays.com\/fr\/wp-json\/wp\/v2\/media?parent=303109"}],"wp:term":[{"taxonomy":"category","embeddable":true,"href":"https:\/\/www.europesays.com\/fr\/wp-json\/wp\/v2\/categories?post=303109"},{"taxonomy":"post_tag","embeddable":true,"href":"https:\/\/www.europesays.com\/fr\/wp-json\/wp\/v2\/tags?post=303109"}],"curies":[{"name":"wp","href":"https:\/\/api.w.org\/{rel}","templated":true}]}}