{"id":303115,"date":"2025-08-07T16:09:11","date_gmt":"2025-08-07T16:09:11","guid":{"rendered":"https:\/\/www.europesays.com\/fr\/303115\/"},"modified":"2025-08-07T16:09:11","modified_gmt":"2025-08-07T16:09:11","slug":"royaume-uni-linterdiction-de-palestine-action-divise-des-manifestants-ages-poursuivis-sous-laccusation-de-terrorisme","status":"publish","type":"post","link":"https:\/\/www.europesays.com\/fr\/303115\/","title":{"rendered":"Royaume-Uni : l\u2019interdiction de Palestine Action divise, des manifestants \u00e2g\u00e9s poursuivis sous l\u2019accusation de terrorisme"},"content":{"rendered":"<p>Londres &#8211; Marji Mansfield, retrait\u00e9e britannique de 68 ans, n\u2019aurait jamais imagin\u00e9 \u00eatre soup\u00e7onn\u00e9e de soutenir le \u00abterrorisme\u00bb. Cette grand-m\u00e8re a \u00e9t\u00e9 arr\u00eat\u00e9e d\u00e9but juillet pour avoir manifest\u00e9 contre l\u2019interdiction de l\u2019organisation Palestine Action.<\/p>\n<p>Cette derni\u00e8re a \u00e9t\u00e9 ajout\u00e9e d\u00e9but juillet \u00e0 la liste des organisations consid\u00e9r\u00e9es comme \u00abterroristes\u00bb au Royaume-Uni, apr\u00e8s des actes de vandalisme perp\u00e9tr\u00e9s par ses militants.<\/p>\n<p>Depuis, le groupe Defend Our Juries organise des manifestations dans le pays pour protester contre l\u2019interdiction gouvernementale, qui a \u00e9t\u00e9 jug\u00e9e \u00abdisproportionn\u00e9e\u00bb par l\u2019ONU. <\/p>\n<p>\u00abC\u2019est un choc terrible d&rsquo;\u00eatre accus\u00e9e d&rsquo;\u00eatre potentiellement une terroriste\u00bb, confie Marji Mansfield, \u00abfi\u00e8re grand-m\u00e8re de sept petit-enfants\u00bb. Elle a \u00e9t\u00e9 arr\u00eat\u00e9e par la police lors d\u2019une manifestation \u00e0 Londres le 5 juillet.<\/p>\n<p>A ce jour, plus de 200 personnes ont \u00e9t\u00e9 interpell\u00e9es, selon Tim Crosland, un repr\u00e9sentant de Defend Our Juries. <\/p>\n<p>Trois personnes ont \u00e9t\u00e9 inculp\u00e9es en vertu de la loi antiterroriste jeudi pour avoir exprim\u00e9 leur soutien au mouvement lors de la m\u00eame manifestation que celle \u00e0 laquelle a particip\u00e9 Mme Mansfield. Une infraction passible de jusqu&rsquo;\u00e0 6 mois de prison. L\u2019appartenance \u00e0 un groupe interdit ou l\u2019incitation \u00e0 le soutenir peut elle valoir jusqu&rsquo;\u00e0 14 ans de prison. <\/p>\n<p>Un nouveau rassemblement est pr\u00e9vu samedi \u00e0 Londres, o\u00f9 les organisateurs attendent plus de 500 personnes. La police a mis en garde les participants contre les \u00abpotentielles cons\u00e9quences p\u00e9nales de leurs actes\u00bb.<\/p>\n<p> \u00abTerrifi\u00e9e\u00bb <\/p>\n<p>Le gouvernement britannique affirme que les sympathisants \u00abne connaissent pas la vraie nature\u00bb de Palestine Action. \u00abCe n\u2019est pas une organisation non violente\u00bb, a assur\u00e9 la ministre de l\u2019Int\u00e9rieur Yvette Cooper, disant disposer d\u2019\u00a0\u00bbinformations inqui\u00e9tantes\u00bb sur ses projets.<\/p>\n<p>La mesure d\u2019interdiction fait l\u2019objet d\u2019une action en justice, lanc\u00e9e par Huda Ammori, cofondatrice en 2020 de ce groupe qui se pr\u00e9sentait comme un \u00abr\u00e9seau d\u2019action directe\u00bb visant \u00e0 d\u00e9noncer \u00abla complicit\u00e9 britannique\u00bb avec l\u2019\u00c9tat d\u2019Isra\u00ebl, en particulier sur la question des ventes d\u2019armes. Une audience doit se tenir en novembre.<\/p>\n<p>La cause palestinienne, Marji Mansfield y est sensible depuis des ann\u00e9es. <\/p>\n<p>Mais surtout depuis la guerre dans la bande de Gaza, d\u00e9clench\u00e9e apr\u00e8s l\u2019attaque sans pr\u00e9c\u00e9dent du Hamas en Isra\u00ebl le 7 octobre 2023 qui a entra\u00een\u00e9 la mort de 1.219 personnes, en majorit\u00e9 des civils, selon un d\u00e9compte de l\u2019AFP r\u00e9alis\u00e9 \u00e0 partir de donn\u00e9es officielles isra\u00e9liennes. Les repr\u00e9sailles isra\u00e9liennes ont depuis fait au moins 61.258 morts \u00e0 Gaza, majoritairement des civils, selon les chiffres du minist\u00e8re de la Sant\u00e9 du Hamas, jug\u00e9s fiables par l\u2019ONU.<\/p>\n<p>L\u2019interdiction de Palestine Action a pouss\u00e9 la retrait\u00e9e \u00e0 se mobiliser. Mais la veille de la manifestation, \u00abj&rsquo;\u00e9tais terrifi\u00e9e\u00bb, se rem\u00e9more cette ex-consultante en banque. <\/p>\n<p>Des images diffus\u00e9es par les m\u00e9dias la montrent en train d&rsquo;\u00eatre soulev\u00e9e par plusieurs policiers, apr\u00e8s avoir refus\u00e9 de se lever. A ses c\u00f4t\u00e9s, une femme de 83 ans.<\/p>\n<p>La suite\u202f? \u00ab12 ou 13 heures de garde \u00e0 vue\u00bb et un contr\u00f4le judiciaire strict. \u00abJe ne peux plus emmener mes petits-enfants au Mus\u00e9e d\u2019histoire naturelle\u00bb, d\u00e9plore-t-elle. \u00abNous sommes juste des gens ordinaires, de milieux diff\u00e9rents (&#8230;) pas des terroristes\u202f!\u00bb <\/p>\n<p> \u00abLibert\u00e9s publiques\u00bb <\/p>\n<p>Malgr\u00e9 tout, elle ne regrette rien. M\u00eame tonalit\u00e9 pour Alice Clack, 49 ans, m\u00e9decin obst\u00e9tricienne arr\u00eat\u00e9e \u00e0 Londres le 19 juillet.<\/p>\n<p>\u00abPersonne ne veut se faire arr\u00eater. Je ressens simplement qu\u2019il y a une responsabilit\u00e9 (&#8230;) pour ceux d\u2019entre nous qui le peuvent\u00bb de manifester, explique-telle, d\u00e9non\u00e7ant une interdiction qui \u00abporte atteinte \u00e0 nos libert\u00e9s publiques\u00bb.<\/p>\n<p>Et elle, qui a travaill\u00e9 pour l\u2019ONG M\u00e9decins sans fronti\u00e8res (MSF), de raconter \u00e0 l\u2019AFP le \u00abd\u00e9go\u00fbt\u00bb et \u00abl\u2019horreur\u00bb qui l&rsquo;\u00e9treignent \u00e0 la vue des images d\u2019enfants palestiniens \u00e9maci\u00e9s. Une \u00abfamine g\u00e9n\u00e9ralis\u00e9e\u00bb menace la bande de Gaza, totalement d\u00e9pendante de l\u2019aide humanitaire, selon l\u2019ONU. <\/p>\n<p>Les manifestants brandissent r\u00e9guli\u00e8rement des pancartes sur lesquelles est inscrit: \u00abJe m\u2019oppose au g\u00e9nocide. Je soutiens Palestine Action\u00bb. Isra\u00ebl rejette de son c\u00f4t\u00e9 les accusations de g\u00e9nocide \u00e0 Gaza, qui se multiplient \u00e0 travers le monde.<\/p>\n<p>\u00abIl y a eu des moments o\u00f9 j&rsquo;\u00e9tais au bord des larmes mais me rappeler pourquoi je le faisais m\u2019a aid\u00e9e \u00e0 rester calme\u00bb, confie Alice Clack sur ses 12 heures de garde \u00e0 vue.<\/p>\n<p>Zahra Ali, 18 ans, \u00e9tudiante en premi\u00e8re ann\u00e9e d\u2019histoire, a aussi \u00e9t\u00e9 arr\u00eat\u00e9e le 19 juillet, puis lib\u00e9r\u00e9e sous contr\u00f4le judiciaire.<\/p>\n<p>\u00abOn est arriv\u00e9 \u00e0 un point o\u00f9 la famine \u00e0 Gaza est d\u00e9go\u00fbtante. Et notre gouvernement ne fait rien\u00bb, s\u2019indigne-t-elle. <\/p>\n<p>S\u2019imaginer en prison, \u00e0 18 ans, \u00abc\u2019est un gros truc\u00bb mais \u00absi des gens de 80 ans peuvent le faire, alors moi aussi\u00bb, dit la jeune femme. Elle ne se consid\u00e8re pas comme une militante mais comme \u00abune personne normale (&#8230;) qui estime que ce que fait notre gouvernement est injuste\u00bb.<\/p>\n<p>Alexandra DEL PERAL<\/p>\n<p>\u00a9 Agence France-Presse<\/p>\n","protected":false},"excerpt":{"rendered":"Londres &#8211; Marji Mansfield, retrait\u00e9e britannique de 68 ans, n\u2019aurait jamais imagin\u00e9 \u00eatre soup\u00e7onn\u00e9e de soutenir le \u00abterrorisme\u00bb.&hellip;\n","protected":false},"author":2,"featured_media":303116,"comment_status":"","ping_status":"","sticky":false,"template":"","format":"standard","meta":{"footnotes":""},"categories":[1588],"tags":[11,1777,674,12,473,1853,1851,1850,1852],"class_list":{"0":"post-303115","1":"post","2":"type-post","3":"status-publish","4":"format-standard","5":"has-post-thumbnail","7":"category-royaume-uni","8":"tag-actualites","9":"tag-eu","10":"tag-europe","11":"tag-news","12":"tag-royaume-uni","13":"tag-royaume-uni-de-grande-bretagne-et-dirlande-du-nord","14":"tag-uk","15":"tag-united-kingdom","16":"tag-united-kingdom-of-great-britain-and-northern-ireland"},"share_on_mastodon":{"url":"https:\/\/pubeurope.com\/@fr\/114988355651550300","error":""},"_links":{"self":[{"href":"https:\/\/www.europesays.com\/fr\/wp-json\/wp\/v2\/posts\/303115","targetHints":{"allow":["GET"]}}],"collection":[{"href":"https:\/\/www.europesays.com\/fr\/wp-json\/wp\/v2\/posts"}],"about":[{"href":"https:\/\/www.europesays.com\/fr\/wp-json\/wp\/v2\/types\/post"}],"author":[{"embeddable":true,"href":"https:\/\/www.europesays.com\/fr\/wp-json\/wp\/v2\/users\/2"}],"replies":[{"embeddable":true,"href":"https:\/\/www.europesays.com\/fr\/wp-json\/wp\/v2\/comments?post=303115"}],"version-history":[{"count":0,"href":"https:\/\/www.europesays.com\/fr\/wp-json\/wp\/v2\/posts\/303115\/revisions"}],"wp:featuredmedia":[{"embeddable":true,"href":"https:\/\/www.europesays.com\/fr\/wp-json\/wp\/v2\/media\/303116"}],"wp:attachment":[{"href":"https:\/\/www.europesays.com\/fr\/wp-json\/wp\/v2\/media?parent=303115"}],"wp:term":[{"taxonomy":"category","embeddable":true,"href":"https:\/\/www.europesays.com\/fr\/wp-json\/wp\/v2\/categories?post=303115"},{"taxonomy":"post_tag","embeddable":true,"href":"https:\/\/www.europesays.com\/fr\/wp-json\/wp\/v2\/tags?post=303115"}],"curies":[{"name":"wp","href":"https:\/\/api.w.org\/{rel}","templated":true}]}}