{"id":303117,"date":"2025-08-07T16:10:11","date_gmt":"2025-08-07T16:10:11","guid":{"rendered":"https:\/\/www.europesays.com\/fr\/303117\/"},"modified":"2025-08-07T16:10:11","modified_gmt":"2025-08-07T16:10:11","slug":"le-rapport-sur-la-protection-du-climat-atteste-du-recul-des-emissions","status":"publish","type":"post","link":"https:\/\/www.europesays.com\/fr\/303117\/","title":{"rendered":"Le rapport sur la protection du climat atteste du recul des \u00e9missions"},"content":{"rendered":"<p>Berlin (d.de) \u2013 Le nouveau rapport sur la protection du climat du gouvernement f\u00e9d\u00e9ral donne un aper\u00e7u des \u00e9volutions actuelles des \u00e9missions nocives, des mesures de protection du climat et de l\u2019\u00e9tat d\u2019avancement des anciens programmes de protection du climat en Allemagne et souligne l\u2019importance des aspects sociaux de la <a href=\"https:\/\/www.deutschland.de\/fr\/topic\/environnement\/terre-et-climat\" target=\"_blank\" rel=\"noreferrer noopener nofollow\">protection du climat<\/a>. Le rapport atteste que les \u00e9missions de gaz \u00e0 effet de serre ont continu\u00e9 \u00e0 baisser en 2024 et que l\u2019Allemagne peut atteindre l\u2019objectif pour le climat de 2030 si elle maintient ses efforts.\u00a0<\/p>\n<p>Les \u00e9missions annuelles totales ont baiss\u00e9 de 3,4\u00a0pour cent en 2024 par rapport \u00e0 l\u2019ann\u00e9e pr\u00e9c\u00e9dente. Les donn\u00e9es de projection actuelles pour 2025 montrent que l\u2019objectif national d\u2019une r\u00e9duction des \u00e9missions d\u2019au moins 65\u00a0pour cent d\u2019ici 2030 par rapport \u00e0 1990 pourrait \u00eatre tout juste atteint avec les mesures existantes. Sans \u00e9tapes suppl\u00e9mentaires, l\u2019objectif de la neutralit\u00e9 en gaz \u00e0 effet de serre pour 2045 reste toutefois hors de port\u00e9e. Le conseil d\u2019experts pour les questions climatiques a soulign\u00e9 que d\u2019autres mesures sont n\u00e9cessaires de toute urgence \u2013 en particulier pour la r\u00e9duction des \u00e9missions dues au transport et dans le domaine des b\u00e2timents.\u00a0<\/p>\n","protected":false},"excerpt":{"rendered":"Berlin (d.de) \u2013 Le nouveau rapport sur la protection du climat du gouvernement f\u00e9d\u00e9ral donne un aper\u00e7u des&hellip;\n","protected":false},"author":2,"featured_media":303118,"comment_status":"","ping_status":"","sticky":false,"template":"","format":"standard","meta":{"footnotes":""},"categories":[1587],"tags":[11,672,1804,1805,1803,1777,674,1801,12,1802],"class_list":{"0":"post-303117","1":"post","2":"type-post","3":"status-publish","4":"format-standard","5":"has-post-thumbnail","7":"category-allemagne","8":"tag-actualites","9":"tag-allemagne","10":"tag-bundesrepublik-deutschland","11":"tag-de","12":"tag-deutschland","13":"tag-eu","14":"tag-europe","15":"tag-germany","16":"tag-news","17":"tag-republique-federale-dallemagne"},"share_on_mastodon":{"url":"https:\/\/pubeurope.com\/@fr\/114988359684854059","error":""},"_links":{"self":[{"href":"https:\/\/www.europesays.com\/fr\/wp-json\/wp\/v2\/posts\/303117","targetHints":{"allow":["GET"]}}],"collection":[{"href":"https:\/\/www.europesays.com\/fr\/wp-json\/wp\/v2\/posts"}],"about":[{"href":"https:\/\/www.europesays.com\/fr\/wp-json\/wp\/v2\/types\/post"}],"author":[{"embeddable":true,"href":"https:\/\/www.europesays.com\/fr\/wp-json\/wp\/v2\/users\/2"}],"replies":[{"embeddable":true,"href":"https:\/\/www.europesays.com\/fr\/wp-json\/wp\/v2\/comments?post=303117"}],"version-history":[{"count":0,"href":"https:\/\/www.europesays.com\/fr\/wp-json\/wp\/v2\/posts\/303117\/revisions"}],"wp:featuredmedia":[{"embeddable":true,"href":"https:\/\/www.europesays.com\/fr\/wp-json\/wp\/v2\/media\/303118"}],"wp:attachment":[{"href":"https:\/\/www.europesays.com\/fr\/wp-json\/wp\/v2\/media?parent=303117"}],"wp:term":[{"taxonomy":"category","embeddable":true,"href":"https:\/\/www.europesays.com\/fr\/wp-json\/wp\/v2\/categories?post=303117"},{"taxonomy":"post_tag","embeddable":true,"href":"https:\/\/www.europesays.com\/fr\/wp-json\/wp\/v2\/tags?post=303117"}],"curies":[{"name":"wp","href":"https:\/\/api.w.org\/{rel}","templated":true}]}}