{"id":303119,"date":"2025-08-07T16:11:09","date_gmt":"2025-08-07T16:11:09","guid":{"rendered":"https:\/\/www.europesays.com\/fr\/303119\/"},"modified":"2025-08-07T16:11:09","modified_gmt":"2025-08-07T16:11:09","slug":"le-parcours-de-konstantin-routier-dans-laisne","status":"publish","type":"post","link":"https:\/\/www.europesays.com\/fr\/303119\/","title":{"rendered":"le parcours de Konstantin, routier dans l&rsquo;Aisne"},"content":{"rendered":"<p>&#13;<br \/>\n\t\u00c0 48 ans, Konstantin Bondarenko est chauffeur routier en France depuis une vingtaine d\u2019ann\u00e9es. Originaire du sud de la Russie, son parcours est atypique. \u00abJe voulais d\u00e9couvrir l\u2019Europe, et je ne pensais pas rester ici&#8230; \u00bb Au d\u00e9but des ann\u00e9es 2000, il voyage, un permis poids lourds en poche. Belgique, Espagne&#8230; Il finit par conduire des camions pour les tourn\u00e9es d\u2019un cirque international.<\/p>\n<p>&#13;<br \/>\n\t\u00abLe plus dur, c\u2019est de savoir ce qui est au masculin ou au f\u00e9minin\u00bb<\/p>\n<p>&#13;<br \/>\n\t\u00ab\u00c0 force d\u2019assister aux r\u00e9p\u00e9titions, je me suis mis \u00e0 faire de la voltige sur des chevaux !\u00bb C\u2019est l\u00e0 qu\u2019il rencontre sa femme. Elle vit en France, il d\u00e9cide de s\u2019y installer. \u00abIl y a eu la barri\u00e8re de la langue, mais elle m\u2019a aid\u00e9, explique celui pour qui le plus important est la volont\u00e9. J\u2019apprenais les mots dans le dictionnaire. Le plus dur, c\u2019est de savoir ce qui est au masculin ou au f\u00e9minin.\u00bb Arrivent les allers-retours entre l\u2019ambassade et la pr\u00e9fecture pour faire renouveler son passeport et obtenir un titre de s\u00e9jour. En 2005, il devient sans trop de mal chauffeur pour livrer les l\u00e9gumes d\u2019une entreprise francilienne. Elle ferme quatre ans plus tard et Konstantin Bondarenko se retrouve au ch\u00f4mage. Il doit passer une certification pour \u00eatre autoris\u00e9 \u00e0 conduire de nouveau. Un d\u00e9fi pour le routier qui ma\u00eetrise mieux le fran\u00e7ais \u00e0 l\u2019oral qu\u2019\u00e0 l\u2019\u00e9crit.<\/p>\n<p>&#13;<br \/>\n\tApr\u00e8s un passage par l\u2019int\u00e9rim, il travaille depuis treize ans dans le groupe Delisle. \u00abLe recrutement de chauffeurs \u00e9trangers n\u2019est pas un moyen de trouver des candidats, indique Vincent Moret, DRH du groupe qui emploie 1427 salari\u00e9s, dont 50 ne sont pas fran\u00e7ais. Nous misons plus sur le bouche-\u00e0-oreille concernant nos conditions de travail.\u00bb Mont\u00e9 en comp\u00e9tence en interne, Konstantin Bondarenko a pu passer du camion b\u00e2ch\u00e9 \u00e0 la citerne. Sur les routes du lundi au vendredi, il livre la production de sucreries du nord de la France \u00e0 des usines agroalimentaires. Et devenir fran\u00e7ais, un jour ? \u00abJe n\u2019ai jamais r\u00e9fl\u00e9chi \u00e0 \u00e7a\u00bb, r\u00e9pond-il. Son titre de s\u00e9jour lui permet de vivre sans difficult\u00e9 dans le pays.\u00a0<\/p>\n<p>&#13;<br \/>\n\t<img decoding=\"async\" alt=\"Couv 3742\" src=\"data:image\/gif;base64,R0lGODdhAQABAPAAAMPDwwAAACwAAAAAAQABAAACAkQBADs=\" data-original=\"https:\/\/www.usinenouvelle.com\/mediatheque\/7\/2\/5\/001526527_illustration_large.jpg\" style=\"height: 194px; width: 150px; margin: 5px; float: left;\"\/><strong>Vous lisez un article du num\u00e9ro 3742 de L&rsquo;Usine Nouvelle &#8211; Mai 2025<\/strong><br \/>&#13;<br \/>\n\t<strong><a href=\"https:\/\/www.usinenouvelle.com\/l-usine-nouvelle-du-5-mai-2025-n3742,7603\" target=\"_blank\" rel=\"noopener\">Lire le sommaire<\/a><\/strong><\/p>\n<p>&#13;<br \/>\n\t\u00a0<\/p>\n<p>&#13;<br \/>\n\t\u00a0<\/p>\n<p class=\"editoTitleType1 editoTitleType1--lagoon is-uppercase\">S\u00e9lectionn\u00e9 <b>pour vous<\/b><\/p>\n<p>                                                                            <a class=\"editoCardType21__link editoCardType21__containerImage\" href=\"https:\/\/www.usinenouvelle.com\/article\/tourisme-fluvial-et-decarbonation-boostent-l-activite-des-chantiers-navals-le-long-de-la-seine.N2226813\" data-xiti-name=\"2226813\" target=\"_blank\" rel=\"noopener\"><\/p>\n<p>                                                                                                                                                    <img decoding=\"async\" src=\"data:image\/gif;base64,R0lGODdhAQABAPAAAMPDwwAAACwAAAAAAQABAAACAkQBADs=\" data-original=\"\/mediatheque\/2\/0\/3\/001522302_256x170_c.jpg\" alt=\"Tourisme fluvial et d\u00e9carbonation boostent l'activit\u00e9 des chantiers navals le long de la Seine\"\/><\/p>\n<p>                            <\/a><\/p>\n","protected":false},"excerpt":{"rendered":"&#13; \u00c0 48 ans, Konstantin Bondarenko est chauffeur routier en France depuis une vingtaine d\u2019ann\u00e9es. Originaire du sud&hellip;\n","protected":false},"author":2,"featured_media":303120,"comment_status":"","ping_status":"","sticky":false,"template":"","format":"standard","meta":{"footnotes":""},"categories":[1586],"tags":[11,1777,674,1011,27,811,2726,14883,12,9026,25,2725],"class_list":{"0":"post-303119","1":"post","2":"type-post","3":"status-publish","4":"format-standard","5":"has-post-thumbnail","7":"category-europe","8":"tag-actualites","9":"tag-eu","10":"tag-europe","11":"tag-fr","12":"tag-france","13":"tag-hauts-de-france","14":"tag-logistique","15":"tag-made-in-france","16":"tag-news","17":"tag-portrait","18":"tag-republique-francaise","19":"tag-transports-et-logistiq"},"share_on_mastodon":{"url":"https:\/\/pubeurope.com\/@fr\/114988363716785906","error":""},"_links":{"self":[{"href":"https:\/\/www.europesays.com\/fr\/wp-json\/wp\/v2\/posts\/303119","targetHints":{"allow":["GET"]}}],"collection":[{"href":"https:\/\/www.europesays.com\/fr\/wp-json\/wp\/v2\/posts"}],"about":[{"href":"https:\/\/www.europesays.com\/fr\/wp-json\/wp\/v2\/types\/post"}],"author":[{"embeddable":true,"href":"https:\/\/www.europesays.com\/fr\/wp-json\/wp\/v2\/users\/2"}],"replies":[{"embeddable":true,"href":"https:\/\/www.europesays.com\/fr\/wp-json\/wp\/v2\/comments?post=303119"}],"version-history":[{"count":0,"href":"https:\/\/www.europesays.com\/fr\/wp-json\/wp\/v2\/posts\/303119\/revisions"}],"wp:featuredmedia":[{"embeddable":true,"href":"https:\/\/www.europesays.com\/fr\/wp-json\/wp\/v2\/media\/303120"}],"wp:attachment":[{"href":"https:\/\/www.europesays.com\/fr\/wp-json\/wp\/v2\/media?parent=303119"}],"wp:term":[{"taxonomy":"category","embeddable":true,"href":"https:\/\/www.europesays.com\/fr\/wp-json\/wp\/v2\/categories?post=303119"},{"taxonomy":"post_tag","embeddable":true,"href":"https:\/\/www.europesays.com\/fr\/wp-json\/wp\/v2\/tags?post=303119"}],"curies":[{"name":"wp","href":"https:\/\/api.w.org\/{rel}","templated":true}]}}