{"id":303121,"date":"2025-08-07T16:12:16","date_gmt":"2025-08-07T16:12:16","guid":{"rendered":"https:\/\/www.europesays.com\/fr\/303121\/"},"modified":"2025-08-07T16:12:16","modified_gmt":"2025-08-07T16:12:16","slug":"etias-le-prix-de-la-prochaine-autorisation-de-voyage-electronique-pour-entrer-en-europe-passe-a-20-e","status":"publish","type":"post","link":"https:\/\/www.europesays.com\/fr\/303121\/","title":{"rendered":"ETIAS : le prix de la prochaine autorisation de voyage \u00e9lectronique pour entrer en Europe passe \u00e0 20\u202f\u20ac"},"content":{"rendered":"<p style=\"font-size:25px\"><strong>Le prix de l\u2019autorisation de voyage \u00e9lectronique ETIAS, attendue pour fin 2026, passe de 7\u202f\u20ac \u00e0 20\u202f\u20ac. Cette d\u00e9cision de la Commission europ\u00e9enne vise \u00e0 couvrir les co\u00fbts du syst\u00e8me et \u00e0 l\u2019aligner sur les standards internationaux. Plusieurs acteurs du tourisme europ\u00e9en expriment toutefois leurs r\u00e9serves\u2026<\/strong><\/p>\n<p>Le 17 juillet 2025, la Commission europ\u00e9enne a annonc\u00e9 que <strong>le prix de l\u2019ETIAS s\u2019\u00e9l\u00e8verait finalement \u00e0 20\u202f\u20ac<\/strong> lors de son entr\u00e9e en vigueur. <a href=\"https:\/\/visasnews.com\/vers-une-augmentation-du-prix-de-letias-avant-meme-son-entree-en-vigueur\/\" target=\"_blank\" rel=\"noreferrer noopener nofollow\">Envisag\u00e9e depuis quelques mois<\/a>, cette augmentation tarifaire est d\u00e9sormais clairement indiqu\u00e9e sur le portail officiel de demande de la future autorisation de voyage \u00e9lectronique : <a href=\"https:\/\/travel-europe.europa.eu\/etias\" target=\"_blank\" rel=\"noreferrer noopener nofollow\">travel-europe.europa.eu\/etias<\/a>.<\/p>\n<p><strong>Initialement fix\u00e9 \u00e0 7\u202f\u20ac<\/strong> dans les premi\u00e8res communications autour du projet, ce montant s\u2019appliquera au moment de l\u2019entr\u00e9e en vigueur du syst\u00e8me, pr\u00e9vue pour le <strong>dernier trimestre 2026<\/strong>.<\/p>\n<p>L\u2019ETIAS (European Travel Information and Authorisation System) concernera les ressortissants de pays dispens\u00e9s de visa souhaitant voyager dans <a href=\"https:\/\/visasnews.com\/europe\/europe-schengen\/\" target=\"_blank\" rel=\"noreferrer noopener nofollow\">l\u2019espace Schengen<\/a> pour des courts s\u00e9jours (jusqu\u2019\u00e0 90 jours sur une p\u00e9riode de 180 jours). L\u2019autorisation sera <strong>valable trois ans<\/strong>, ou jusqu\u2019\u00e0 expiration du passeport.<\/p>\n<p><strong>Une hausse du prix de l\u2019ETIAS pour <\/strong><strong>\u00ab\u00a0couvrir les co\u00fbts op\u00e9rationnels du syst\u00e8me<\/strong>\u00ab\u00a0<\/p>\n<p>Dans sa <a href=\"https:\/\/travel-europe.europa.eu\/etias\/ltr\/about-etias\/news-corner\/ETIAS-will-cost-EUR-20\" target=\"_blank\" rel=\"noreferrer noopener nofollow\">communication officielle<\/a>, la Commission justifie notamment cette augmentation par la n\u00e9cessit\u00e9 de garantir le <strong>fonctionnement efficace et durable du syst\u00e8me<\/strong>.<\/p>\n<p>\u00ab\u00a0Cette augmentation vise \u00e0 couvrir les co\u00fbts op\u00e9rationnels du syst\u00e8me europ\u00e9en d\u2019information et d\u2019autorisation concernant les voyages (ETIAS), compte tenu de la hausse de l\u2019inflation depuis la fixation des frais pr\u00e9c\u00e9dents et des fonctionnalit\u00e9s accrues du syst\u00e8me\u00a0\u00bb, annoncent les autorit\u00e9s europ\u00e9ennes.<\/p>\n<p>La Commission pr\u00e9cise \u00e9galement que <strong>certaines cat\u00e9gories de voyageurs resteront exempt\u00e9es du paiement<\/strong>, notamment les mineurs, les personnes de plus de 70 ans et certains membres de famille de citoyens europ\u00e9ens.<\/p>\n<p><strong>Une comparaison internationale assum\u00e9e<\/strong><\/p>\n<p>La Direction g\u00e9n\u00e9rale des migrations et des affaires int\u00e9rieures d\u00e9taille aussi que cette mesure \u00ab\u00a0alignera \u00e9galement les frais sur ceux d\u2019autres programmes d\u2019autorisation de voyage similaires, tels que l\u2019ETA britannique et l\u2019ESTA am\u00e9ricain\u00a0\u00bb.<\/p>\n<p>Le tableau ci-dessous permet de <strong>situer l\u2019ETIAS dans le paysage international des autorisations de voyage \u00e9lectroniques<\/strong> pour les voyageurs exempt\u00e9s de visa :<\/p>\n<tr>Syst\u00e8mePrixValidit\u00e9<\/tr>\n<tr>\n<td><strong>ETIAS (UE)<\/strong><\/td>\n<td>20\u202f\u20ac<\/td>\n<td>3 ans<\/td>\n<\/tr>\n<tr>\n<td><strong>ESTA (\u00c9tats-Unis)<\/strong><\/td>\n<td>21 USD (\u2243 18 \u20ac)<\/td>\n<td>2 ans<\/td>\n<\/tr>\n<tr>\n<td><strong>ETA (Royaume-Uni)<\/strong><\/td>\n<td>16 GBP (\u2243 18 \u20ac)<\/td>\n<td>2 ans<\/td>\n<\/tr>\n<tr>\n<td><strong>AVE (Canada)<\/strong><\/td>\n<td>7 CAD (\u2243 5 \u20ac)<\/td>\n<td>5 ans<\/td>\n<\/tr>\n<tr>\n<td><strong>K-ETA (Cor\u00e9e du Sud)<\/strong><\/td>\n<td>10 000 KRW (\u2243 7 \u20ac)<\/td>\n<td>3 ans<\/td>\n<\/tr>\n<tr>\n<td><strong>ETA-IL (Isra\u00ebl)<\/strong><\/td>\n<td>25 \u20aa (\u2243 7 \u20ac)<\/td>\n<td>2 ans<\/td>\n<\/tr>\n<tr>\n<td><strong>NZeTA (Nouvelle-Z\u00e9lande)<\/strong><\/td>\n<td>117 NZD (\u2243 60 \u20ac)<\/td>\n<td>2 ans<\/td>\n<\/tr>\n<tr>\n<td><strong>eVisitor (Australie)<\/strong><\/td>\n<td>Gratuit<\/td>\n<td>1 an<\/td>\n<\/tr>\n<p><strong>Une mesure d\u00e9j\u00e0 critiqu\u00e9e par le secteur du tourisme<\/strong><\/p>\n<p>Dans un r\u00e9cent <a href=\"https:\/\/www.etoa.org\/wp-content\/uploads\/Press-release-Travel-and-tourism-sector-raises-concern-over-proposed-ETIAS-fee-increase-24-July-2025.pdf\" target=\"_blank\" rel=\"noreferrer noopener nofollow\">communiqu\u00e9<\/a>, plusieurs organisations repr\u00e9sentatives du secteur europ\u00e9en du tourisme ont exprim\u00e9 leur <strong>inqui\u00e9tude quant aux cons\u00e9quences de cette hausse<\/strong>. Parmi les signataires figurent notamment ETOA, HOTREC, A4E, IAAPA et IRU.<\/p>\n<p>\u00ab\u00a0La hausse des redevances propos\u00e9e soul\u00e8ve des questions quant \u00e0 sa proportionnalit\u00e9 et son \u00e9quit\u00e9, \u00e0 un moment o\u00f9 le secteur touristique europ\u00e9en continue de subir les pressions combin\u00e9es de l\u2019instabilit\u00e9 g\u00e9opolitique, d\u2019une inflation \u00e9lev\u00e9e et de la hausse des co\u00fbts op\u00e9rationnels\u00a0\u00bb, indique le communiqu\u00e9.<\/p>\n<p>Les professionnels du secteur du tourisme en Europe pr\u00e9cisent que \u00ab\u00a0cette augmentation semble disproportionn\u00e9e et va \u00e0 l\u2019encontre de l\u2019intention initiale des col\u00e9gislateurs (Parlement europ\u00e9en et Conseil), qui s\u2019\u00e9taient mis d\u2019accord sur une redevance modeste et raisonnable lors des n\u00e9gociations de 2018, un r\u00e9sultat essentiel soutenu par le secteur du voyage et du tourisme\u00a0\u00bb.<\/p>\n<p>Leur position repose sur plusieurs points :<\/p>\n<ul class=\"wp-block-list\">\n<li>Le tarif de 20\u202f\u20ac est consid\u00e9r\u00e9 comme <strong>\u00e9lev\u00e9 au regard du compromis initial de 7\u202f\u20ac n\u00e9goci\u00e9 en 2018<\/strong>.<\/li>\n<li>Le manque de transparence est soulign\u00e9 : <strong>aucune \u00e9valuation d\u2019impact publique ni comparaison avec des alternatives tarifaires<\/strong> interm\u00e9diaires (par exemple 10 ou 12\u202f\u20ac) n\u2019a \u00e9t\u00e9 pr\u00e9sent\u00e9e.<\/li>\n<li>Les organisations demandent que les recettes exc\u00e9dentaires g\u00e9n\u00e9r\u00e9es par l\u2019ETIAS soient <strong>r\u00e9investies dans des projets li\u00e9s au tourisme<\/strong>, comme les infrastructures ou la formation.<\/li>\n<\/ul>\n<p><strong>Un syst\u00e8me en construction, entre efficacit\u00e9 et acceptabilit\u00e9<\/strong><\/p>\n<p>Avec un tarif d\u00e9sormais fix\u00e9 \u00e0 20\u202f\u20ac, l\u2019ETIAS entre dans une nouvelle phase de son d\u00e9veloppement.<\/p>\n<p>Si ses objectifs sont clairs, s\u00e9curisation des fronti\u00e8res, harmonisation des proc\u00e9dures, autofinancement, sa mise en \u0153uvre devra encore convaincre sur plusieurs fronts. L\u2019acceptabilit\u00e9 de la mesure par les voyageurs, la fluidit\u00e9 du processus d\u2019enregistrement, ainsi que la r\u00e9partition \u00e9quitable des recettes g\u00e9n\u00e9r\u00e9es figureront parmi les indicateurs cl\u00e9s de succ\u00e8s.<\/p>\n<p>Alors que l\u2019\u00e9ch\u00e9ance approche, le dialogue entre institutions europ\u00e9ennes et professionnels du secteur s\u2019annonce crucial. L\u2019ETIAS ne sera pas seulement un outil technique de contr\u00f4le, mais un nouveau point de contact entre l\u2019Europe et ceux qui la visitent. Il lui appartiendra de conjuguer rigueur et hospitalit\u00e9.<\/p>\n","protected":false},"excerpt":{"rendered":"Le prix de l\u2019autorisation de voyage \u00e9lectronique ETIAS, attendue pour fin 2026, passe de 7\u202f\u20ac \u00e0 20\u202f\u20ac. Cette&hellip;\n","protected":false},"author":2,"featured_media":303122,"comment_status":"","ping_status":"","sticky":false,"template":"","format":"standard","meta":{"footnotes":""},"categories":[1586],"tags":[11,44318,1777,674,1779,1011,27,12,25,1778,364],"class_list":{"0":"post-303121","1":"post","2":"type-post","3":"status-publish","4":"format-standard","5":"has-post-thumbnail","7":"category-europe","8":"tag-actualites","9":"tag-etias","10":"tag-eu","11":"tag-europe","12":"tag-european-union","13":"tag-fr","14":"tag-france","15":"tag-news","16":"tag-republique-francaise","17":"tag-ue","18":"tag-union-europeenne"},"share_on_mastodon":{"url":"https:\/\/pubeurope.com\/@fr\/114988367501602163","error":""},"_links":{"self":[{"href":"https:\/\/www.europesays.com\/fr\/wp-json\/wp\/v2\/posts\/303121","targetHints":{"allow":["GET"]}}],"collection":[{"href":"https:\/\/www.europesays.com\/fr\/wp-json\/wp\/v2\/posts"}],"about":[{"href":"https:\/\/www.europesays.com\/fr\/wp-json\/wp\/v2\/types\/post"}],"author":[{"embeddable":true,"href":"https:\/\/www.europesays.com\/fr\/wp-json\/wp\/v2\/users\/2"}],"replies":[{"embeddable":true,"href":"https:\/\/www.europesays.com\/fr\/wp-json\/wp\/v2\/comments?post=303121"}],"version-history":[{"count":0,"href":"https:\/\/www.europesays.com\/fr\/wp-json\/wp\/v2\/posts\/303121\/revisions"}],"wp:featuredmedia":[{"embeddable":true,"href":"https:\/\/www.europesays.com\/fr\/wp-json\/wp\/v2\/media\/303122"}],"wp:attachment":[{"href":"https:\/\/www.europesays.com\/fr\/wp-json\/wp\/v2\/media?parent=303121"}],"wp:term":[{"taxonomy":"category","embeddable":true,"href":"https:\/\/www.europesays.com\/fr\/wp-json\/wp\/v2\/categories?post=303121"},{"taxonomy":"post_tag","embeddable":true,"href":"https:\/\/www.europesays.com\/fr\/wp-json\/wp\/v2\/tags?post=303121"}],"curies":[{"name":"wp","href":"https:\/\/api.w.org\/{rel}","templated":true}]}}